{"id":7679,"date":"2023-02-13T12:52:23","date_gmt":"2023-02-13T12:52:23","guid":{"rendered":"https:\/\/framtidenskarriar.se\/itdata\/?p=7679"},"modified":"2023-02-14T12:35:01","modified_gmt":"2023-02-14T12:35:01","slug":"krav-pa-kvalitet-och-teknisk-formaga-i-forsvarssektorn","status":"publish","type":"post","link":"https:\/\/framtidenskarriar.se\/itdata\/2023\/02\/13\/krav-pa-kvalitet-och-teknisk-formaga-i-forsvarssektorn\/","title":{"rendered":"Krav p\u00e5 kvalitet och teknisk f\u00f6rm\u00e5ga i f\u00f6rsvarssektorn"},"content":{"rendered":"\n<figure class=\"wp-block-image size-full\"><img loading=\"lazy\" decoding=\"async\" width=\"1000\" height=\"635\" src=\"https:\/\/framtidenskarriar.se\/itdata\/wp-content\/uploads\/sites\/13\/2023\/02\/forsvar-20230202-120855-bae-11615-1.jpg\" alt=\"\" class=\"wp-image-7680\" srcset=\"https:\/\/framtidenskarriar.se\/itdata\/wp-content\/uploads\/sites\/13\/2023\/02\/forsvar-20230202-120855-bae-11615-1.jpg 1000w, https:\/\/framtidenskarriar.se\/itdata\/wp-content\/uploads\/sites\/13\/2023\/02\/forsvar-20230202-120855-bae-11615-1-300x191.jpg 300w, https:\/\/framtidenskarriar.se\/itdata\/wp-content\/uploads\/sites\/13\/2023\/02\/forsvar-20230202-120855-bae-11615-1-768x488.jpg 768w, https:\/\/framtidenskarriar.se\/itdata\/wp-content\/uploads\/sites\/13\/2023\/02\/forsvar-20230202-120855-bae-11615-1-252x160.jpg 252w, https:\/\/framtidenskarriar.se\/itdata\/wp-content\/uploads\/sites\/13\/2023\/02\/forsvar-20230202-120855-bae-11615-1-526x334.jpg 526w, https:\/\/framtidenskarriar.se\/itdata\/wp-content\/uploads\/sites\/13\/2023\/02\/forsvar-20230202-120855-bae-11615-1-720x457.jpg 720w, https:\/\/framtidenskarriar.se\/itdata\/wp-content\/uploads\/sites\/13\/2023\/02\/forsvar-20230202-120855-bae-11615-1-960x610.jpg 960w\" sizes=\"auto, (max-width: 1000px) 100vw, 1000px\" \/><figcaption class=\"wp-element-caption\">Kalle Hagstr\u00f6m, ansvarig f\u00f6r Information Management &amp; Technology p\u00e5 BAE Systems i Sverige. Foto: Jonas Forsberg<\/figcaption><\/figure>\n\n\n\n<p><strong>83 procent av dataingenj\u00f6rerna och systemvetarna kan t\u00e4nka sig att arbeta inom f\u00f6rsvarssektorn med it, digitalisering, teknikutveckling eller s\u00e4kerhet. Verksamheter som utg\u00f6r teknikutvecklingens absoluta spjutspets och h\u00f6gt st\u00e4llda krav p\u00e5 kvalitet, cybers\u00e4kerhet och funktionalitet i v\u00e4rldsklass bidrar till f\u00f6rsvarssektorns attraktivitet.<\/strong><\/p>\n\n\n\n<p>\u2013 Det \u00e4r fullt f\u00f6rst\u00e5eligt att s\u00e5 m\u00e5nga it-akademiker \u00e4r intresserade av en karri\u00e4r i f\u00f6rsvarssektorn. F\u00f6rsvarsindustrin \u00e4r en intressant och dynamisk sektor som dagligen hanterar komplexa fr\u00e5gest\u00e4llningar och verkar i den internationella teknikutvecklingens absoluta framkant. I v\u00e5r industri kombineras en h\u00f6g digitaliseringstakt med h\u00f6gt st\u00e4llda cybers\u00e4kerhetskrav, s\u00e4ger Kalle Hagstr\u00f6m, ansvarig f\u00f6r Information Management &amp; Technology p\u00e5 BAE Systems i Sverige. Han \u00e4r civilingenj\u00f6r i datavetenskap och kombinerar fr\u00e5gest\u00e4llningar kring cybers\u00e4kerhet, verksamhetsutveckling och strategiska digitaliseringsinitiativ i sin nuvarande roll.<\/p>\n\n\n\n<blockquote class=\"wp-block-quote is-layout-flow wp-block-quote-is-layout-flow\">\n<p>&#8221;F\u00f6rsvarsindustrin \u00e4r en intressant och dynamisk sektor som dagligen hanterar komplexa fr\u00e5gest\u00e4llningar.&#8221;<\/p>\n<\/blockquote>\n\n\n\n<p><strong>H\u00f6gteknologiska produkter<\/strong><br>En faktor som utm\u00e4rker f\u00f6rsvarsindustrin \u00e4r m\u00f6jligheten att vara delaktig fr\u00e5n ax till limpa i utvecklingen av nya h\u00f6gteknologiska produkter.<br>Bred samverkan och hantering av kravst\u00e4llningar med h\u00f6gt st\u00e4llda krav p\u00e5 precision, s\u00e4kerhet och teknisk f\u00f6rm\u00e5ga fr\u00e5n s\u00e5v\u00e4l interna som externa parter, ofta i form av nationer fr\u00e5n hela v\u00e4rlden, bidrar till en bransch i st\u00e4ndig utveckling.<br>\u2013 Viktiga drivkrafter i f\u00f6rsvarsindustrins p\u00e5g\u00e5ende och accelererande digitalisering \u00e4r dels verksamhetens str\u00e4van efter \u00f6kad processeffektivitet och h\u00e5llbarhet, dels kundernas specifika och ofta komplexa krav p\u00e5 v\u00e5ra produkters tekniska egenskaper och f\u00f6rm\u00e5gor, s\u00e4ger Kalle Hagstr\u00f6m.<\/p>\n\n\n\n<p><strong>Cybers\u00e4kerhet och systemutveckling<\/strong><br>I f\u00f6rsvarsindustrin finns flera stora arbetsgivare som kan erbjuda en m\u00e5ngfald av olika karri\u00e4rinriktningar med fokus p\u00e5 it och digitalisering. Den interna rotationen \u00e4r ofta stor, s\u00e5 m\u00f6jligheterna \u00e4r stora att v\u00e4lja: djupdyka i ett specialistomr\u00e5de eller utvecklas mer \u00e5t generalist- eller verksamhetsh\u00e5llet. Cybers\u00e4kerhetsspecialister och systemutvecklare \u00e4r s\u00e4rskilt efterfr\u00e5gade i f\u00f6rsvarsindustrin just nu, men m\u00e5nga akt\u00f6rer rekryterar brett p\u00e5 it-omr\u00e5det och efterfr\u00e5gar exempelvis \u00e4ven individer som kombinerar kompetenser i verksamhetsutveckling och teknik.<br>\u2013 Det geopolitiska l\u00e4get inneb\u00e4r att m\u00e5nga l\u00e4nder investerar i att st\u00e4rka sin f\u00f6rsvarsf\u00f6rm\u00e5ga. Det bidrar f\u00f6rst\u00e5s till \u00f6kad tillv\u00e4xt inom f\u00f6rsvarsindustrin, d\u00e4r systemutvecklare, it-arkitekter och andra it-akademiker jobbar i en dynamisk milj\u00f6 med mycket interna och externa kontakter. Vi satsar \u00e4ven mycket p\u00e5 forskning och avancerad produktutveckling d\u00e4r digitalisering utg\u00f6r en viktig komponent, s\u00e4ger Kalle Hagstr\u00f6m.<\/p>\n\n\n\n<div class=\"wp-block-group faktaruta has-color-white-01-background-color has-background\"><div class=\"wp-block-group__inner-container is-layout-constrained wp-block-group-is-layout-constrained\">\n<h5 class=\"wp-block-heading\">Skulle du kunna t\u00e4nka dig att arbeta med it, digitalisering, teknikutveckling eller s\u00e4kerhet inom f\u00f6rsvarssektorn?<\/h5>\n\n\n\n<p><img loading=\"lazy\" decoding=\"async\" width=\"500\" height=\"85\" class=\"wp-image-7681\" style=\"width: 500px;\" src=\"https:\/\/framtidenskarriar.se\/itdata\/wp-content\/uploads\/sites\/13\/2023\/02\/forsvar-diagram1.png\" alt=\"\" srcset=\"https:\/\/framtidenskarriar.se\/itdata\/wp-content\/uploads\/sites\/13\/2023\/02\/forsvar-diagram1.png 1000w, https:\/\/framtidenskarriar.se\/itdata\/wp-content\/uploads\/sites\/13\/2023\/02\/forsvar-diagram1-300x51.png 300w, https:\/\/framtidenskarriar.se\/itdata\/wp-content\/uploads\/sites\/13\/2023\/02\/forsvar-diagram1-768x131.png 768w, https:\/\/framtidenskarriar.se\/itdata\/wp-content\/uploads\/sites\/13\/2023\/02\/forsvar-diagram1-941x160.png 941w, https:\/\/framtidenskarriar.se\/itdata\/wp-content\/uploads\/sites\/13\/2023\/02\/forsvar-diagram1-526x89.png 526w, https:\/\/framtidenskarriar.se\/itdata\/wp-content\/uploads\/sites\/13\/2023\/02\/forsvar-diagram1-720x122.png 720w, https:\/\/framtidenskarriar.se\/itdata\/wp-content\/uploads\/sites\/13\/2023\/02\/forsvar-diagram1-960x163.png 960w\" sizes=\"auto, (max-width: 500px) 100vw, 500px\" \/><\/p>\n<\/div><\/div>\n\n\n\n<div style=\"height:20px\" aria-hidden=\"true\" class=\"wp-block-spacer\"><\/div>\n\n\n\n<div class=\"wp-block-group faktaruta has-color-white-01-background-color has-background\"><div class=\"wp-block-group__inner-container is-layout-constrained wp-block-group-is-layout-constrained\">\n<h5 class=\"wp-block-heading\">Varf\u00f6r skulle du kunna t\u00e4nka dig att arbeta inom f\u00f6rsvarssektorn? Ange g\u00e4rna flera.<\/h5>\n\n\n\n<p><img loading=\"lazy\" decoding=\"async\" width=\"500\" height=\"326\" class=\"wp-image-7682\" style=\"width: 500px;\" src=\"https:\/\/framtidenskarriar.se\/itdata\/wp-content\/uploads\/sites\/13\/2023\/02\/forsvar-diagram2.png\" alt=\"\" srcset=\"https:\/\/framtidenskarriar.se\/itdata\/wp-content\/uploads\/sites\/13\/2023\/02\/forsvar-diagram2.png 1000w, https:\/\/framtidenskarriar.se\/itdata\/wp-content\/uploads\/sites\/13\/2023\/02\/forsvar-diagram2-300x196.png 300w, https:\/\/framtidenskarriar.se\/itdata\/wp-content\/uploads\/sites\/13\/2023\/02\/forsvar-diagram2-768x501.png 768w, https:\/\/framtidenskarriar.se\/itdata\/wp-content\/uploads\/sites\/13\/2023\/02\/forsvar-diagram2-245x160.png 245w, https:\/\/framtidenskarriar.se\/itdata\/wp-content\/uploads\/sites\/13\/2023\/02\/forsvar-diagram2-526x343.png 526w, https:\/\/framtidenskarriar.se\/itdata\/wp-content\/uploads\/sites\/13\/2023\/02\/forsvar-diagram2-720x469.png 720w, https:\/\/framtidenskarriar.se\/itdata\/wp-content\/uploads\/sites\/13\/2023\/02\/forsvar-diagram2-960x626.png 960w\" sizes=\"auto, (max-width: 500px) 100vw, 500px\" \/><br><strong>1.<\/strong> G\u00f6ra nytta f\u00f6r samh\u00e4llet<br><strong>2.<\/strong> Jobba f\u00f6r Sveriges s\u00e4kerhet och trygghet<br><strong>3. <\/strong>Arbeta med samh\u00e4llsviktiga funktioner<br><strong>4.<\/strong> Intressanta arbetsuppgifter<br><strong>5. <\/strong>Jobba med teknik och s\u00e4kerhet i framkant<br><strong>6.<\/strong> Trygga arbetsgivare<br><strong>7.<\/strong> Goda utvecklingsm\u00f6jligheter<br><strong>8.<\/strong> Goda arbetsvillkor<\/p>\n<\/div><\/div>\n\n\n\n<div style=\"height:20px\" aria-hidden=\"true\" class=\"wp-block-spacer\"><\/div>\n\n\n\n<div class=\"wp-block-group faktaruta\"><div class=\"wp-block-group__inner-container is-layout-constrained wp-block-group-is-layout-constrained\">\n<h6 class=\"wp-block-heading\">Om unders\u00f6kningen:<\/h6>\n\n\n\n<p>Unders\u00f6kningen genomf\u00f6rdes 7\u201313 december 2022 mot ett slumpm\u00e4ssigt urval av de som tagit examen p\u00e5 teknisk h\u00f6gskola eller universitet inom datateknik, teknisk fysik, elektroteknik eller systemvetenskap. Statistisk felmarginal 2,5\u20134 procentenheter.<\/p>\n<\/div><\/div>\n","protected":false},"excerpt":{"rendered":"<p>83 procent av it-akademikerna kan t\u00e4nka sig att arbeta inom f\u00f6rsvarssektorn.<\/p>\n","protected":false},"author":3,"featured_media":7680,"comment_status":"open","ping_status":"open","sticky":false,"template":"","format":"standard","meta":{"_acf_changed":false,"_monsterinsights_skip_tracking":false,"_monsterinsights_sitenote_active":false,"_monsterinsights_sitenote_note":"","_monsterinsights_sitenote_category":0,"footnotes":""},"categories":[1],"tags":[325,283,255],"class_list":["post-7679","post","type-post","status-publish","format-standard","has-post-thumbnail","hentry","category-artikel","tag-bae-systems-hagglunds","tag-forsvarssektorn","tag-undersokning"],"acf":[],"yoast_head":"<!-- This site is optimized with the Yoast SEO plugin v27.3 - https:\/\/yoast.com\/product\/yoast-seo-wordpress\/ -->\n<title>Krav p\u00e5 kvalitet och teknisk f\u00f6rm\u00e5ga i f\u00f6rsvarssektorn - Framtidens karri\u00e4r IT &amp; Data<\/title>\n<meta name=\"robots\" content=\"index, follow, max-snippet:-1, max-image-preview:large, max-video-preview:-1\" \/>\n<link rel=\"canonical\" href=\"https:\/\/framtidenskarriar.se\/itdata\/2023\/02\/13\/krav-pa-kvalitet-och-teknisk-formaga-i-forsvarssektorn\/\" \/>\n<meta property=\"og:locale\" content=\"sv_SE\" \/>\n<meta property=\"og:type\" content=\"article\" \/>\n<meta property=\"og:title\" content=\"Krav p\u00e5 kvalitet och teknisk f\u00f6rm\u00e5ga i f\u00f6rsvarssektorn - Framtidens karri\u00e4r IT &amp; Data\" \/>\n<meta property=\"og:description\" content=\"83 procent av it-akademikerna kan t\u00e4nka sig att arbeta inom f\u00f6rsvarssektorn.\" \/>\n<meta property=\"og:url\" content=\"https:\/\/framtidenskarriar.se\/itdata\/2023\/02\/13\/krav-pa-kvalitet-och-teknisk-formaga-i-forsvarssektorn\/\" \/>\n<meta property=\"og:site_name\" content=\"Framtidens karri\u00e4r IT &amp; Data\" \/>\n<meta property=\"article:published_time\" content=\"2023-02-13T12:52:23+00:00\" \/>\n<meta property=\"article:modified_time\" content=\"2023-02-14T12:35:01+00:00\" \/>\n<meta property=\"og:image\" content=\"https:\/\/framtidenskarriar.se\/itdata\/wp-content\/uploads\/sites\/13\/2023\/02\/forsvar-20230202-120855-bae-11615-1.jpg\" \/>\n\t<meta property=\"og:image:width\" content=\"1000\" \/>\n\t<meta property=\"og:image:height\" content=\"635\" \/>\n\t<meta property=\"og:image:type\" content=\"image\/jpeg\" \/>\n<meta name=\"author\" content=\"stellanstal\" \/>\n<meta name=\"twitter:card\" content=\"summary_large_image\" \/>\n<meta name=\"twitter:label1\" content=\"Skriven av\" \/>\n\t<meta name=\"twitter:data1\" content=\"stellanstal\" \/>\n\t<meta name=\"twitter:label2\" content=\"Ber\u00e4knad l\u00e4stid\" \/>\n\t<meta name=\"twitter:data2\" content=\"3 minuter\" \/>\n<script type=\"application\/ld+json\" class=\"yoast-schema-graph\">{\"@context\":\"https:\\\/\\\/schema.org\",\"@graph\":[{\"@type\":\"Article\",\"@id\":\"https:\\\/\\\/framtidenskarriar.se\\\/itdata\\\/2023\\\/02\\\/13\\\/krav-pa-kvalitet-och-teknisk-formaga-i-forsvarssektorn\\\/#article\",\"isPartOf\":{\"@id\":\"https:\\\/\\\/framtidenskarriar.se\\\/itdata\\\/2023\\\/02\\\/13\\\/krav-pa-kvalitet-och-teknisk-formaga-i-forsvarssektorn\\\/\"},\"author\":{\"name\":\"stellanstal\",\"@id\":\"https:\\\/\\\/framtidenskarriar.se\\\/itdata\\\/#\\\/schema\\\/person\\\/c8a43eb855191e573b73ecf8987a3b99\"},\"headline\":\"Krav p\u00e5 kvalitet och teknisk f\u00f6rm\u00e5ga i f\u00f6rsvarssektorn\",\"datePublished\":\"2023-02-13T12:52:23+00:00\",\"dateModified\":\"2023-02-14T12:35:01+00:00\",\"mainEntityOfPage\":{\"@id\":\"https:\\\/\\\/framtidenskarriar.se\\\/itdata\\\/2023\\\/02\\\/13\\\/krav-pa-kvalitet-och-teknisk-formaga-i-forsvarssektorn\\\/\"},\"wordCount\":582,\"commentCount\":0,\"image\":{\"@id\":\"https:\\\/\\\/framtidenskarriar.se\\\/itdata\\\/2023\\\/02\\\/13\\\/krav-pa-kvalitet-och-teknisk-formaga-i-forsvarssektorn\\\/#primaryimage\"},\"thumbnailUrl\":\"https:\\\/\\\/framtidenskarriar.se\\\/itdata\\\/wp-content\\\/uploads\\\/sites\\\/13\\\/2023\\\/02\\\/forsvar-20230202-120855-bae-11615-1.jpg\",\"keywords\":[\"BAE Systems H\u00e4gglunds\",\"F\u00f6rsvarssektorn\",\"Unders\u00f6kning\"],\"articleSection\":[\"Artikel\"],\"inLanguage\":\"sv-SE\",\"potentialAction\":[{\"@type\":\"CommentAction\",\"name\":\"Comment\",\"target\":[\"https:\\\/\\\/framtidenskarriar.se\\\/itdata\\\/2023\\\/02\\\/13\\\/krav-pa-kvalitet-och-teknisk-formaga-i-forsvarssektorn\\\/#respond\"]}]},{\"@type\":\"WebPage\",\"@id\":\"https:\\\/\\\/framtidenskarriar.se\\\/itdata\\\/2023\\\/02\\\/13\\\/krav-pa-kvalitet-och-teknisk-formaga-i-forsvarssektorn\\\/\",\"url\":\"https:\\\/\\\/framtidenskarriar.se\\\/itdata\\\/2023\\\/02\\\/13\\\/krav-pa-kvalitet-och-teknisk-formaga-i-forsvarssektorn\\\/\",\"name\":\"Krav p\u00e5 kvalitet och teknisk f\u00f6rm\u00e5ga i f\u00f6rsvarssektorn - Framtidens karri\u00e4r IT & Data\",\"isPartOf\":{\"@id\":\"https:\\\/\\\/framtidenskarriar.se\\\/itdata\\\/#website\"},\"primaryImageOfPage\":{\"@id\":\"https:\\\/\\\/framtidenskarriar.se\\\/itdata\\\/2023\\\/02\\\/13\\\/krav-pa-kvalitet-och-teknisk-formaga-i-forsvarssektorn\\\/#primaryimage\"},\"image\":{\"@id\":\"https:\\\/\\\/framtidenskarriar.se\\\/itdata\\\/2023\\\/02\\\/13\\\/krav-pa-kvalitet-och-teknisk-formaga-i-forsvarssektorn\\\/#primaryimage\"},\"thumbnailUrl\":\"https:\\\/\\\/framtidenskarriar.se\\\/itdata\\\/wp-content\\\/uploads\\\/sites\\\/13\\\/2023\\\/02\\\/forsvar-20230202-120855-bae-11615-1.jpg\",\"datePublished\":\"2023-02-13T12:52:23+00:00\",\"dateModified\":\"2023-02-14T12:35:01+00:00\",\"author\":{\"@id\":\"https:\\\/\\\/framtidenskarriar.se\\\/itdata\\\/#\\\/schema\\\/person\\\/c8a43eb855191e573b73ecf8987a3b99\"},\"breadcrumb\":{\"@id\":\"https:\\\/\\\/framtidenskarriar.se\\\/itdata\\\/2023\\\/02\\\/13\\\/krav-pa-kvalitet-och-teknisk-formaga-i-forsvarssektorn\\\/#breadcrumb\"},\"inLanguage\":\"sv-SE\",\"potentialAction\":[{\"@type\":\"ReadAction\",\"target\":[\"https:\\\/\\\/framtidenskarriar.se\\\/itdata\\\/2023\\\/02\\\/13\\\/krav-pa-kvalitet-och-teknisk-formaga-i-forsvarssektorn\\\/\"]}]},{\"@type\":\"ImageObject\",\"inLanguage\":\"sv-SE\",\"@id\":\"https:\\\/\\\/framtidenskarriar.se\\\/itdata\\\/2023\\\/02\\\/13\\\/krav-pa-kvalitet-och-teknisk-formaga-i-forsvarssektorn\\\/#primaryimage\",\"url\":\"https:\\\/\\\/framtidenskarriar.se\\\/itdata\\\/wp-content\\\/uploads\\\/sites\\\/13\\\/2023\\\/02\\\/forsvar-20230202-120855-bae-11615-1.jpg\",\"contentUrl\":\"https:\\\/\\\/framtidenskarriar.se\\\/itdata\\\/wp-content\\\/uploads\\\/sites\\\/13\\\/2023\\\/02\\\/forsvar-20230202-120855-bae-11615-1.jpg\",\"width\":1000,\"height\":635,\"caption\":\"230202 Kalle Hagstr\u00f6m BAE \u00d6rnsk\u00f6ldsvik Foto: Jonas Forsberg \\\/\"},{\"@type\":\"BreadcrumbList\",\"@id\":\"https:\\\/\\\/framtidenskarriar.se\\\/itdata\\\/2023\\\/02\\\/13\\\/krav-pa-kvalitet-och-teknisk-formaga-i-forsvarssektorn\\\/#breadcrumb\",\"itemListElement\":[{\"@type\":\"ListItem\",\"position\":1,\"name\":\"Home\",\"item\":\"https:\\\/\\\/framtidenskarriar.se\\\/itdata\\\/\"},{\"@type\":\"ListItem\",\"position\":2,\"name\":\"Krav p\u00e5 kvalitet och teknisk f\u00f6rm\u00e5ga i f\u00f6rsvarssektorn\"}]},{\"@type\":\"WebSite\",\"@id\":\"https:\\\/\\\/framtidenskarriar.se\\\/itdata\\\/#website\",\"url\":\"https:\\\/\\\/framtidenskarriar.se\\\/itdata\\\/\",\"name\":\"Framtidens karri\u00e4r IT & Data\",\"description\":\"Just another NMDashboard.se Sites site\",\"potentialAction\":[{\"@type\":\"SearchAction\",\"target\":{\"@type\":\"EntryPoint\",\"urlTemplate\":\"https:\\\/\\\/framtidenskarriar.se\\\/itdata\\\/?s={search_term_string}\"},\"query-input\":{\"@type\":\"PropertyValueSpecification\",\"valueRequired\":true,\"valueName\":\"search_term_string\"}}],\"inLanguage\":\"sv-SE\"},{\"@type\":\"Person\",\"@id\":\"https:\\\/\\\/framtidenskarriar.se\\\/itdata\\\/#\\\/schema\\\/person\\\/c8a43eb855191e573b73ecf8987a3b99\",\"name\":\"stellanstal\",\"image\":{\"@type\":\"ImageObject\",\"inLanguage\":\"sv-SE\",\"@id\":\"https:\\\/\\\/secure.gravatar.com\\\/avatar\\\/cd330fa6bb17f598124b2068ee0b189e4fe0987a50af9d53b78410836060d0c9?s=96&d=mm&r=g\",\"url\":\"https:\\\/\\\/secure.gravatar.com\\\/avatar\\\/cd330fa6bb17f598124b2068ee0b189e4fe0987a50af9d53b78410836060d0c9?s=96&d=mm&r=g\",\"contentUrl\":\"https:\\\/\\\/secure.gravatar.com\\\/avatar\\\/cd330fa6bb17f598124b2068ee0b189e4fe0987a50af9d53b78410836060d0c9?s=96&d=mm&r=g\",\"caption\":\"stellanstal\"},\"url\":\"https:\\\/\\\/framtidenskarriar.se\\\/itdata\\\/author\\\/stellanstal\\\/\"}]}<\/script>\n<!-- \/ Yoast SEO plugin. -->","yoast_head_json":{"title":"Krav p\u00e5 kvalitet och teknisk f\u00f6rm\u00e5ga i f\u00f6rsvarssektorn - Framtidens karri\u00e4r IT & Data","robots":{"index":"index","follow":"follow","max-snippet":"max-snippet:-1","max-image-preview":"max-image-preview:large","max-video-preview":"max-video-preview:-1"},"canonical":"https:\/\/framtidenskarriar.se\/itdata\/2023\/02\/13\/krav-pa-kvalitet-och-teknisk-formaga-i-forsvarssektorn\/","og_locale":"sv_SE","og_type":"article","og_title":"Krav p\u00e5 kvalitet och teknisk f\u00f6rm\u00e5ga i f\u00f6rsvarssektorn - Framtidens karri\u00e4r IT & Data","og_description":"83 procent av it-akademikerna kan t\u00e4nka sig att arbeta inom f\u00f6rsvarssektorn.","og_url":"https:\/\/framtidenskarriar.se\/itdata\/2023\/02\/13\/krav-pa-kvalitet-och-teknisk-formaga-i-forsvarssektorn\/","og_site_name":"Framtidens karri\u00e4r IT & Data","article_published_time":"2023-02-13T12:52:23+00:00","article_modified_time":"2023-02-14T12:35:01+00:00","og_image":[{"width":1000,"height":635,"url":"https:\/\/framtidenskarriar.se\/itdata\/wp-content\/uploads\/sites\/13\/2023\/02\/forsvar-20230202-120855-bae-11615-1.jpg","type":"image\/jpeg"}],"author":"stellanstal","twitter_card":"summary_large_image","twitter_misc":{"Skriven av":"stellanstal","Ber\u00e4knad l\u00e4stid":"3 minuter"},"schema":{"@context":"https:\/\/schema.org","@graph":[{"@type":"Article","@id":"https:\/\/framtidenskarriar.se\/itdata\/2023\/02\/13\/krav-pa-kvalitet-och-teknisk-formaga-i-forsvarssektorn\/#article","isPartOf":{"@id":"https:\/\/framtidenskarriar.se\/itdata\/2023\/02\/13\/krav-pa-kvalitet-och-teknisk-formaga-i-forsvarssektorn\/"},"author":{"name":"stellanstal","@id":"https:\/\/framtidenskarriar.se\/itdata\/#\/schema\/person\/c8a43eb855191e573b73ecf8987a3b99"},"headline":"Krav p\u00e5 kvalitet och teknisk f\u00f6rm\u00e5ga i f\u00f6rsvarssektorn","datePublished":"2023-02-13T12:52:23+00:00","dateModified":"2023-02-14T12:35:01+00:00","mainEntityOfPage":{"@id":"https:\/\/framtidenskarriar.se\/itdata\/2023\/02\/13\/krav-pa-kvalitet-och-teknisk-formaga-i-forsvarssektorn\/"},"wordCount":582,"commentCount":0,"image":{"@id":"https:\/\/framtidenskarriar.se\/itdata\/2023\/02\/13\/krav-pa-kvalitet-och-teknisk-formaga-i-forsvarssektorn\/#primaryimage"},"thumbnailUrl":"https:\/\/framtidenskarriar.se\/itdata\/wp-content\/uploads\/sites\/13\/2023\/02\/forsvar-20230202-120855-bae-11615-1.jpg","keywords":["BAE Systems H\u00e4gglunds","F\u00f6rsvarssektorn","Unders\u00f6kning"],"articleSection":["Artikel"],"inLanguage":"sv-SE","potentialAction":[{"@type":"CommentAction","name":"Comment","target":["https:\/\/framtidenskarriar.se\/itdata\/2023\/02\/13\/krav-pa-kvalitet-och-teknisk-formaga-i-forsvarssektorn\/#respond"]}]},{"@type":"WebPage","@id":"https:\/\/framtidenskarriar.se\/itdata\/2023\/02\/13\/krav-pa-kvalitet-och-teknisk-formaga-i-forsvarssektorn\/","url":"https:\/\/framtidenskarriar.se\/itdata\/2023\/02\/13\/krav-pa-kvalitet-och-teknisk-formaga-i-forsvarssektorn\/","name":"Krav p\u00e5 kvalitet och teknisk f\u00f6rm\u00e5ga i f\u00f6rsvarssektorn - Framtidens karri\u00e4r IT & Data","isPartOf":{"@id":"https:\/\/framtidenskarriar.se\/itdata\/#website"},"primaryImageOfPage":{"@id":"https:\/\/framtidenskarriar.se\/itdata\/2023\/02\/13\/krav-pa-kvalitet-och-teknisk-formaga-i-forsvarssektorn\/#primaryimage"},"image":{"@id":"https:\/\/framtidenskarriar.se\/itdata\/2023\/02\/13\/krav-pa-kvalitet-och-teknisk-formaga-i-forsvarssektorn\/#primaryimage"},"thumbnailUrl":"https:\/\/framtidenskarriar.se\/itdata\/wp-content\/uploads\/sites\/13\/2023\/02\/forsvar-20230202-120855-bae-11615-1.jpg","datePublished":"2023-02-13T12:52:23+00:00","dateModified":"2023-02-14T12:35:01+00:00","author":{"@id":"https:\/\/framtidenskarriar.se\/itdata\/#\/schema\/person\/c8a43eb855191e573b73ecf8987a3b99"},"breadcrumb":{"@id":"https:\/\/framtidenskarriar.se\/itdata\/2023\/02\/13\/krav-pa-kvalitet-och-teknisk-formaga-i-forsvarssektorn\/#breadcrumb"},"inLanguage":"sv-SE","potentialAction":[{"@type":"ReadAction","target":["https:\/\/framtidenskarriar.se\/itdata\/2023\/02\/13\/krav-pa-kvalitet-och-teknisk-formaga-i-forsvarssektorn\/"]}]},{"@type":"ImageObject","inLanguage":"sv-SE","@id":"https:\/\/framtidenskarriar.se\/itdata\/2023\/02\/13\/krav-pa-kvalitet-och-teknisk-formaga-i-forsvarssektorn\/#primaryimage","url":"https:\/\/framtidenskarriar.se\/itdata\/wp-content\/uploads\/sites\/13\/2023\/02\/forsvar-20230202-120855-bae-11615-1.jpg","contentUrl":"https:\/\/framtidenskarriar.se\/itdata\/wp-content\/uploads\/sites\/13\/2023\/02\/forsvar-20230202-120855-bae-11615-1.jpg","width":1000,"height":635,"caption":"230202 Kalle Hagstr\u00f6m BAE \u00d6rnsk\u00f6ldsvik Foto: Jonas Forsberg \/"},{"@type":"BreadcrumbList","@id":"https:\/\/framtidenskarriar.se\/itdata\/2023\/02\/13\/krav-pa-kvalitet-och-teknisk-formaga-i-forsvarssektorn\/#breadcrumb","itemListElement":[{"@type":"ListItem","position":1,"name":"Home","item":"https:\/\/framtidenskarriar.se\/itdata\/"},{"@type":"ListItem","position":2,"name":"Krav p\u00e5 kvalitet och teknisk f\u00f6rm\u00e5ga i f\u00f6rsvarssektorn"}]},{"@type":"WebSite","@id":"https:\/\/framtidenskarriar.se\/itdata\/#website","url":"https:\/\/framtidenskarriar.se\/itdata\/","name":"Framtidens karri\u00e4r IT & Data","description":"Just another NMDashboard.se Sites site","potentialAction":[{"@type":"SearchAction","target":{"@type":"EntryPoint","urlTemplate":"https:\/\/framtidenskarriar.se\/itdata\/?s={search_term_string}"},"query-input":{"@type":"PropertyValueSpecification","valueRequired":true,"valueName":"search_term_string"}}],"inLanguage":"sv-SE"},{"@type":"Person","@id":"https:\/\/framtidenskarriar.se\/itdata\/#\/schema\/person\/c8a43eb855191e573b73ecf8987a3b99","name":"stellanstal","image":{"@type":"ImageObject","inLanguage":"sv-SE","@id":"https:\/\/secure.gravatar.com\/avatar\/cd330fa6bb17f598124b2068ee0b189e4fe0987a50af9d53b78410836060d0c9?s=96&d=mm&r=g","url":"https:\/\/secure.gravatar.com\/avatar\/cd330fa6bb17f598124b2068ee0b189e4fe0987a50af9d53b78410836060d0c9?s=96&d=mm&r=g","contentUrl":"https:\/\/secure.gravatar.com\/avatar\/cd330fa6bb17f598124b2068ee0b189e4fe0987a50af9d53b78410836060d0c9?s=96&d=mm&r=g","caption":"stellanstal"},"url":"https:\/\/framtidenskarriar.se\/itdata\/author\/stellanstal\/"}]}},"_links":{"self":[{"href":"https:\/\/framtidenskarriar.se\/itdata\/wp-json\/wp\/v2\/posts\/7679","targetHints":{"allow":["GET"]}}],"collection":[{"href":"https:\/\/framtidenskarriar.se\/itdata\/wp-json\/wp\/v2\/posts"}],"about":[{"href":"https:\/\/framtidenskarriar.se\/itdata\/wp-json\/wp\/v2\/types\/post"}],"author":[{"embeddable":true,"href":"https:\/\/framtidenskarriar.se\/itdata\/wp-json\/wp\/v2\/users\/3"}],"replies":[{"embeddable":true,"href":"https:\/\/framtidenskarriar.se\/itdata\/wp-json\/wp\/v2\/comments?post=7679"}],"version-history":[{"count":4,"href":"https:\/\/framtidenskarriar.se\/itdata\/wp-json\/wp\/v2\/posts\/7679\/revisions"}],"predecessor-version":[{"id":7959,"href":"https:\/\/framtidenskarriar.se\/itdata\/wp-json\/wp\/v2\/posts\/7679\/revisions\/7959"}],"wp:featuredmedia":[{"embeddable":true,"href":"https:\/\/framtidenskarriar.se\/itdata\/wp-json\/wp\/v2\/media\/7680"}],"wp:attachment":[{"href":"https:\/\/framtidenskarriar.se\/itdata\/wp-json\/wp\/v2\/media?parent=7679"}],"wp:term":[{"taxonomy":"category","embeddable":true,"href":"https:\/\/framtidenskarriar.se\/itdata\/wp-json\/wp\/v2\/categories?post=7679"},{"taxonomy":"post_tag","embeddable":true,"href":"https:\/\/framtidenskarriar.se\/itdata\/wp-json\/wp\/v2\/tags?post=7679"}],"curies":[{"name":"wp","href":"https:\/\/api.w.org\/{rel}","templated":true}]}}