{"id":7711,"date":"2023-02-13T13:55:08","date_gmt":"2023-02-13T13:55:08","guid":{"rendered":"https:\/\/framtidenskarriar.se\/itdata\/?p=7711"},"modified":"2024-02-13T10:55:20","modified_gmt":"2024-02-13T10:55:20","slug":"pa-lansforsakringar-gar-it-och-affarsutveckling-hand-i-hand","status":"publish","type":"post","link":"https:\/\/framtidenskarriar.se\/itdata\/2023\/02\/13\/pa-lansforsakringar-gar-it-och-affarsutveckling-hand-i-hand\/","title":{"rendered":"P\u00e5 L\u00e4nsf\u00f6rs\u00e4kringar g\u00e5r it- och aff\u00e4rsutveckling hand i hand"},"content":{"rendered":"\n<figure class=\"wp-block-image size-full\"><img loading=\"lazy\" decoding=\"async\" width=\"1000\" height=\"639\" src=\"https:\/\/framtidenskarriar.se\/itdata\/wp-content\/uploads\/sites\/13\/2023\/02\/lansforsakringar-4.jpg\" alt=\"Pelle B\u00e4ckstr\u00f6m och Tedy Mduma, .NET-utvecklare p\u00e5 L\u00e4nsf\u00f6rs\u00e4kringar. Foto: Johan Marklund\" class=\"wp-image-7712\" srcset=\"https:\/\/framtidenskarriar.se\/itdata\/wp-content\/uploads\/sites\/13\/2023\/02\/lansforsakringar-4.jpg 1000w, https:\/\/framtidenskarriar.se\/itdata\/wp-content\/uploads\/sites\/13\/2023\/02\/lansforsakringar-4-300x192.jpg 300w, https:\/\/framtidenskarriar.se\/itdata\/wp-content\/uploads\/sites\/13\/2023\/02\/lansforsakringar-4-768x491.jpg 768w, https:\/\/framtidenskarriar.se\/itdata\/wp-content\/uploads\/sites\/13\/2023\/02\/lansforsakringar-4-250x160.jpg 250w, https:\/\/framtidenskarriar.se\/itdata\/wp-content\/uploads\/sites\/13\/2023\/02\/lansforsakringar-4-526x336.jpg 526w, https:\/\/framtidenskarriar.se\/itdata\/wp-content\/uploads\/sites\/13\/2023\/02\/lansforsakringar-4-720x460.jpg 720w, https:\/\/framtidenskarriar.se\/itdata\/wp-content\/uploads\/sites\/13\/2023\/02\/lansforsakringar-4-960x613.jpg 960w\" sizes=\"auto, (max-width: 1000px) 100vw, 1000px\" \/><figcaption class=\"wp-element-caption\">Pelle B\u00e4ckstr\u00f6m och Tedy Mduma, .NET-utvecklare p\u00e5 L\u00e4nsf\u00f6rs\u00e4kringar. Foto: Johan Marklund<\/figcaption><\/figure>\n\n\n\n<p><strong>P\u00e5 L\u00e4nsf\u00f6rs\u00e4kringar \u00e4r it numera helt integrerat med verksamhetens aff\u00e4rer.<br>\u2013 Tiden d\u00e5 it enbart var en supportfunktion till \u00f6vrig verksamhet \u00e4r sedan l\u00e4nge f\u00f6rbi. Hos oss g\u00e5r it-utveckling och aff\u00e4rsutveckling hand i hand, s\u00e4ger Ulrica Holmgren, CIO p\u00e5 L\u00e4nsf\u00f6rs\u00e4kringar.<\/strong><\/p>\n\n\n\n<p>Tedy Mduma kom in p\u00e5 L\u00e4nsf\u00f6rs\u00e4kringar via bolagets talangprogram. Med sig i bagaget hade hon en examen fr\u00e5n systemvetarprogrammet i Uppsala och ett \u00e5rs studier i datavetenskap.<br>\u2013 Jag ville ha ett sp\u00e4nnande jobb inom systemutveckling, och fastnade f\u00f6r L\u00e4nsf\u00f6rs\u00e4kringars vision och v\u00e4rderingar. Deras tankar kring engagemang, tillit, \u00f6ppenhet och professionalism tilltalade mig, och med facit i hand vet jag att det \u00e4r ledord som fungerar \u00e4ven i praktiken.<br>Efter ett \u00e5r i talangprogrammet anst\u00e4lldes Tedy som .Net-utvecklare inom bolagets liv- och pensionsaff\u00e4r.<br>\u2013 Under mina f\u00f6rsta m\u00e5nader som anst\u00e4lld jobbade jag mycket med \u00e4rendehanteringssystem, samtidigt som jag fick g\u00e5 m\u00e5nga olika kurser och certifieringsutbildningar inom till exempel SAFe. Idag jobbar jag brett med olika applikationer och utvecklar l\u00f6sningar efter verksamhetens behov.<\/p>\n\n\n\n<p class=\"has-color-white-01-color has-text-color has-background\" style=\"background-color:#003148\"><strong><a href=\"https:\/\/www.lansforsakringar.se\/stockholm\/privat\/om-oss\/jobba-hos-oss\/it-jobb-lansforsakringar\/\" title=\"L\u00e4nsf\u00f6rs\u00e4kringar VT23 pres jobb\" target=\"_blank\" rel=\"noreferrer noopener\">Var med och forma L\u00e4nsf\u00f6rs\u00e4kringars digitala framtid. <span style=\"text-decoration: underline;\">Klicka h\u00e4r f\u00f6r att l\u00e4sa mer och se v\u00e5ra lediga tj\u00e4nster<\/span><\/a><\/strong><\/p>\n\n\n\n<p><strong>I framkant<\/strong><br>Pelle B\u00e4ckstr\u00f6m har en liknande bakgrund, l\u00e4ste systemvetenskap i Uppsala och tog examen mitt under brinnande pandemi.<br>\u2013 Det var en otrygg tid och ganska svajigt p\u00e5 arbetsmarknaden, och f\u00f6r oss nya var det tufft. Att jag s\u00f6kte till L\u00e4nsf\u00f6rs\u00e4kringars talangprogram berodde mycket p\u00e5 att bolaget k\u00e4ndes som en trygg och stabil arbetsgivare. Min uppfattning var ocks\u00e5 att it-verksamheten l\u00e5g teknikm\u00e4ssigt l\u00e5ngt framme.<br>Med \u00e5ret i talangprogrammet och sju m\u00e5nader som .NET-utvecklare inom L\u00e4nsf\u00f6rs\u00e4kringars sakf\u00f6rs\u00e4kringsaff\u00e4r bakom sig konstaterar Pelle att hans magk\u00e4nsla var helt r\u00e4tt.<br>\u2013 L\u00e4nsf\u00f6rs\u00e4kringar \u00e4r en bra arbetsgivare som erbjuder attraktiva f\u00f6rm\u00e5ner, allm\u00e4nt bra villkor och it-jobb i teknikens framkant.<\/p>\n\n\n\n<p><strong>Bra start<\/strong><br>P\u00e5 fr\u00e5gan om han kan rekommendera andra systemvetare och it-intresserade att s\u00f6ka sig till L\u00e4nsf\u00f6rs\u00e4kringar i allm\u00e4nhet och it-verksamheten i synnerhet kommer svaret snabbt.<br>\u2013 Vill man jobba med de senaste teknikerna inom it-utveckling, ha kul p\u00e5 jobbet, bra f\u00f6rm\u00e5ner och stora utvecklingsm\u00f6jligheter s\u00e5 ska man s\u00f6ka sig hit.<br>Tedy inst\u00e4mmer och flikar in att kunniga och hj\u00e4lpsamma kollegor \u00e4r ett stort plus.<br>\u2013 Jag hade en v\u00e4ldigt bra mentor som faktiskt hade utvecklat systemet som jag jobbade i under talang\u00e5ret. Det gjorde det l\u00e4tt att f\u00e5 klara och detaljerade svar p\u00e5 de fr\u00e5gor jag hade. Min mentor och alla andra kunniga kollegor gjorde tillvaron l\u00e4tt; jag kunde inte ha f\u00e5tt en b\u00e4ttre start p\u00e5 yrkeslivet.<\/p>\n\n\n\n<p><strong>Talangprogrammet<\/strong><br>\u00c4ven CIO Ulrica Holmgren \u00e4r mycket n\u00f6jd med talangprogrammet som drivs i samarbete med Nexer. Genom ett specialanpassat utbildningsprogram f\u00e5r talangerna under ett \u00e5r f\u00f6rdjupa sina tekniska kunskaper i kombination med praktiskt arbete i ett av verksamhetens it-team.<br>\u2013 Hur v\u00e4l vi lyckas i verksamheten kokar ner till att vi lyckas attrahera r\u00e4tt kompetens och att m\u00e4nniskor trivs och utvecklas hos oss. Genom talangprogrammet f\u00e5r vi in nya krafter, h\u00e4rlig energi och nya sp\u00e4nnande syns\u00e4tt. Det \u00e4r ett roligt och l\u00e4rorikt \u00e5r d\u00e4r talangerna ocks\u00e5 bygger ett starkt n\u00e4tverk i alla delar av L\u00e4nsf\u00f6rs\u00e4kringar, n\u00e5got som de har stor nytta av efter\u00e5t.<br>Hon p\u00e5pekar att it inom L\u00e4nsf\u00f6rs\u00e4kringar numera \u00e4r helt integrerat med verksamhetens aff\u00e4rer.<br>\u2013 Vi arbetar enligt SAFe, ett agilt arbetss\u00e4tt med fokus p\u00e5 att leverera v\u00e4rde till slutanv\u00e4ndarna. Det \u00e4r kund\u00adernas behov och f\u00f6rv\u00e4ntningar som ligger till grund f\u00f6r v\u00e5ra l\u00f6sningar. F\u00f6r oss inom it handlar det om att ligga steget f\u00f6re och leverera s\u00e4kra och anv\u00e4ndarv\u00e4nliga produkter inom bank, pension och f\u00f6rs\u00e4kring, trygga l\u00f6sningar som g\u00f6r skillnad i v\u00e5ra kunders vardag, s\u00e4ger Ulrica.<\/p>\n\n\n<div class=\"wp-block-image\">\n<figure class=\"aligncenter size-full\"><img loading=\"lazy\" decoding=\"async\" width=\"1000\" height=\"628\" src=\"https:\/\/framtidenskarriar.se\/itdata\/wp-content\/uploads\/sites\/13\/2023\/02\/bank2-ulrica-holmgren.jpg\" alt=\"\" class=\"wp-image-7647\" srcset=\"https:\/\/framtidenskarriar.se\/itdata\/wp-content\/uploads\/sites\/13\/2023\/02\/bank2-ulrica-holmgren.jpg 1000w, https:\/\/framtidenskarriar.se\/itdata\/wp-content\/uploads\/sites\/13\/2023\/02\/bank2-ulrica-holmgren-300x188.jpg 300w, https:\/\/framtidenskarriar.se\/itdata\/wp-content\/uploads\/sites\/13\/2023\/02\/bank2-ulrica-holmgren-768x482.jpg 768w, https:\/\/framtidenskarriar.se\/itdata\/wp-content\/uploads\/sites\/13\/2023\/02\/bank2-ulrica-holmgren-255x160.jpg 255w, https:\/\/framtidenskarriar.se\/itdata\/wp-content\/uploads\/sites\/13\/2023\/02\/bank2-ulrica-holmgren-526x330.jpg 526w, https:\/\/framtidenskarriar.se\/itdata\/wp-content\/uploads\/sites\/13\/2023\/02\/bank2-ulrica-holmgren-720x452.jpg 720w, https:\/\/framtidenskarriar.se\/itdata\/wp-content\/uploads\/sites\/13\/2023\/02\/bank2-ulrica-holmgren-960x603.jpg 960w\" sizes=\"auto, (max-width: 1000px) 100vw, 1000px\" \/><figcaption class=\"wp-element-caption\">Ulrica Holmgren, CIO p\u00e5 L\u00e4nsf\u00f6rs\u00e4kringar. Foto: Adrian Leopoldson<\/figcaption><\/figure>\n<\/div>\n\n\n<p class=\"has-color-white-01-color has-text-color has-background\" style=\"background-color:#003148\"><strong><a href=\"https:\/\/www.lansforsakringar.se\/stockholm\/privat\/om-oss\/jobba-hos-oss\/it-jobb-lansforsakringar\/\" title=\"L\u00e4nsf\u00f6rs\u00e4kringar VT23 pres jobb\" target=\"_blank\" rel=\"noreferrer noopener\">Var med och forma L\u00e4nsf\u00f6rs\u00e4kringars digitala framtid. <span style=\"text-decoration: underline;\">Klicka h\u00e4r f\u00f6r att l\u00e4sa mer och se v\u00e5ra lediga tj\u00e4nster<\/span><\/a><\/strong><\/p>\n\n\n\n<div class=\"wp-block-group faktaruta\"><div class=\"wp-block-group__inner-container is-layout-constrained wp-block-group-is-layout-constrained\">\n<h6 class=\"wp-block-heading\">L\u00e4nsf\u00f6rs\u00e4kringar<\/h6>\n\n\n\n<p>L\u00e4nsf\u00f6rs\u00e4kringar best\u00e5r av 23 lokalt kund\u00e4gda l\u00e4nsf\u00f6rs\u00e4kringsbolag och det gemensamt \u00e4gda utvecklings- och servicebolaget L\u00e4nsf\u00f6rs\u00e4kringar AB. Vi bedriver verksamhet inom f\u00f6rs\u00e4kring, bank och pension samt erbjuder en rad sp\u00e4nnande karri\u00e4rm\u00f6jligheter f\u00f6r it-specialister som vill arbeta i en agil milj\u00f6 med st\u00e4ndigt nya utmaningar.<br><br>Nyfiken? L\u00e4s mer p\u00e5: <strong><a href=\"https:\/\/www.lansforsakringar.se\/stockholm\/privat\/om-oss\/jobba-hos-oss\/it-jobb-lansforsakringar\/\" title=\"L\u00e4nsf\u00f6rs\u00e4kringar VT23 pres textlink\" target=\"_blank\" rel=\"noreferrer noopener\">LF.se\/itjobb<\/a><\/strong><br><br><a href=\"https:\/\/www.lansforsakringar.se\/stockholm\/privat\/om-oss\/jobba-hos-oss\/it-jobb-lansforsakringar\/\" title=\"L\u00e4nsf\u00f6rs\u00e4kringar VT23 pres logotype\" target=\"_blank\" rel=\"noreferrer noopener\"><img loading=\"lazy\" decoding=\"async\" width=\"120\" height=\"120\" class=\"wp-image-7713\" style=\"width: 120px;\" src=\"https:\/\/framtidenskarriar.se\/itdata\/wp-content\/uploads\/sites\/13\/2023\/02\/lansforsakringar-lf-symbol-pms.png\" alt=\"\" srcset=\"https:\/\/framtidenskarriar.se\/itdata\/wp-content\/uploads\/sites\/13\/2023\/02\/lansforsakringar-lf-symbol-pms.png 500w, https:\/\/framtidenskarriar.se\/itdata\/wp-content\/uploads\/sites\/13\/2023\/02\/lansforsakringar-lf-symbol-pms-300x300.png 300w, https:\/\/framtidenskarriar.se\/itdata\/wp-content\/uploads\/sites\/13\/2023\/02\/lansforsakringar-lf-symbol-pms-150x150.png 150w, https:\/\/framtidenskarriar.se\/itdata\/wp-content\/uploads\/sites\/13\/2023\/02\/lansforsakringar-lf-symbol-pms-160x160.png 160w\" sizes=\"auto, (max-width: 120px) 100vw, 120px\" \/><\/a><\/p>\n<\/div><\/div>\n","protected":false},"excerpt":{"rendered":"<p>\u2013 Tiden d\u00e5 it enbart var en supportfunktion till \u00f6vrig verksamhet \u00e4r sedan l\u00e4nge f\u00f6rbi. <\/p>\n","protected":false},"author":2,"featured_media":7712,"comment_status":"open","ping_status":"open","sticky":false,"template":"","format":"standard","meta":{"_acf_changed":false,"_monsterinsights_skip_tracking":false,"_monsterinsights_sitenote_active":false,"_monsterinsights_sitenote_note":"","_monsterinsights_sitenote_category":0,"footnotes":""},"categories":[9],"tags":[295],"class_list":["post-7711","post","type-post","status-publish","format-standard","has-post-thumbnail","hentry","category-presentation","tag-lansforsakringar"],"acf":[],"yoast_head":"<!-- This site is optimized with the Yoast SEO plugin v27.3 - https:\/\/yoast.com\/product\/yoast-seo-wordpress\/ -->\n<title>P\u00e5 L\u00e4nsf\u00f6rs\u00e4kringar g\u00e5r it- och aff\u00e4rsutveckling hand i hand - Framtidens karri\u00e4r IT &amp; Data<\/title>\n<meta name=\"robots\" content=\"index, follow, max-snippet:-1, max-image-preview:large, max-video-preview:-1\" \/>\n<link rel=\"canonical\" href=\"https:\/\/framtidenskarriar.se\/itdata\/2023\/02\/13\/pa-lansforsakringar-gar-it-och-affarsutveckling-hand-i-hand\/\" \/>\n<meta property=\"og:locale\" content=\"sv_SE\" \/>\n<meta property=\"og:type\" content=\"article\" \/>\n<meta property=\"og:title\" content=\"P\u00e5 L\u00e4nsf\u00f6rs\u00e4kringar g\u00e5r it- och aff\u00e4rsutveckling hand i hand - Framtidens karri\u00e4r IT &amp; Data\" \/>\n<meta property=\"og:description\" content=\"\u2013 Tiden d\u00e5 it enbart var en supportfunktion till \u00f6vrig verksamhet \u00e4r sedan l\u00e4nge f\u00f6rbi.\" \/>\n<meta property=\"og:url\" content=\"https:\/\/framtidenskarriar.se\/itdata\/2023\/02\/13\/pa-lansforsakringar-gar-it-och-affarsutveckling-hand-i-hand\/\" \/>\n<meta property=\"og:site_name\" content=\"Framtidens karri\u00e4r IT &amp; Data\" \/>\n<meta property=\"article:published_time\" content=\"2023-02-13T13:55:08+00:00\" \/>\n<meta property=\"article:modified_time\" content=\"2024-02-13T10:55:20+00:00\" \/>\n<meta property=\"og:image\" content=\"https:\/\/framtidenskarriar.se\/itdata\/wp-content\/uploads\/sites\/13\/2023\/02\/lansforsakringar-4.jpg\" \/>\n\t<meta property=\"og:image:width\" content=\"1000\" \/>\n\t<meta property=\"og:image:height\" content=\"639\" \/>\n\t<meta property=\"og:image:type\" content=\"image\/jpeg\" \/>\n<meta name=\"author\" content=\"viktorwallen\" \/>\n<meta name=\"twitter:card\" content=\"summary_large_image\" \/>\n<meta name=\"twitter:label1\" content=\"Skriven av\" \/>\n\t<meta name=\"twitter:data1\" content=\"viktorwallen\" \/>\n\t<meta name=\"twitter:label2\" content=\"Ber\u00e4knad l\u00e4stid\" \/>\n\t<meta name=\"twitter:data2\" content=\"1 minut\" \/>\n<script type=\"application\/ld+json\" class=\"yoast-schema-graph\">{\"@context\":\"https:\\\/\\\/schema.org\",\"@graph\":[{\"@type\":\"Article\",\"@id\":\"https:\\\/\\\/framtidenskarriar.se\\\/itdata\\\/2023\\\/02\\\/13\\\/pa-lansforsakringar-gar-it-och-affarsutveckling-hand-i-hand\\\/#article\",\"isPartOf\":{\"@id\":\"https:\\\/\\\/framtidenskarriar.se\\\/itdata\\\/2023\\\/02\\\/13\\\/pa-lansforsakringar-gar-it-och-affarsutveckling-hand-i-hand\\\/\"},\"author\":{\"name\":\"viktorwallen\",\"@id\":\"https:\\\/\\\/framtidenskarriar.se\\\/itdata\\\/#\\\/schema\\\/person\\\/2a13a849ec7646386c2211f59afe3083\"},\"headline\":\"P\u00e5 L\u00e4nsf\u00f6rs\u00e4kringar g\u00e5r it- och aff\u00e4rsutveckling hand i hand\",\"datePublished\":\"2023-02-13T13:55:08+00:00\",\"dateModified\":\"2024-02-13T10:55:20+00:00\",\"mainEntityOfPage\":{\"@id\":\"https:\\\/\\\/framtidenskarriar.se\\\/itdata\\\/2023\\\/02\\\/13\\\/pa-lansforsakringar-gar-it-och-affarsutveckling-hand-i-hand\\\/\"},\"wordCount\":837,\"commentCount\":0,\"image\":{\"@id\":\"https:\\\/\\\/framtidenskarriar.se\\\/itdata\\\/2023\\\/02\\\/13\\\/pa-lansforsakringar-gar-it-och-affarsutveckling-hand-i-hand\\\/#primaryimage\"},\"thumbnailUrl\":\"https:\\\/\\\/framtidenskarriar.se\\\/itdata\\\/wp-content\\\/uploads\\\/sites\\\/13\\\/2023\\\/02\\\/lansforsakringar-4.jpg\",\"keywords\":[\"L\u00e4nsf\u00f6rs\u00e4kringar\"],\"articleSection\":[\"Presentation\"],\"inLanguage\":\"sv-SE\",\"potentialAction\":[{\"@type\":\"CommentAction\",\"name\":\"Comment\",\"target\":[\"https:\\\/\\\/framtidenskarriar.se\\\/itdata\\\/2023\\\/02\\\/13\\\/pa-lansforsakringar-gar-it-och-affarsutveckling-hand-i-hand\\\/#respond\"]}]},{\"@type\":\"WebPage\",\"@id\":\"https:\\\/\\\/framtidenskarriar.se\\\/itdata\\\/2023\\\/02\\\/13\\\/pa-lansforsakringar-gar-it-och-affarsutveckling-hand-i-hand\\\/\",\"url\":\"https:\\\/\\\/framtidenskarriar.se\\\/itdata\\\/2023\\\/02\\\/13\\\/pa-lansforsakringar-gar-it-och-affarsutveckling-hand-i-hand\\\/\",\"name\":\"P\u00e5 L\u00e4nsf\u00f6rs\u00e4kringar g\u00e5r it- och aff\u00e4rsutveckling hand i hand - Framtidens karri\u00e4r IT & Data\",\"isPartOf\":{\"@id\":\"https:\\\/\\\/framtidenskarriar.se\\\/itdata\\\/#website\"},\"primaryImageOfPage\":{\"@id\":\"https:\\\/\\\/framtidenskarriar.se\\\/itdata\\\/2023\\\/02\\\/13\\\/pa-lansforsakringar-gar-it-och-affarsutveckling-hand-i-hand\\\/#primaryimage\"},\"image\":{\"@id\":\"https:\\\/\\\/framtidenskarriar.se\\\/itdata\\\/2023\\\/02\\\/13\\\/pa-lansforsakringar-gar-it-och-affarsutveckling-hand-i-hand\\\/#primaryimage\"},\"thumbnailUrl\":\"https:\\\/\\\/framtidenskarriar.se\\\/itdata\\\/wp-content\\\/uploads\\\/sites\\\/13\\\/2023\\\/02\\\/lansforsakringar-4.jpg\",\"datePublished\":\"2023-02-13T13:55:08+00:00\",\"dateModified\":\"2024-02-13T10:55:20+00:00\",\"author\":{\"@id\":\"https:\\\/\\\/framtidenskarriar.se\\\/itdata\\\/#\\\/schema\\\/person\\\/2a13a849ec7646386c2211f59afe3083\"},\"breadcrumb\":{\"@id\":\"https:\\\/\\\/framtidenskarriar.se\\\/itdata\\\/2023\\\/02\\\/13\\\/pa-lansforsakringar-gar-it-och-affarsutveckling-hand-i-hand\\\/#breadcrumb\"},\"inLanguage\":\"sv-SE\",\"potentialAction\":[{\"@type\":\"ReadAction\",\"target\":[\"https:\\\/\\\/framtidenskarriar.se\\\/itdata\\\/2023\\\/02\\\/13\\\/pa-lansforsakringar-gar-it-och-affarsutveckling-hand-i-hand\\\/\"]}]},{\"@type\":\"ImageObject\",\"inLanguage\":\"sv-SE\",\"@id\":\"https:\\\/\\\/framtidenskarriar.se\\\/itdata\\\/2023\\\/02\\\/13\\\/pa-lansforsakringar-gar-it-och-affarsutveckling-hand-i-hand\\\/#primaryimage\",\"url\":\"https:\\\/\\\/framtidenskarriar.se\\\/itdata\\\/wp-content\\\/uploads\\\/sites\\\/13\\\/2023\\\/02\\\/lansforsakringar-4.jpg\",\"contentUrl\":\"https:\\\/\\\/framtidenskarriar.se\\\/itdata\\\/wp-content\\\/uploads\\\/sites\\\/13\\\/2023\\\/02\\\/lansforsakringar-4.jpg\",\"width\":1000,\"height\":639,\"caption\":\"Pelle B\u00e4ckstr\u00f6m och Tedy Mduma, .NET-utvecklare p\u00e5 L\u00e4nsf\u00f6rs\u00e4kringar. Foto: Johan Marklund\"},{\"@type\":\"BreadcrumbList\",\"@id\":\"https:\\\/\\\/framtidenskarriar.se\\\/itdata\\\/2023\\\/02\\\/13\\\/pa-lansforsakringar-gar-it-och-affarsutveckling-hand-i-hand\\\/#breadcrumb\",\"itemListElement\":[{\"@type\":\"ListItem\",\"position\":1,\"name\":\"Home\",\"item\":\"https:\\\/\\\/framtidenskarriar.se\\\/itdata\\\/\"},{\"@type\":\"ListItem\",\"position\":2,\"name\":\"P\u00e5 L\u00e4nsf\u00f6rs\u00e4kringar g\u00e5r it- och aff\u00e4rsutveckling hand i hand\"}]},{\"@type\":\"WebSite\",\"@id\":\"https:\\\/\\\/framtidenskarriar.se\\\/itdata\\\/#website\",\"url\":\"https:\\\/\\\/framtidenskarriar.se\\\/itdata\\\/\",\"name\":\"Framtidens karri\u00e4r IT & Data\",\"description\":\"Just another NMDashboard.se Sites site\",\"potentialAction\":[{\"@type\":\"SearchAction\",\"target\":{\"@type\":\"EntryPoint\",\"urlTemplate\":\"https:\\\/\\\/framtidenskarriar.se\\\/itdata\\\/?s={search_term_string}\"},\"query-input\":{\"@type\":\"PropertyValueSpecification\",\"valueRequired\":true,\"valueName\":\"search_term_string\"}}],\"inLanguage\":\"sv-SE\"},{\"@type\":\"Person\",\"@id\":\"https:\\\/\\\/framtidenskarriar.se\\\/itdata\\\/#\\\/schema\\\/person\\\/2a13a849ec7646386c2211f59afe3083\",\"name\":\"viktorwallen\",\"image\":{\"@type\":\"ImageObject\",\"inLanguage\":\"sv-SE\",\"@id\":\"https:\\\/\\\/secure.gravatar.com\\\/avatar\\\/701701bd36169636031933997c8c6b954f2f635bbb7cd4802e4a007f9c9f4e59?s=96&d=mm&r=g\",\"url\":\"https:\\\/\\\/secure.gravatar.com\\\/avatar\\\/701701bd36169636031933997c8c6b954f2f635bbb7cd4802e4a007f9c9f4e59?s=96&d=mm&r=g\",\"contentUrl\":\"https:\\\/\\\/secure.gravatar.com\\\/avatar\\\/701701bd36169636031933997c8c6b954f2f635bbb7cd4802e4a007f9c9f4e59?s=96&d=mm&r=g\",\"caption\":\"viktorwallen\"},\"url\":\"https:\\\/\\\/framtidenskarriar.se\\\/itdata\\\/author\\\/viktorwallen\\\/\"}]}<\/script>\n<!-- \/ Yoast SEO plugin. -->","yoast_head_json":{"title":"P\u00e5 L\u00e4nsf\u00f6rs\u00e4kringar g\u00e5r it- och aff\u00e4rsutveckling hand i hand - Framtidens karri\u00e4r IT & Data","robots":{"index":"index","follow":"follow","max-snippet":"max-snippet:-1","max-image-preview":"max-image-preview:large","max-video-preview":"max-video-preview:-1"},"canonical":"https:\/\/framtidenskarriar.se\/itdata\/2023\/02\/13\/pa-lansforsakringar-gar-it-och-affarsutveckling-hand-i-hand\/","og_locale":"sv_SE","og_type":"article","og_title":"P\u00e5 L\u00e4nsf\u00f6rs\u00e4kringar g\u00e5r it- och aff\u00e4rsutveckling hand i hand - Framtidens karri\u00e4r IT & Data","og_description":"\u2013 Tiden d\u00e5 it enbart var en supportfunktion till \u00f6vrig verksamhet \u00e4r sedan l\u00e4nge f\u00f6rbi.","og_url":"https:\/\/framtidenskarriar.se\/itdata\/2023\/02\/13\/pa-lansforsakringar-gar-it-och-affarsutveckling-hand-i-hand\/","og_site_name":"Framtidens karri\u00e4r IT & Data","article_published_time":"2023-02-13T13:55:08+00:00","article_modified_time":"2024-02-13T10:55:20+00:00","og_image":[{"width":1000,"height":639,"url":"https:\/\/framtidenskarriar.se\/itdata\/wp-content\/uploads\/sites\/13\/2023\/02\/lansforsakringar-4.jpg","type":"image\/jpeg"}],"author":"viktorwallen","twitter_card":"summary_large_image","twitter_misc":{"Skriven av":"viktorwallen","Ber\u00e4knad l\u00e4stid":"1 minut"},"schema":{"@context":"https:\/\/schema.org","@graph":[{"@type":"Article","@id":"https:\/\/framtidenskarriar.se\/itdata\/2023\/02\/13\/pa-lansforsakringar-gar-it-och-affarsutveckling-hand-i-hand\/#article","isPartOf":{"@id":"https:\/\/framtidenskarriar.se\/itdata\/2023\/02\/13\/pa-lansforsakringar-gar-it-och-affarsutveckling-hand-i-hand\/"},"author":{"name":"viktorwallen","@id":"https:\/\/framtidenskarriar.se\/itdata\/#\/schema\/person\/2a13a849ec7646386c2211f59afe3083"},"headline":"P\u00e5 L\u00e4nsf\u00f6rs\u00e4kringar g\u00e5r it- och aff\u00e4rsutveckling hand i hand","datePublished":"2023-02-13T13:55:08+00:00","dateModified":"2024-02-13T10:55:20+00:00","mainEntityOfPage":{"@id":"https:\/\/framtidenskarriar.se\/itdata\/2023\/02\/13\/pa-lansforsakringar-gar-it-och-affarsutveckling-hand-i-hand\/"},"wordCount":837,"commentCount":0,"image":{"@id":"https:\/\/framtidenskarriar.se\/itdata\/2023\/02\/13\/pa-lansforsakringar-gar-it-och-affarsutveckling-hand-i-hand\/#primaryimage"},"thumbnailUrl":"https:\/\/framtidenskarriar.se\/itdata\/wp-content\/uploads\/sites\/13\/2023\/02\/lansforsakringar-4.jpg","keywords":["L\u00e4nsf\u00f6rs\u00e4kringar"],"articleSection":["Presentation"],"inLanguage":"sv-SE","potentialAction":[{"@type":"CommentAction","name":"Comment","target":["https:\/\/framtidenskarriar.se\/itdata\/2023\/02\/13\/pa-lansforsakringar-gar-it-och-affarsutveckling-hand-i-hand\/#respond"]}]},{"@type":"WebPage","@id":"https:\/\/framtidenskarriar.se\/itdata\/2023\/02\/13\/pa-lansforsakringar-gar-it-och-affarsutveckling-hand-i-hand\/","url":"https:\/\/framtidenskarriar.se\/itdata\/2023\/02\/13\/pa-lansforsakringar-gar-it-och-affarsutveckling-hand-i-hand\/","name":"P\u00e5 L\u00e4nsf\u00f6rs\u00e4kringar g\u00e5r it- och aff\u00e4rsutveckling hand i hand - Framtidens karri\u00e4r IT & Data","isPartOf":{"@id":"https:\/\/framtidenskarriar.se\/itdata\/#website"},"primaryImageOfPage":{"@id":"https:\/\/framtidenskarriar.se\/itdata\/2023\/02\/13\/pa-lansforsakringar-gar-it-och-affarsutveckling-hand-i-hand\/#primaryimage"},"image":{"@id":"https:\/\/framtidenskarriar.se\/itdata\/2023\/02\/13\/pa-lansforsakringar-gar-it-och-affarsutveckling-hand-i-hand\/#primaryimage"},"thumbnailUrl":"https:\/\/framtidenskarriar.se\/itdata\/wp-content\/uploads\/sites\/13\/2023\/02\/lansforsakringar-4.jpg","datePublished":"2023-02-13T13:55:08+00:00","dateModified":"2024-02-13T10:55:20+00:00","author":{"@id":"https:\/\/framtidenskarriar.se\/itdata\/#\/schema\/person\/2a13a849ec7646386c2211f59afe3083"},"breadcrumb":{"@id":"https:\/\/framtidenskarriar.se\/itdata\/2023\/02\/13\/pa-lansforsakringar-gar-it-och-affarsutveckling-hand-i-hand\/#breadcrumb"},"inLanguage":"sv-SE","potentialAction":[{"@type":"ReadAction","target":["https:\/\/framtidenskarriar.se\/itdata\/2023\/02\/13\/pa-lansforsakringar-gar-it-och-affarsutveckling-hand-i-hand\/"]}]},{"@type":"ImageObject","inLanguage":"sv-SE","@id":"https:\/\/framtidenskarriar.se\/itdata\/2023\/02\/13\/pa-lansforsakringar-gar-it-och-affarsutveckling-hand-i-hand\/#primaryimage","url":"https:\/\/framtidenskarriar.se\/itdata\/wp-content\/uploads\/sites\/13\/2023\/02\/lansforsakringar-4.jpg","contentUrl":"https:\/\/framtidenskarriar.se\/itdata\/wp-content\/uploads\/sites\/13\/2023\/02\/lansforsakringar-4.jpg","width":1000,"height":639,"caption":"Pelle B\u00e4ckstr\u00f6m och Tedy Mduma, .NET-utvecklare p\u00e5 L\u00e4nsf\u00f6rs\u00e4kringar. Foto: Johan Marklund"},{"@type":"BreadcrumbList","@id":"https:\/\/framtidenskarriar.se\/itdata\/2023\/02\/13\/pa-lansforsakringar-gar-it-och-affarsutveckling-hand-i-hand\/#breadcrumb","itemListElement":[{"@type":"ListItem","position":1,"name":"Home","item":"https:\/\/framtidenskarriar.se\/itdata\/"},{"@type":"ListItem","position":2,"name":"P\u00e5 L\u00e4nsf\u00f6rs\u00e4kringar g\u00e5r it- och aff\u00e4rsutveckling hand i hand"}]},{"@type":"WebSite","@id":"https:\/\/framtidenskarriar.se\/itdata\/#website","url":"https:\/\/framtidenskarriar.se\/itdata\/","name":"Framtidens karri\u00e4r IT & Data","description":"Just another NMDashboard.se Sites site","potentialAction":[{"@type":"SearchAction","target":{"@type":"EntryPoint","urlTemplate":"https:\/\/framtidenskarriar.se\/itdata\/?s={search_term_string}"},"query-input":{"@type":"PropertyValueSpecification","valueRequired":true,"valueName":"search_term_string"}}],"inLanguage":"sv-SE"},{"@type":"Person","@id":"https:\/\/framtidenskarriar.se\/itdata\/#\/schema\/person\/2a13a849ec7646386c2211f59afe3083","name":"viktorwallen","image":{"@type":"ImageObject","inLanguage":"sv-SE","@id":"https:\/\/secure.gravatar.com\/avatar\/701701bd36169636031933997c8c6b954f2f635bbb7cd4802e4a007f9c9f4e59?s=96&d=mm&r=g","url":"https:\/\/secure.gravatar.com\/avatar\/701701bd36169636031933997c8c6b954f2f635bbb7cd4802e4a007f9c9f4e59?s=96&d=mm&r=g","contentUrl":"https:\/\/secure.gravatar.com\/avatar\/701701bd36169636031933997c8c6b954f2f635bbb7cd4802e4a007f9c9f4e59?s=96&d=mm&r=g","caption":"viktorwallen"},"url":"https:\/\/framtidenskarriar.se\/itdata\/author\/viktorwallen\/"}]}},"_links":{"self":[{"href":"https:\/\/framtidenskarriar.se\/itdata\/wp-json\/wp\/v2\/posts\/7711","targetHints":{"allow":["GET"]}}],"collection":[{"href":"https:\/\/framtidenskarriar.se\/itdata\/wp-json\/wp\/v2\/posts"}],"about":[{"href":"https:\/\/framtidenskarriar.se\/itdata\/wp-json\/wp\/v2\/types\/post"}],"author":[{"embeddable":true,"href":"https:\/\/framtidenskarriar.se\/itdata\/wp-json\/wp\/v2\/users\/2"}],"replies":[{"embeddable":true,"href":"https:\/\/framtidenskarriar.se\/itdata\/wp-json\/wp\/v2\/comments?post=7711"}],"version-history":[{"count":5,"href":"https:\/\/framtidenskarriar.se\/itdata\/wp-json\/wp\/v2\/posts\/7711\/revisions"}],"predecessor-version":[{"id":8255,"href":"https:\/\/framtidenskarriar.se\/itdata\/wp-json\/wp\/v2\/posts\/7711\/revisions\/8255"}],"wp:featuredmedia":[{"embeddable":true,"href":"https:\/\/framtidenskarriar.se\/itdata\/wp-json\/wp\/v2\/media\/7712"}],"wp:attachment":[{"href":"https:\/\/framtidenskarriar.se\/itdata\/wp-json\/wp\/v2\/media?parent=7711"}],"wp:term":[{"taxonomy":"category","embeddable":true,"href":"https:\/\/framtidenskarriar.se\/itdata\/wp-json\/wp\/v2\/categories?post=7711"},{"taxonomy":"post_tag","embeddable":true,"href":"https:\/\/framtidenskarriar.se\/itdata\/wp-json\/wp\/v2\/tags?post=7711"}],"curies":[{"name":"wp","href":"https:\/\/api.w.org\/{rel}","templated":true}]}}