{"id":7775,"date":"2023-02-14T09:17:58","date_gmt":"2023-02-14T09:17:58","guid":{"rendered":"https:\/\/framtidenskarriar.se\/itdata\/?p=7775"},"modified":"2023-02-16T08:59:04","modified_gmt":"2023-02-16T08:59:04","slug":"vill-du-gora-skillnad-pa-riktigt","status":"publish","type":"post","link":"https:\/\/framtidenskarriar.se\/itdata\/2023\/02\/14\/vill-du-gora-skillnad-pa-riktigt\/","title":{"rendered":"Vill du g\u00f6ra skillnad p\u00e5 riktigt?"},"content":{"rendered":"\n<figure class=\"wp-block-image size-full\"><img loading=\"lazy\" decoding=\"async\" width=\"1000\" height=\"699\" src=\"https:\/\/framtidenskarriar.se\/itdata\/wp-content\/uploads\/sites\/13\/2023\/02\/sofia-framtidenskarriar-digitalannons-23-02-16-1000px.jpg\" alt=\"\" class=\"wp-image-7974\" srcset=\"https:\/\/framtidenskarriar.se\/itdata\/wp-content\/uploads\/sites\/13\/2023\/02\/sofia-framtidenskarriar-digitalannons-23-02-16-1000px.jpg 1000w, https:\/\/framtidenskarriar.se\/itdata\/wp-content\/uploads\/sites\/13\/2023\/02\/sofia-framtidenskarriar-digitalannons-23-02-16-1000px-300x210.jpg 300w, https:\/\/framtidenskarriar.se\/itdata\/wp-content\/uploads\/sites\/13\/2023\/02\/sofia-framtidenskarriar-digitalannons-23-02-16-1000px-768x537.jpg 768w, https:\/\/framtidenskarriar.se\/itdata\/wp-content\/uploads\/sites\/13\/2023\/02\/sofia-framtidenskarriar-digitalannons-23-02-16-1000px-229x160.jpg 229w, https:\/\/framtidenskarriar.se\/itdata\/wp-content\/uploads\/sites\/13\/2023\/02\/sofia-framtidenskarriar-digitalannons-23-02-16-1000px-526x368.jpg 526w, https:\/\/framtidenskarriar.se\/itdata\/wp-content\/uploads\/sites\/13\/2023\/02\/sofia-framtidenskarriar-digitalannons-23-02-16-1000px-720x503.jpg 720w, https:\/\/framtidenskarriar.se\/itdata\/wp-content\/uploads\/sites\/13\/2023\/02\/sofia-framtidenskarriar-digitalannons-23-02-16-1000px-960x671.jpg 960w\" sizes=\"auto, (max-width: 1000px) 100vw, 1000px\" \/><\/figure>\n\n\n\n<p><strong>P\u00e5 FRA arbetar vi med n\u00e5got som ingen annan g\u00f6r i Sverige. V\u00e5r uppgift \u00e4r att skydda det viktigaste vi har &#8211; v\u00e5r trygghet, v\u00e5r demokrati och v\u00e5rt s\u00e4tt att leva.<\/strong><\/p>\n\n\n\n<p>Vi \u00e4r en arbetsplats f\u00f6r dig som vill vara med och skydda Sverige mot de allvarligaste hot som kan riktas mot v\u00e5rt samh\u00e4lle &#8211; milit\u00e4ra angrepp, terrorism och cyberattacker.<\/p>\n\n\n\n<p>F\u00f6r att klara det beh\u00f6ver vi f\u00f6rst\u00e5 och tolka v\u00e5r omv\u00e4rld och ha koll p\u00e5 det senaste inom tekniken. Det kr\u00e4ver en unik blandning av kompetenser och individer som alla bidrar med sitt s\u00e4tt att t\u00e4nka. Tillsammans ser vi mer och l\u00f6ser v\u00e5r uppgift b\u00e4ttre.<\/p>\n\n\n\n<p>D\u00e4rf\u00f6r s\u00f6ker vi dig som ocks\u00e5 vill v\u00e4rna det viktigaste vi har. Som ocks\u00e5 vill g\u00f6ra skillnad p\u00e5 riktigt och arbeta med unika arbetsuppgifter. Som vill ha balans i livet. Och som trivs p\u00e5 en smart och sp\u00e4nnande arbetsplats som alltid \u00e4r i skarpt l\u00e4ge.<\/p>\n\n\n\n<p class=\"has-color-white-01-color has-text-color has-background\" style=\"background-color:#003148\"><strong>Hos oss blir du en av de b\u00e4sta. P\u00e5 ditt s\u00e4tt.<\/strong><br><br>Utforska m\u00f6jligheterna hos oss. <strong><span style=\"text-decoration: underline;\"><a href=\"https:\/\/fra.se\/jobbahososs.4.55af049f184e92956c42cab.html\" target=\"_blank\" rel=\"noreferrer noopener\">Klicka h\u00e4r f\u00f6r att l\u00e4sa mer om att jobba hos oss<\/a><\/span><\/strong><\/p>\n\n\n\n<div class=\"wp-block-group faktaruta has-color-white-01-background-color has-background\"><div class=\"wp-block-group__inner-container is-layout-flow wp-block-group-is-layout-flow\">\n<h6 class=\"wp-block-heading\" id=\"fra\">FRA<\/h6>\n\n\n\n<p>V\u00e5rt uppdrag \u00e4r att bidra till att skydda Sveriges integritet och oberoende i v\u00e4rlden. Oavsett roll bidrar vi alla p\u00e5 v\u00e5rt s\u00e4tt till att utf\u00f6ra det gemensamma uppdraget. H\u00e4r f\u00e5r du arbeta i en kunskapsintensiv och kreativ milj\u00f6 d\u00e4r du g\u00f6r skillnad varje dag.<br><strong><a title=\"FRA VT23 jobb annons textlink\" href=\"http:\/\/fra.se\/jobb\" target=\"_blank\" rel=\"noreferrer noopener\">fra.se\/jobb<\/a><\/strong><br><br><a title=\"FRA VT23 jobb annons logotype\" href=\"http:\/\/fra.se\/jobb\" target=\"_blank\" rel=\"noreferrer noopener\"><img loading=\"lazy\" decoding=\"async\" width=\"100\" height=\"57\" class=\"wp-image-7456\" style=\"width: 100px;\" src=\"https:\/\/framtidenskarriar.se\/itdata\/wp-content\/uploads\/sites\/13\/2022\/02\/fra-logo-cmyk.png\" alt=\"\" srcset=\"https:\/\/framtidenskarriar.se\/itdata\/wp-content\/uploads\/sites\/13\/2022\/02\/fra-logo-cmyk.png 750w, https:\/\/framtidenskarriar.se\/itdata\/wp-content\/uploads\/sites\/13\/2022\/02\/fra-logo-cmyk-300x170.png 300w, https:\/\/framtidenskarriar.se\/itdata\/wp-content\/uploads\/sites\/13\/2022\/02\/fra-logo-cmyk-282x160.png 282w, https:\/\/framtidenskarriar.se\/itdata\/wp-content\/uploads\/sites\/13\/2022\/02\/fra-logo-cmyk-80x45.png 80w, https:\/\/framtidenskarriar.se\/itdata\/wp-content\/uploads\/sites\/13\/2022\/02\/fra-logo-cmyk-720x409.png 720w, https:\/\/framtidenskarriar.se\/itdata\/wp-content\/uploads\/sites\/13\/2022\/02\/fra-logo-cmyk-526x299.png 526w\" sizes=\"auto, (max-width: 100px) 100vw, 100px\" \/><\/a><\/p>\n<\/div><\/div>\n","protected":false},"excerpt":{"rendered":"<p>V\u00e5r uppgift \u00e4r att skydda det viktigaste vi har &#8211; v\u00e5r trygghet, v\u00e5r demokrati och v\u00e5rt s\u00e4tt att leva.<\/p>\n","protected":false},"author":2,"featured_media":7974,"comment_status":"open","ping_status":"open","sticky":false,"template":"","format":"standard","meta":{"_acf_changed":false,"_monsterinsights_skip_tracking":false,"_monsterinsights_sitenote_active":false,"_monsterinsights_sitenote_note":"","_monsterinsights_sitenote_category":0,"footnotes":""},"categories":[275],"tags":[93],"class_list":["post-7775","post","type-post","status-publish","format-standard","has-post-thumbnail","hentry","category-jobb","tag-fra"],"acf":[],"yoast_head":"<!-- This site is optimized with the Yoast SEO plugin v27.3 - https:\/\/yoast.com\/product\/yoast-seo-wordpress\/ -->\n<title>Vill du g\u00f6ra skillnad p\u00e5 riktigt? - Framtidens karri\u00e4r IT &amp; Data<\/title>\n<meta name=\"robots\" content=\"index, follow, max-snippet:-1, max-image-preview:large, max-video-preview:-1\" \/>\n<link rel=\"canonical\" href=\"https:\/\/framtidenskarriar.se\/itdata\/2023\/02\/14\/vill-du-gora-skillnad-pa-riktigt\/\" \/>\n<meta property=\"og:locale\" content=\"sv_SE\" \/>\n<meta property=\"og:type\" content=\"article\" \/>\n<meta property=\"og:title\" content=\"Vill du g\u00f6ra skillnad p\u00e5 riktigt? - Framtidens karri\u00e4r IT &amp; Data\" \/>\n<meta property=\"og:description\" content=\"V\u00e5r uppgift \u00e4r att skydda det viktigaste vi har - v\u00e5r trygghet, v\u00e5r demokrati och v\u00e5rt s\u00e4tt att leva.\" \/>\n<meta property=\"og:url\" content=\"https:\/\/framtidenskarriar.se\/itdata\/2023\/02\/14\/vill-du-gora-skillnad-pa-riktigt\/\" \/>\n<meta property=\"og:site_name\" content=\"Framtidens karri\u00e4r IT &amp; Data\" \/>\n<meta property=\"article:published_time\" content=\"2023-02-14T09:17:58+00:00\" \/>\n<meta property=\"article:modified_time\" content=\"2023-02-16T08:59:04+00:00\" \/>\n<meta property=\"og:image\" content=\"https:\/\/framtidenskarriar.se\/itdata\/wp-content\/uploads\/sites\/13\/2023\/02\/sofia-framtidenskarriar-digitalannons-23-02-16-1000px.jpg\" \/>\n\t<meta property=\"og:image:width\" content=\"1000\" \/>\n\t<meta property=\"og:image:height\" content=\"699\" \/>\n\t<meta property=\"og:image:type\" content=\"image\/jpeg\" \/>\n<meta name=\"author\" content=\"viktorwallen\" \/>\n<meta name=\"twitter:card\" content=\"summary_large_image\" \/>\n<meta name=\"twitter:label1\" content=\"Skriven av\" \/>\n\t<meta name=\"twitter:data1\" content=\"viktorwallen\" \/>\n\t<meta name=\"twitter:label2\" content=\"Ber\u00e4knad l\u00e4stid\" \/>\n\t<meta name=\"twitter:data2\" content=\"2 minuter\" \/>\n<script type=\"application\/ld+json\" class=\"yoast-schema-graph\">{\"@context\":\"https:\\\/\\\/schema.org\",\"@graph\":[{\"@type\":\"Article\",\"@id\":\"https:\\\/\\\/framtidenskarriar.se\\\/itdata\\\/2023\\\/02\\\/14\\\/vill-du-gora-skillnad-pa-riktigt\\\/#article\",\"isPartOf\":{\"@id\":\"https:\\\/\\\/framtidenskarriar.se\\\/itdata\\\/2023\\\/02\\\/14\\\/vill-du-gora-skillnad-pa-riktigt\\\/\"},\"author\":{\"name\":\"viktorwallen\",\"@id\":\"https:\\\/\\\/framtidenskarriar.se\\\/itdata\\\/#\\\/schema\\\/person\\\/2a13a849ec7646386c2211f59afe3083\"},\"headline\":\"Vill du g\u00f6ra skillnad p\u00e5 riktigt?\",\"datePublished\":\"2023-02-14T09:17:58+00:00\",\"dateModified\":\"2023-02-16T08:59:04+00:00\",\"mainEntityOfPage\":{\"@id\":\"https:\\\/\\\/framtidenskarriar.se\\\/itdata\\\/2023\\\/02\\\/14\\\/vill-du-gora-skillnad-pa-riktigt\\\/\"},\"wordCount\":275,\"commentCount\":0,\"image\":{\"@id\":\"https:\\\/\\\/framtidenskarriar.se\\\/itdata\\\/2023\\\/02\\\/14\\\/vill-du-gora-skillnad-pa-riktigt\\\/#primaryimage\"},\"thumbnailUrl\":\"https:\\\/\\\/framtidenskarriar.se\\\/itdata\\\/wp-content\\\/uploads\\\/sites\\\/13\\\/2023\\\/02\\\/sofia-framtidenskarriar-digitalannons-23-02-16-1000px.jpg\",\"keywords\":[\"FRA\"],\"articleSection\":[\"Jobb\"],\"inLanguage\":\"sv-SE\",\"potentialAction\":[{\"@type\":\"CommentAction\",\"name\":\"Comment\",\"target\":[\"https:\\\/\\\/framtidenskarriar.se\\\/itdata\\\/2023\\\/02\\\/14\\\/vill-du-gora-skillnad-pa-riktigt\\\/#respond\"]}]},{\"@type\":\"WebPage\",\"@id\":\"https:\\\/\\\/framtidenskarriar.se\\\/itdata\\\/2023\\\/02\\\/14\\\/vill-du-gora-skillnad-pa-riktigt\\\/\",\"url\":\"https:\\\/\\\/framtidenskarriar.se\\\/itdata\\\/2023\\\/02\\\/14\\\/vill-du-gora-skillnad-pa-riktigt\\\/\",\"name\":\"Vill du g\u00f6ra skillnad p\u00e5 riktigt? - Framtidens karri\u00e4r IT & Data\",\"isPartOf\":{\"@id\":\"https:\\\/\\\/framtidenskarriar.se\\\/itdata\\\/#website\"},\"primaryImageOfPage\":{\"@id\":\"https:\\\/\\\/framtidenskarriar.se\\\/itdata\\\/2023\\\/02\\\/14\\\/vill-du-gora-skillnad-pa-riktigt\\\/#primaryimage\"},\"image\":{\"@id\":\"https:\\\/\\\/framtidenskarriar.se\\\/itdata\\\/2023\\\/02\\\/14\\\/vill-du-gora-skillnad-pa-riktigt\\\/#primaryimage\"},\"thumbnailUrl\":\"https:\\\/\\\/framtidenskarriar.se\\\/itdata\\\/wp-content\\\/uploads\\\/sites\\\/13\\\/2023\\\/02\\\/sofia-framtidenskarriar-digitalannons-23-02-16-1000px.jpg\",\"datePublished\":\"2023-02-14T09:17:58+00:00\",\"dateModified\":\"2023-02-16T08:59:04+00:00\",\"author\":{\"@id\":\"https:\\\/\\\/framtidenskarriar.se\\\/itdata\\\/#\\\/schema\\\/person\\\/2a13a849ec7646386c2211f59afe3083\"},\"breadcrumb\":{\"@id\":\"https:\\\/\\\/framtidenskarriar.se\\\/itdata\\\/2023\\\/02\\\/14\\\/vill-du-gora-skillnad-pa-riktigt\\\/#breadcrumb\"},\"inLanguage\":\"sv-SE\",\"potentialAction\":[{\"@type\":\"ReadAction\",\"target\":[\"https:\\\/\\\/framtidenskarriar.se\\\/itdata\\\/2023\\\/02\\\/14\\\/vill-du-gora-skillnad-pa-riktigt\\\/\"]}]},{\"@type\":\"ImageObject\",\"inLanguage\":\"sv-SE\",\"@id\":\"https:\\\/\\\/framtidenskarriar.se\\\/itdata\\\/2023\\\/02\\\/14\\\/vill-du-gora-skillnad-pa-riktigt\\\/#primaryimage\",\"url\":\"https:\\\/\\\/framtidenskarriar.se\\\/itdata\\\/wp-content\\\/uploads\\\/sites\\\/13\\\/2023\\\/02\\\/sofia-framtidenskarriar-digitalannons-23-02-16-1000px.jpg\",\"contentUrl\":\"https:\\\/\\\/framtidenskarriar.se\\\/itdata\\\/wp-content\\\/uploads\\\/sites\\\/13\\\/2023\\\/02\\\/sofia-framtidenskarriar-digitalannons-23-02-16-1000px.jpg\",\"width\":1000,\"height\":699},{\"@type\":\"BreadcrumbList\",\"@id\":\"https:\\\/\\\/framtidenskarriar.se\\\/itdata\\\/2023\\\/02\\\/14\\\/vill-du-gora-skillnad-pa-riktigt\\\/#breadcrumb\",\"itemListElement\":[{\"@type\":\"ListItem\",\"position\":1,\"name\":\"Home\",\"item\":\"https:\\\/\\\/framtidenskarriar.se\\\/itdata\\\/\"},{\"@type\":\"ListItem\",\"position\":2,\"name\":\"Vill du g\u00f6ra skillnad p\u00e5 riktigt?\"}]},{\"@type\":\"WebSite\",\"@id\":\"https:\\\/\\\/framtidenskarriar.se\\\/itdata\\\/#website\",\"url\":\"https:\\\/\\\/framtidenskarriar.se\\\/itdata\\\/\",\"name\":\"Framtidens karri\u00e4r IT & Data\",\"description\":\"Just another NMDashboard.se Sites site\",\"potentialAction\":[{\"@type\":\"SearchAction\",\"target\":{\"@type\":\"EntryPoint\",\"urlTemplate\":\"https:\\\/\\\/framtidenskarriar.se\\\/itdata\\\/?s={search_term_string}\"},\"query-input\":{\"@type\":\"PropertyValueSpecification\",\"valueRequired\":true,\"valueName\":\"search_term_string\"}}],\"inLanguage\":\"sv-SE\"},{\"@type\":\"Person\",\"@id\":\"https:\\\/\\\/framtidenskarriar.se\\\/itdata\\\/#\\\/schema\\\/person\\\/2a13a849ec7646386c2211f59afe3083\",\"name\":\"viktorwallen\",\"image\":{\"@type\":\"ImageObject\",\"inLanguage\":\"sv-SE\",\"@id\":\"https:\\\/\\\/secure.gravatar.com\\\/avatar\\\/701701bd36169636031933997c8c6b954f2f635bbb7cd4802e4a007f9c9f4e59?s=96&d=mm&r=g\",\"url\":\"https:\\\/\\\/secure.gravatar.com\\\/avatar\\\/701701bd36169636031933997c8c6b954f2f635bbb7cd4802e4a007f9c9f4e59?s=96&d=mm&r=g\",\"contentUrl\":\"https:\\\/\\\/secure.gravatar.com\\\/avatar\\\/701701bd36169636031933997c8c6b954f2f635bbb7cd4802e4a007f9c9f4e59?s=96&d=mm&r=g\",\"caption\":\"viktorwallen\"},\"url\":\"https:\\\/\\\/framtidenskarriar.se\\\/itdata\\\/author\\\/viktorwallen\\\/\"}]}<\/script>\n<!-- \/ Yoast SEO plugin. -->","yoast_head_json":{"title":"Vill du g\u00f6ra skillnad p\u00e5 riktigt? - Framtidens karri\u00e4r IT & Data","robots":{"index":"index","follow":"follow","max-snippet":"max-snippet:-1","max-image-preview":"max-image-preview:large","max-video-preview":"max-video-preview:-1"},"canonical":"https:\/\/framtidenskarriar.se\/itdata\/2023\/02\/14\/vill-du-gora-skillnad-pa-riktigt\/","og_locale":"sv_SE","og_type":"article","og_title":"Vill du g\u00f6ra skillnad p\u00e5 riktigt? - Framtidens karri\u00e4r IT & Data","og_description":"V\u00e5r uppgift \u00e4r att skydda det viktigaste vi har - v\u00e5r trygghet, v\u00e5r demokrati och v\u00e5rt s\u00e4tt att leva.","og_url":"https:\/\/framtidenskarriar.se\/itdata\/2023\/02\/14\/vill-du-gora-skillnad-pa-riktigt\/","og_site_name":"Framtidens karri\u00e4r IT & Data","article_published_time":"2023-02-14T09:17:58+00:00","article_modified_time":"2023-02-16T08:59:04+00:00","og_image":[{"width":1000,"height":699,"url":"https:\/\/framtidenskarriar.se\/itdata\/wp-content\/uploads\/sites\/13\/2023\/02\/sofia-framtidenskarriar-digitalannons-23-02-16-1000px.jpg","type":"image\/jpeg"}],"author":"viktorwallen","twitter_card":"summary_large_image","twitter_misc":{"Skriven av":"viktorwallen","Ber\u00e4knad l\u00e4stid":"2 minuter"},"schema":{"@context":"https:\/\/schema.org","@graph":[{"@type":"Article","@id":"https:\/\/framtidenskarriar.se\/itdata\/2023\/02\/14\/vill-du-gora-skillnad-pa-riktigt\/#article","isPartOf":{"@id":"https:\/\/framtidenskarriar.se\/itdata\/2023\/02\/14\/vill-du-gora-skillnad-pa-riktigt\/"},"author":{"name":"viktorwallen","@id":"https:\/\/framtidenskarriar.se\/itdata\/#\/schema\/person\/2a13a849ec7646386c2211f59afe3083"},"headline":"Vill du g\u00f6ra skillnad p\u00e5 riktigt?","datePublished":"2023-02-14T09:17:58+00:00","dateModified":"2023-02-16T08:59:04+00:00","mainEntityOfPage":{"@id":"https:\/\/framtidenskarriar.se\/itdata\/2023\/02\/14\/vill-du-gora-skillnad-pa-riktigt\/"},"wordCount":275,"commentCount":0,"image":{"@id":"https:\/\/framtidenskarriar.se\/itdata\/2023\/02\/14\/vill-du-gora-skillnad-pa-riktigt\/#primaryimage"},"thumbnailUrl":"https:\/\/framtidenskarriar.se\/itdata\/wp-content\/uploads\/sites\/13\/2023\/02\/sofia-framtidenskarriar-digitalannons-23-02-16-1000px.jpg","keywords":["FRA"],"articleSection":["Jobb"],"inLanguage":"sv-SE","potentialAction":[{"@type":"CommentAction","name":"Comment","target":["https:\/\/framtidenskarriar.se\/itdata\/2023\/02\/14\/vill-du-gora-skillnad-pa-riktigt\/#respond"]}]},{"@type":"WebPage","@id":"https:\/\/framtidenskarriar.se\/itdata\/2023\/02\/14\/vill-du-gora-skillnad-pa-riktigt\/","url":"https:\/\/framtidenskarriar.se\/itdata\/2023\/02\/14\/vill-du-gora-skillnad-pa-riktigt\/","name":"Vill du g\u00f6ra skillnad p\u00e5 riktigt? - Framtidens karri\u00e4r IT & Data","isPartOf":{"@id":"https:\/\/framtidenskarriar.se\/itdata\/#website"},"primaryImageOfPage":{"@id":"https:\/\/framtidenskarriar.se\/itdata\/2023\/02\/14\/vill-du-gora-skillnad-pa-riktigt\/#primaryimage"},"image":{"@id":"https:\/\/framtidenskarriar.se\/itdata\/2023\/02\/14\/vill-du-gora-skillnad-pa-riktigt\/#primaryimage"},"thumbnailUrl":"https:\/\/framtidenskarriar.se\/itdata\/wp-content\/uploads\/sites\/13\/2023\/02\/sofia-framtidenskarriar-digitalannons-23-02-16-1000px.jpg","datePublished":"2023-02-14T09:17:58+00:00","dateModified":"2023-02-16T08:59:04+00:00","author":{"@id":"https:\/\/framtidenskarriar.se\/itdata\/#\/schema\/person\/2a13a849ec7646386c2211f59afe3083"},"breadcrumb":{"@id":"https:\/\/framtidenskarriar.se\/itdata\/2023\/02\/14\/vill-du-gora-skillnad-pa-riktigt\/#breadcrumb"},"inLanguage":"sv-SE","potentialAction":[{"@type":"ReadAction","target":["https:\/\/framtidenskarriar.se\/itdata\/2023\/02\/14\/vill-du-gora-skillnad-pa-riktigt\/"]}]},{"@type":"ImageObject","inLanguage":"sv-SE","@id":"https:\/\/framtidenskarriar.se\/itdata\/2023\/02\/14\/vill-du-gora-skillnad-pa-riktigt\/#primaryimage","url":"https:\/\/framtidenskarriar.se\/itdata\/wp-content\/uploads\/sites\/13\/2023\/02\/sofia-framtidenskarriar-digitalannons-23-02-16-1000px.jpg","contentUrl":"https:\/\/framtidenskarriar.se\/itdata\/wp-content\/uploads\/sites\/13\/2023\/02\/sofia-framtidenskarriar-digitalannons-23-02-16-1000px.jpg","width":1000,"height":699},{"@type":"BreadcrumbList","@id":"https:\/\/framtidenskarriar.se\/itdata\/2023\/02\/14\/vill-du-gora-skillnad-pa-riktigt\/#breadcrumb","itemListElement":[{"@type":"ListItem","position":1,"name":"Home","item":"https:\/\/framtidenskarriar.se\/itdata\/"},{"@type":"ListItem","position":2,"name":"Vill du g\u00f6ra skillnad p\u00e5 riktigt?"}]},{"@type":"WebSite","@id":"https:\/\/framtidenskarriar.se\/itdata\/#website","url":"https:\/\/framtidenskarriar.se\/itdata\/","name":"Framtidens karri\u00e4r IT & Data","description":"Just another NMDashboard.se Sites site","potentialAction":[{"@type":"SearchAction","target":{"@type":"EntryPoint","urlTemplate":"https:\/\/framtidenskarriar.se\/itdata\/?s={search_term_string}"},"query-input":{"@type":"PropertyValueSpecification","valueRequired":true,"valueName":"search_term_string"}}],"inLanguage":"sv-SE"},{"@type":"Person","@id":"https:\/\/framtidenskarriar.se\/itdata\/#\/schema\/person\/2a13a849ec7646386c2211f59afe3083","name":"viktorwallen","image":{"@type":"ImageObject","inLanguage":"sv-SE","@id":"https:\/\/secure.gravatar.com\/avatar\/701701bd36169636031933997c8c6b954f2f635bbb7cd4802e4a007f9c9f4e59?s=96&d=mm&r=g","url":"https:\/\/secure.gravatar.com\/avatar\/701701bd36169636031933997c8c6b954f2f635bbb7cd4802e4a007f9c9f4e59?s=96&d=mm&r=g","contentUrl":"https:\/\/secure.gravatar.com\/avatar\/701701bd36169636031933997c8c6b954f2f635bbb7cd4802e4a007f9c9f4e59?s=96&d=mm&r=g","caption":"viktorwallen"},"url":"https:\/\/framtidenskarriar.se\/itdata\/author\/viktorwallen\/"}]}},"_links":{"self":[{"href":"https:\/\/framtidenskarriar.se\/itdata\/wp-json\/wp\/v2\/posts\/7775","targetHints":{"allow":["GET"]}}],"collection":[{"href":"https:\/\/framtidenskarriar.se\/itdata\/wp-json\/wp\/v2\/posts"}],"about":[{"href":"https:\/\/framtidenskarriar.se\/itdata\/wp-json\/wp\/v2\/types\/post"}],"author":[{"embeddable":true,"href":"https:\/\/framtidenskarriar.se\/itdata\/wp-json\/wp\/v2\/users\/2"}],"replies":[{"embeddable":true,"href":"https:\/\/framtidenskarriar.se\/itdata\/wp-json\/wp\/v2\/comments?post=7775"}],"version-history":[{"count":6,"href":"https:\/\/framtidenskarriar.se\/itdata\/wp-json\/wp\/v2\/posts\/7775\/revisions"}],"predecessor-version":[{"id":7975,"href":"https:\/\/framtidenskarriar.se\/itdata\/wp-json\/wp\/v2\/posts\/7775\/revisions\/7975"}],"wp:featuredmedia":[{"embeddable":true,"href":"https:\/\/framtidenskarriar.se\/itdata\/wp-json\/wp\/v2\/media\/7974"}],"wp:attachment":[{"href":"https:\/\/framtidenskarriar.se\/itdata\/wp-json\/wp\/v2\/media?parent=7775"}],"wp:term":[{"taxonomy":"category","embeddable":true,"href":"https:\/\/framtidenskarriar.se\/itdata\/wp-json\/wp\/v2\/categories?post=7775"},{"taxonomy":"post_tag","embeddable":true,"href":"https:\/\/framtidenskarriar.se\/itdata\/wp-json\/wp\/v2\/tags?post=7775"}],"curies":[{"name":"wp","href":"https:\/\/api.w.org\/{rel}","templated":true}]}}