{"id":8078,"date":"2024-02-13T10:11:22","date_gmt":"2024-02-13T10:11:22","guid":{"rendered":"https:\/\/framtidenskarriar.se\/itdata\/?p=8078"},"modified":"2026-01-27T09:04:03","modified_gmt":"2026-01-27T09:04:03","slug":"arbetsformedlingen-som-it-arbetsgivare","status":"publish","type":"post","link":"https:\/\/framtidenskarriar.se\/itdata\/2024\/02\/13\/arbetsformedlingen-som-it-arbetsgivare\/","title":{"rendered":"Arbetsf\u00f6rmedlingen som IT-arbetsgivare"},"content":{"rendered":"\n<figure class=\"wp-block-image size-full\"><img loading=\"lazy\" decoding=\"async\" width=\"1000\" height=\"663\" src=\"https:\/\/framtidenskarriar.se\/itdata\/wp-content\/uploads\/sites\/13\/2024\/02\/arbetsformedlingen-3.jpg\" alt=\"Eva von Haartman, chef f\u00f6r avdelningen Myndighetsgemensam IT, och Nicklas Hjalmarsson, chef f\u00f6r avdelningen Digitala arbetsf\u00f6rmedlingsst\u00f6d. Foto: Johan Marklund\" class=\"wp-image-8080\" srcset=\"https:\/\/framtidenskarriar.se\/itdata\/wp-content\/uploads\/sites\/13\/2024\/02\/arbetsformedlingen-3.jpg 1000w, https:\/\/framtidenskarriar.se\/itdata\/wp-content\/uploads\/sites\/13\/2024\/02\/arbetsformedlingen-3-300x199.jpg 300w, https:\/\/framtidenskarriar.se\/itdata\/wp-content\/uploads\/sites\/13\/2024\/02\/arbetsformedlingen-3-768x509.jpg 768w, https:\/\/framtidenskarriar.se\/itdata\/wp-content\/uploads\/sites\/13\/2024\/02\/arbetsformedlingen-3-241x160.jpg 241w, https:\/\/framtidenskarriar.se\/itdata\/wp-content\/uploads\/sites\/13\/2024\/02\/arbetsformedlingen-3-526x349.jpg 526w, https:\/\/framtidenskarriar.se\/itdata\/wp-content\/uploads\/sites\/13\/2024\/02\/arbetsformedlingen-3-720x477.jpg 720w, https:\/\/framtidenskarriar.se\/itdata\/wp-content\/uploads\/sites\/13\/2024\/02\/arbetsformedlingen-3-960x636.jpg 960w\" sizes=\"auto, (max-width: 1000px) 100vw, 1000px\" \/><figcaption class=\"wp-element-caption\">Eva von Haartman, chef f\u00f6r avdelningen Myndighetsgemensam IT, och Nicklas Hjalmarsson, chef f\u00f6r avdelningen Digitala arbetsf\u00f6rmedlingsst\u00f6d. Foto: Johan Marklund<\/figcaption><\/figure>\n\n\n\n<p><strong>Arbetsf\u00f6rmedlingens IT-avdelning har cirka 1\u00a0000 medarbetare som ansvarar f\u00f6r utveckling, leverans och underh\u00e5ll av IT-verktyg och plattformar. Produktstyrning och agil arbetsmetodik till\u00e4mpas, och utvecklingen sker i sprintar d\u00e4r tv\u00e4rfunktionella team samarbetar n\u00e4ra varandra. Nya medarbetare uppmuntras att axla egna ansvarsomr\u00e5den och engagera sig i p\u00e5g\u00e5ende initiativ.<\/strong><\/p>\n\n\n\n<p>Tv\u00e5 som lockades av m\u00f6jligheterna \u00e4r Eva von Haartman och Nicklas Hjalmarsson. Eva tilltr\u00e4dde sommaren 2022 rollen som chef f\u00f6r avdelningen Myndighetsgemensam IT. Hon har i sin karri\u00e4r arbetat i olika chefsroller inom privata sektorn, s\u00e5v\u00e4l i Sverige som internationellt. Eva har framf\u00f6r allt arbetat i stora organisationer med utveckling av verksamheter och IT. Hon valde Arbetsf\u00f6rmedlingen f\u00f6r att hon hade en \u00f6nskan att g\u00f6ra samh\u00e4llsnytta och drevs av nyfikenhet att l\u00e4ra sig mer om hur det offentliga Sverige fungerar.<br>Nicklas har \u00f6ver 25 \u00e5rs erfarenhet av olika roller inom IT i det privata n\u00e4ringslivet i Sverige och internationellt. Sommaren 2022 tilltr\u00e4dde han som chef f\u00f6r avdelningen Digitala arbetsf\u00f6rmedlingsst\u00f6d. Nicklas ber\u00e4ttar att han vill vara en del av att transformera och f\u00f6rb\u00e4ttra servicen till medborgarna och bidra till f\u00f6r\u00e4ndring. Arbetsf\u00f6rmedlingen \u00e4r en av v\u00e5ra sex st\u00f6rsta myndigheter och vi har ett ansvar att f\u00f6rvalta skattemedlen p\u00e5 allra b\u00e4sta s\u00e4tt.<br>Varf\u00f6r \u00e4r IT viktigt f\u00f6r Arbetsf\u00f6rmedlingen?<br>\u2013 M\u00e5nga \u00e4r beroende av att Arbetsf\u00f6rmedlingens digitala tj\u00e4nster fungerar optimalt, s\u00e4ger Nicklas. Vi arbetar p\u00e5 regeringens uppdrag f\u00f6r en arbetsmarknad som hj\u00e4lper m\u00e4nniskor fram\u00e5t. Som IT-specialist bidrar du direkt till samh\u00e4llsnytta. Vi arbetar i ett h\u00f6gt tempo och st\u00e5r inf\u00f6r st\u00e4ndiga f\u00f6r\u00e4ndringar, d\u00e4r vi tar stora steg f\u00f6r att modernisera v\u00e5ra arbetss\u00e4tt och implementera ny teknik.<br>\u2013 H\u00e4r h\u00e4nder det mycket och kompetensen \u00e4r v\u00e4ldigt h\u00f6g, s\u00e4ger Eva. Vi arbetar med teknik i framkant. Arbetsf\u00f6rmedlingen har starkt fokus p\u00e5 AI och var den f\u00f6rsta myndigheten som implementerade AI i den l\u00f6pande verksamheten. AI \u00e4r en del i alla beslut som handl\u00e4ggarna tar, till exempel en s\u00f6kandes r\u00e4tt till a-kassa. Eva framh\u00e5ller att AI och automatiserade processer bidrar till r\u00e4ttss\u00e4kerhet och en j\u00e4mlik behandling av \u00e4renden. Ett annat viktigt omr\u00e5de \u00e4r att utveckla s\u00e4kerhetsl\u00f6sningar som f\u00f6rhindrar fusk och bedr\u00e4gerier samt st\u00e4vjar v\u00e4lf\u00e4rdsbrottslighet, s\u00e4ger hon.<\/p>\n\n\n\n<p class=\"has-color-white-01-color has-text-color has-background has-link-color wp-elements-2b56a12ab8999eb2c9db3fe834fb37bc\" style=\"background-color:#003148\"><strong><a title=\"Arbetsf\u00f6rmedlingen VT24 pres jobb\" href=\"https:\/\/arbetsformedlingen.se\/om-oss\/jobba-hos-oss\/lediga-jobb\" target=\"_blank\" rel=\"noreferrer noopener nofollow\">Jobba med oss p\u00e5 Arbetsf\u00f6rmedlingen. <span style=\"text-decoration: underline;\">Klicka h\u00e4r f\u00f6r att se v\u00e5ra lediga tj\u00e4nster<\/span><\/a><\/strong><br><br><strong><span style=\"text-decoration: underline;\"><a href=\"https:\/\/se.linkedin.com\/company\/arbetsformedlingen\" title=\"Arbetsf\u00f6rmedlingen VT24 pres LinkedIn\" target=\"_blank\" rel=\"noreferrer noopener nofollow\">Klicka h\u00e4r f\u00f6r att bes\u00f6ka v\u00e5r LinkedIn<\/a><\/span><\/strong><\/p>\n\n\n\n<p><strong>Innovativ teknik<\/strong><br>Arbetsf\u00f6rmedlingen genomf\u00f6r en stor transformation som inneb\u00e4r att verksamheten digitaliseras. Digitaliseringen \u00e4r inne i en intensiv fas och siktet \u00e4r inst\u00e4llt p\u00e5 2026 \u2013 en reformerad myndighet med tydligare fokus.<br>\u2013 Det \u00e4r mycket p\u00e5 g\u00e5ng, ber\u00e4ttar Nicklas. Bland annat sker en satsning p\u00e5 RPA, Robot Process Automation, d\u00e4r l\u00f6sningar utvecklas f\u00f6r att ta hand om repetitiva uppgifter inom administration och ekonomi. D\u00e5 kan v\u00e5ra handl\u00e4ggare i st\u00e4llet l\u00e4gga sin tid p\u00e5 att hj\u00e4lpa m\u00e4nniskor.<\/p>\n\n\n\n<p><strong>M\u00e5nga karri\u00e4rv\u00e4gar<\/strong><br>Arbetsf\u00f6rmedlingen s\u00f6ker IT-specialister f\u00f6r att utveckla och driva verksamheten fram\u00e5t. Vi s\u00f6ker bland annat IT-arkitekter, systemvetare och kravhanterare. Oavsett om du \u00e4r generalist eller specialist finns sp\u00e4nnande karri\u00e4rm\u00f6jligheter.<br>Nyt\u00e4nkande och kreativitet uppmuntras i v\u00e5ra team, d\u00e4r kollegor respekterar och st\u00f6djer varandra. Med konkurrenskraftiga l\u00f6ner, flexibla arbetstider och m\u00f6jlighet att jobba p\u00e5 distans blir det enkelt att skapa balans i livet, ber\u00e4ttar Eva och Nicklas.<br>Det finns ett brett utbud av kompetensutveckling och m\u00f6jligheter att prova olika roller, betonar Eva och Nicklas. Men framf\u00f6r allt vill de trycka p\u00e5 den extra dimension som arbetet ger n\u00e4r man som medarbetare underl\u00e4ttar och f\u00f6rb\u00e4ttrar f\u00f6r m\u00e4nniskor.<br>\u2013 Vi hj\u00e4lper folk att komma ut i arbete, och f\u00f6retag att hitta arbetskraft. M\u00e5nga av v\u00e5ra inskrivna befinner sig i en utsatt situation, och v\u00e5rt arbete har direkt inverkan p\u00e5 deras liv. P\u00e5 s\u00e5 s\u00e4tt bidrar vi till ett b\u00e4ttre samh\u00e4lle, d\u00e4r fler kan f\u00f6rs\u00f6rja sig sj\u00e4lva.<\/p>\n\n\n\n<div class=\"wp-block-group faktaruta\"><div class=\"wp-block-group__inner-container is-layout-constrained wp-block-group-is-layout-constrained\">\n<h6 class=\"wp-block-heading\">Arbetsf\u00f6rmedlingen<\/h6>\n\n\n\n<p>Arbetsf\u00f6rmedlingen \u00e4r Sveriges st\u00f6rsta f\u00f6rmedlare av arbeten. V\u00e5rt jobb \u00e4r att s\u00e5 effektivt som m\u00f6jligt f\u00f6ra samman de som s\u00f6ker medarbetare med de som s\u00f6ker jobb och bidra till en v\u00e4l fungerande arbetsmarknad. En viktig uppgift f\u00f6r oss \u00e4r att rusta de som st\u00e5r l\u00e5ngt ifr\u00e5n arbetsmarknaden och p\u00e5 s\u00e5 s\u00e4tt motverka utslagning och \u00f6ka syssels\u00e4ttningen. Vi kontrollerar \u00e4ven att arbetsgivare som f\u00e5r anst\u00e4llningsst\u00f6d och att de som \u00e4r anm\u00e4lda som arbetsl\u00f6sa f\u00f6ljer regelverket, s\u00e5 att de kan f\u00e5 r\u00e4tt st\u00f6d fr\u00e5n bland andra a-kassan och F\u00f6rs\u00e4kringskassan. En central del av detta \u00e4r IT i framkant, och vi erbjuder en rad sp\u00e4nnande karri\u00e4rv\u00e4gar f\u00f6r IT-specialister. H\u00e4r finns goda anst\u00e4llningsvillkor med balans mellan arbete och fritid.<\/p>\n\n\n\n<p>Nyfiken? L\u00e4s mer p\u00e5 <strong><a title=\"Arbetsf\u00f6rmedlingen VT24 pres textlink\" href=\"https:\/\/arbetsformedlingen.se\/\" target=\"_blank\" rel=\"noreferrer noopener nofollow\">www.arbetsformedlingen.se<\/a><\/strong><br><br><a href=\"https:\/\/arbetsformedlingen.se\/\" title=\"Arbetsf\u00f6rmedlingen VT24 pres logotype\" target=\"_blank\" rel=\"noreferrer noopener nofollow\"><img loading=\"lazy\" decoding=\"async\" width=\"200\" height=\"24\" class=\"wp-image-8079\" style=\"width: 200px;\" src=\"https:\/\/framtidenskarriar.se\/itdata\/wp-content\/uploads\/sites\/13\/2024\/02\/af-logotyp-gron-bla-rgb.png\" alt=\"\" srcset=\"https:\/\/framtidenskarriar.se\/itdata\/wp-content\/uploads\/sites\/13\/2024\/02\/af-logotyp-gron-bla-rgb.png 1181w, https:\/\/framtidenskarriar.se\/itdata\/wp-content\/uploads\/sites\/13\/2024\/02\/af-logotyp-gron-bla-rgb-300x37.png 300w, https:\/\/framtidenskarriar.se\/itdata\/wp-content\/uploads\/sites\/13\/2024\/02\/af-logotyp-gron-bla-rgb-1024x125.png 1024w, https:\/\/framtidenskarriar.se\/itdata\/wp-content\/uploads\/sites\/13\/2024\/02\/af-logotyp-gron-bla-rgb-768x94.png 768w, https:\/\/framtidenskarriar.se\/itdata\/wp-content\/uploads\/sites\/13\/2024\/02\/af-logotyp-gron-bla-rgb-1140x139.png 1140w, https:\/\/framtidenskarriar.se\/itdata\/wp-content\/uploads\/sites\/13\/2024\/02\/af-logotyp-gron-bla-rgb-526x64.png 526w, https:\/\/framtidenskarriar.se\/itdata\/wp-content\/uploads\/sites\/13\/2024\/02\/af-logotyp-gron-bla-rgb-720x88.png 720w, https:\/\/framtidenskarriar.se\/itdata\/wp-content\/uploads\/sites\/13\/2024\/02\/af-logotyp-gron-bla-rgb-960x117.png 960w\" sizes=\"auto, (max-width: 200px) 100vw, 200px\" \/><\/a><\/p>\n<\/div><\/div>\n","protected":false},"excerpt":{"rendered":"<p>H\u00e4r sker utvecklingen i sprintar d\u00e4r tv\u00e4rfunktionella team samarbetar n\u00e4ra varandra.<\/p>\n","protected":false},"author":2,"featured_media":8080,"comment_status":"closed","ping_status":"closed","sticky":false,"template":"","format":"standard","meta":{"_acf_changed":false,"_monsterinsights_skip_tracking":false,"_monsterinsights_sitenote_active":false,"_monsterinsights_sitenote_note":"","_monsterinsights_sitenote_category":0,"footnotes":""},"categories":[9],"tags":[25,241],"class_list":["post-8078","post","type-post","status-publish","format-standard","has-post-thumbnail","hentry","category-presentation","tag-arbetsformedlingen","tag-statligt"],"acf":[],"yoast_head":"<!-- This site is optimized with the Yoast SEO plugin v27.3 - https:\/\/yoast.com\/product\/yoast-seo-wordpress\/ -->\n<title>Arbetsf\u00f6rmedlingen som IT-arbetsgivare - Framtidens karri\u00e4r IT &amp; Data<\/title>\n<meta name=\"robots\" content=\"index, follow, max-snippet:-1, max-image-preview:large, max-video-preview:-1\" \/>\n<link rel=\"canonical\" href=\"https:\/\/framtidenskarriar.se\/itdata\/2024\/02\/13\/arbetsformedlingen-som-it-arbetsgivare\/\" \/>\n<meta property=\"og:locale\" content=\"sv_SE\" \/>\n<meta property=\"og:type\" content=\"article\" \/>\n<meta property=\"og:title\" content=\"Arbetsf\u00f6rmedlingen som IT-arbetsgivare - Framtidens karri\u00e4r IT &amp; Data\" \/>\n<meta property=\"og:description\" content=\"H\u00e4r sker utvecklingen i sprintar d\u00e4r tv\u00e4rfunktionella team samarbetar n\u00e4ra varandra.\" \/>\n<meta property=\"og:url\" content=\"https:\/\/framtidenskarriar.se\/itdata\/2024\/02\/13\/arbetsformedlingen-som-it-arbetsgivare\/\" \/>\n<meta property=\"og:site_name\" content=\"Framtidens karri\u00e4r IT &amp; Data\" \/>\n<meta property=\"article:published_time\" content=\"2024-02-13T10:11:22+00:00\" \/>\n<meta property=\"article:modified_time\" content=\"2026-01-27T09:04:03+00:00\" \/>\n<meta property=\"og:image\" content=\"https:\/\/framtidenskarriar.se\/itdata\/wp-content\/uploads\/sites\/13\/2024\/02\/arbetsformedlingen-3.jpg\" \/>\n\t<meta property=\"og:image:width\" content=\"1000\" \/>\n\t<meta property=\"og:image:height\" content=\"663\" \/>\n\t<meta property=\"og:image:type\" content=\"image\/jpeg\" \/>\n<meta name=\"author\" content=\"viktorwallen\" \/>\n<meta name=\"twitter:card\" content=\"summary_large_image\" \/>\n<meta name=\"twitter:label1\" content=\"Skriven av\" \/>\n\t<meta name=\"twitter:data1\" content=\"viktorwallen\" \/>\n\t<meta name=\"twitter:label2\" content=\"Ber\u00e4knad l\u00e4stid\" \/>\n\t<meta name=\"twitter:data2\" content=\"1 minut\" \/>\n<script type=\"application\/ld+json\" class=\"yoast-schema-graph\">{\"@context\":\"https:\\\/\\\/schema.org\",\"@graph\":[{\"@type\":\"Article\",\"@id\":\"https:\\\/\\\/framtidenskarriar.se\\\/itdata\\\/2024\\\/02\\\/13\\\/arbetsformedlingen-som-it-arbetsgivare\\\/#article\",\"isPartOf\":{\"@id\":\"https:\\\/\\\/framtidenskarriar.se\\\/itdata\\\/2024\\\/02\\\/13\\\/arbetsformedlingen-som-it-arbetsgivare\\\/\"},\"author\":{\"name\":\"viktorwallen\",\"@id\":\"https:\\\/\\\/framtidenskarriar.se\\\/itdata\\\/#\\\/schema\\\/person\\\/2a13a849ec7646386c2211f59afe3083\"},\"headline\":\"Arbetsf\u00f6rmedlingen som IT-arbetsgivare\",\"datePublished\":\"2024-02-13T10:11:22+00:00\",\"dateModified\":\"2026-01-27T09:04:03+00:00\",\"mainEntityOfPage\":{\"@id\":\"https:\\\/\\\/framtidenskarriar.se\\\/itdata\\\/2024\\\/02\\\/13\\\/arbetsformedlingen-som-it-arbetsgivare\\\/\"},\"wordCount\":915,\"image\":{\"@id\":\"https:\\\/\\\/framtidenskarriar.se\\\/itdata\\\/2024\\\/02\\\/13\\\/arbetsformedlingen-som-it-arbetsgivare\\\/#primaryimage\"},\"thumbnailUrl\":\"https:\\\/\\\/framtidenskarriar.se\\\/itdata\\\/wp-content\\\/uploads\\\/sites\\\/13\\\/2024\\\/02\\\/arbetsformedlingen-3.jpg\",\"keywords\":[\"Arbetsf\u00f6rmedlingen\",\"Statligt\"],\"articleSection\":[\"Presentation\"],\"inLanguage\":\"sv-SE\"},{\"@type\":\"WebPage\",\"@id\":\"https:\\\/\\\/framtidenskarriar.se\\\/itdata\\\/2024\\\/02\\\/13\\\/arbetsformedlingen-som-it-arbetsgivare\\\/\",\"url\":\"https:\\\/\\\/framtidenskarriar.se\\\/itdata\\\/2024\\\/02\\\/13\\\/arbetsformedlingen-som-it-arbetsgivare\\\/\",\"name\":\"Arbetsf\u00f6rmedlingen som IT-arbetsgivare - Framtidens karri\u00e4r IT & Data\",\"isPartOf\":{\"@id\":\"https:\\\/\\\/framtidenskarriar.se\\\/itdata\\\/#website\"},\"primaryImageOfPage\":{\"@id\":\"https:\\\/\\\/framtidenskarriar.se\\\/itdata\\\/2024\\\/02\\\/13\\\/arbetsformedlingen-som-it-arbetsgivare\\\/#primaryimage\"},\"image\":{\"@id\":\"https:\\\/\\\/framtidenskarriar.se\\\/itdata\\\/2024\\\/02\\\/13\\\/arbetsformedlingen-som-it-arbetsgivare\\\/#primaryimage\"},\"thumbnailUrl\":\"https:\\\/\\\/framtidenskarriar.se\\\/itdata\\\/wp-content\\\/uploads\\\/sites\\\/13\\\/2024\\\/02\\\/arbetsformedlingen-3.jpg\",\"datePublished\":\"2024-02-13T10:11:22+00:00\",\"dateModified\":\"2026-01-27T09:04:03+00:00\",\"author\":{\"@id\":\"https:\\\/\\\/framtidenskarriar.se\\\/itdata\\\/#\\\/schema\\\/person\\\/2a13a849ec7646386c2211f59afe3083\"},\"breadcrumb\":{\"@id\":\"https:\\\/\\\/framtidenskarriar.se\\\/itdata\\\/2024\\\/02\\\/13\\\/arbetsformedlingen-som-it-arbetsgivare\\\/#breadcrumb\"},\"inLanguage\":\"sv-SE\",\"potentialAction\":[{\"@type\":\"ReadAction\",\"target\":[\"https:\\\/\\\/framtidenskarriar.se\\\/itdata\\\/2024\\\/02\\\/13\\\/arbetsformedlingen-som-it-arbetsgivare\\\/\"]}]},{\"@type\":\"ImageObject\",\"inLanguage\":\"sv-SE\",\"@id\":\"https:\\\/\\\/framtidenskarriar.se\\\/itdata\\\/2024\\\/02\\\/13\\\/arbetsformedlingen-som-it-arbetsgivare\\\/#primaryimage\",\"url\":\"https:\\\/\\\/framtidenskarriar.se\\\/itdata\\\/wp-content\\\/uploads\\\/sites\\\/13\\\/2024\\\/02\\\/arbetsformedlingen-3.jpg\",\"contentUrl\":\"https:\\\/\\\/framtidenskarriar.se\\\/itdata\\\/wp-content\\\/uploads\\\/sites\\\/13\\\/2024\\\/02\\\/arbetsformedlingen-3.jpg\",\"width\":1000,\"height\":663,\"caption\":\"Eva von Haartman, chef f\u00f6r avdelningen Myndighetsgemensam IT, och Nicklas Hjalmarsson, chef f\u00f6r avdelningen Digitala arbetsf\u00f6rmedlingsst\u00f6d. Foto: Johan Marklund\"},{\"@type\":\"BreadcrumbList\",\"@id\":\"https:\\\/\\\/framtidenskarriar.se\\\/itdata\\\/2024\\\/02\\\/13\\\/arbetsformedlingen-som-it-arbetsgivare\\\/#breadcrumb\",\"itemListElement\":[{\"@type\":\"ListItem\",\"position\":1,\"name\":\"Home\",\"item\":\"https:\\\/\\\/framtidenskarriar.se\\\/itdata\\\/\"},{\"@type\":\"ListItem\",\"position\":2,\"name\":\"Arbetsf\u00f6rmedlingen som IT-arbetsgivare\"}]},{\"@type\":\"WebSite\",\"@id\":\"https:\\\/\\\/framtidenskarriar.se\\\/itdata\\\/#website\",\"url\":\"https:\\\/\\\/framtidenskarriar.se\\\/itdata\\\/\",\"name\":\"Framtidens karri\u00e4r IT & Data\",\"description\":\"Just another NMDashboard.se Sites site\",\"potentialAction\":[{\"@type\":\"SearchAction\",\"target\":{\"@type\":\"EntryPoint\",\"urlTemplate\":\"https:\\\/\\\/framtidenskarriar.se\\\/itdata\\\/?s={search_term_string}\"},\"query-input\":{\"@type\":\"PropertyValueSpecification\",\"valueRequired\":true,\"valueName\":\"search_term_string\"}}],\"inLanguage\":\"sv-SE\"},{\"@type\":\"Person\",\"@id\":\"https:\\\/\\\/framtidenskarriar.se\\\/itdata\\\/#\\\/schema\\\/person\\\/2a13a849ec7646386c2211f59afe3083\",\"name\":\"viktorwallen\",\"image\":{\"@type\":\"ImageObject\",\"inLanguage\":\"sv-SE\",\"@id\":\"https:\\\/\\\/secure.gravatar.com\\\/avatar\\\/701701bd36169636031933997c8c6b954f2f635bbb7cd4802e4a007f9c9f4e59?s=96&d=mm&r=g\",\"url\":\"https:\\\/\\\/secure.gravatar.com\\\/avatar\\\/701701bd36169636031933997c8c6b954f2f635bbb7cd4802e4a007f9c9f4e59?s=96&d=mm&r=g\",\"contentUrl\":\"https:\\\/\\\/secure.gravatar.com\\\/avatar\\\/701701bd36169636031933997c8c6b954f2f635bbb7cd4802e4a007f9c9f4e59?s=96&d=mm&r=g\",\"caption\":\"viktorwallen\"},\"url\":\"https:\\\/\\\/framtidenskarriar.se\\\/itdata\\\/author\\\/viktorwallen\\\/\"}]}<\/script>\n<!-- \/ Yoast SEO plugin. -->","yoast_head_json":{"title":"Arbetsf\u00f6rmedlingen som IT-arbetsgivare - Framtidens karri\u00e4r IT & Data","robots":{"index":"index","follow":"follow","max-snippet":"max-snippet:-1","max-image-preview":"max-image-preview:large","max-video-preview":"max-video-preview:-1"},"canonical":"https:\/\/framtidenskarriar.se\/itdata\/2024\/02\/13\/arbetsformedlingen-som-it-arbetsgivare\/","og_locale":"sv_SE","og_type":"article","og_title":"Arbetsf\u00f6rmedlingen som IT-arbetsgivare - Framtidens karri\u00e4r IT & Data","og_description":"H\u00e4r sker utvecklingen i sprintar d\u00e4r tv\u00e4rfunktionella team samarbetar n\u00e4ra varandra.","og_url":"https:\/\/framtidenskarriar.se\/itdata\/2024\/02\/13\/arbetsformedlingen-som-it-arbetsgivare\/","og_site_name":"Framtidens karri\u00e4r IT & Data","article_published_time":"2024-02-13T10:11:22+00:00","article_modified_time":"2026-01-27T09:04:03+00:00","og_image":[{"width":1000,"height":663,"url":"https:\/\/framtidenskarriar.se\/itdata\/wp-content\/uploads\/sites\/13\/2024\/02\/arbetsformedlingen-3.jpg","type":"image\/jpeg"}],"author":"viktorwallen","twitter_card":"summary_large_image","twitter_misc":{"Skriven av":"viktorwallen","Ber\u00e4knad l\u00e4stid":"1 minut"},"schema":{"@context":"https:\/\/schema.org","@graph":[{"@type":"Article","@id":"https:\/\/framtidenskarriar.se\/itdata\/2024\/02\/13\/arbetsformedlingen-som-it-arbetsgivare\/#article","isPartOf":{"@id":"https:\/\/framtidenskarriar.se\/itdata\/2024\/02\/13\/arbetsformedlingen-som-it-arbetsgivare\/"},"author":{"name":"viktorwallen","@id":"https:\/\/framtidenskarriar.se\/itdata\/#\/schema\/person\/2a13a849ec7646386c2211f59afe3083"},"headline":"Arbetsf\u00f6rmedlingen som IT-arbetsgivare","datePublished":"2024-02-13T10:11:22+00:00","dateModified":"2026-01-27T09:04:03+00:00","mainEntityOfPage":{"@id":"https:\/\/framtidenskarriar.se\/itdata\/2024\/02\/13\/arbetsformedlingen-som-it-arbetsgivare\/"},"wordCount":915,"image":{"@id":"https:\/\/framtidenskarriar.se\/itdata\/2024\/02\/13\/arbetsformedlingen-som-it-arbetsgivare\/#primaryimage"},"thumbnailUrl":"https:\/\/framtidenskarriar.se\/itdata\/wp-content\/uploads\/sites\/13\/2024\/02\/arbetsformedlingen-3.jpg","keywords":["Arbetsf\u00f6rmedlingen","Statligt"],"articleSection":["Presentation"],"inLanguage":"sv-SE"},{"@type":"WebPage","@id":"https:\/\/framtidenskarriar.se\/itdata\/2024\/02\/13\/arbetsformedlingen-som-it-arbetsgivare\/","url":"https:\/\/framtidenskarriar.se\/itdata\/2024\/02\/13\/arbetsformedlingen-som-it-arbetsgivare\/","name":"Arbetsf\u00f6rmedlingen som IT-arbetsgivare - Framtidens karri\u00e4r IT & Data","isPartOf":{"@id":"https:\/\/framtidenskarriar.se\/itdata\/#website"},"primaryImageOfPage":{"@id":"https:\/\/framtidenskarriar.se\/itdata\/2024\/02\/13\/arbetsformedlingen-som-it-arbetsgivare\/#primaryimage"},"image":{"@id":"https:\/\/framtidenskarriar.se\/itdata\/2024\/02\/13\/arbetsformedlingen-som-it-arbetsgivare\/#primaryimage"},"thumbnailUrl":"https:\/\/framtidenskarriar.se\/itdata\/wp-content\/uploads\/sites\/13\/2024\/02\/arbetsformedlingen-3.jpg","datePublished":"2024-02-13T10:11:22+00:00","dateModified":"2026-01-27T09:04:03+00:00","author":{"@id":"https:\/\/framtidenskarriar.se\/itdata\/#\/schema\/person\/2a13a849ec7646386c2211f59afe3083"},"breadcrumb":{"@id":"https:\/\/framtidenskarriar.se\/itdata\/2024\/02\/13\/arbetsformedlingen-som-it-arbetsgivare\/#breadcrumb"},"inLanguage":"sv-SE","potentialAction":[{"@type":"ReadAction","target":["https:\/\/framtidenskarriar.se\/itdata\/2024\/02\/13\/arbetsformedlingen-som-it-arbetsgivare\/"]}]},{"@type":"ImageObject","inLanguage":"sv-SE","@id":"https:\/\/framtidenskarriar.se\/itdata\/2024\/02\/13\/arbetsformedlingen-som-it-arbetsgivare\/#primaryimage","url":"https:\/\/framtidenskarriar.se\/itdata\/wp-content\/uploads\/sites\/13\/2024\/02\/arbetsformedlingen-3.jpg","contentUrl":"https:\/\/framtidenskarriar.se\/itdata\/wp-content\/uploads\/sites\/13\/2024\/02\/arbetsformedlingen-3.jpg","width":1000,"height":663,"caption":"Eva von Haartman, chef f\u00f6r avdelningen Myndighetsgemensam IT, och Nicklas Hjalmarsson, chef f\u00f6r avdelningen Digitala arbetsf\u00f6rmedlingsst\u00f6d. Foto: Johan Marklund"},{"@type":"BreadcrumbList","@id":"https:\/\/framtidenskarriar.se\/itdata\/2024\/02\/13\/arbetsformedlingen-som-it-arbetsgivare\/#breadcrumb","itemListElement":[{"@type":"ListItem","position":1,"name":"Home","item":"https:\/\/framtidenskarriar.se\/itdata\/"},{"@type":"ListItem","position":2,"name":"Arbetsf\u00f6rmedlingen som IT-arbetsgivare"}]},{"@type":"WebSite","@id":"https:\/\/framtidenskarriar.se\/itdata\/#website","url":"https:\/\/framtidenskarriar.se\/itdata\/","name":"Framtidens karri\u00e4r IT & Data","description":"Just another NMDashboard.se Sites site","potentialAction":[{"@type":"SearchAction","target":{"@type":"EntryPoint","urlTemplate":"https:\/\/framtidenskarriar.se\/itdata\/?s={search_term_string}"},"query-input":{"@type":"PropertyValueSpecification","valueRequired":true,"valueName":"search_term_string"}}],"inLanguage":"sv-SE"},{"@type":"Person","@id":"https:\/\/framtidenskarriar.se\/itdata\/#\/schema\/person\/2a13a849ec7646386c2211f59afe3083","name":"viktorwallen","image":{"@type":"ImageObject","inLanguage":"sv-SE","@id":"https:\/\/secure.gravatar.com\/avatar\/701701bd36169636031933997c8c6b954f2f635bbb7cd4802e4a007f9c9f4e59?s=96&d=mm&r=g","url":"https:\/\/secure.gravatar.com\/avatar\/701701bd36169636031933997c8c6b954f2f635bbb7cd4802e4a007f9c9f4e59?s=96&d=mm&r=g","contentUrl":"https:\/\/secure.gravatar.com\/avatar\/701701bd36169636031933997c8c6b954f2f635bbb7cd4802e4a007f9c9f4e59?s=96&d=mm&r=g","caption":"viktorwallen"},"url":"https:\/\/framtidenskarriar.se\/itdata\/author\/viktorwallen\/"}]}},"_links":{"self":[{"href":"https:\/\/framtidenskarriar.se\/itdata\/wp-json\/wp\/v2\/posts\/8078","targetHints":{"allow":["GET"]}}],"collection":[{"href":"https:\/\/framtidenskarriar.se\/itdata\/wp-json\/wp\/v2\/posts"}],"about":[{"href":"https:\/\/framtidenskarriar.se\/itdata\/wp-json\/wp\/v2\/types\/post"}],"author":[{"embeddable":true,"href":"https:\/\/framtidenskarriar.se\/itdata\/wp-json\/wp\/v2\/users\/2"}],"replies":[{"embeddable":true,"href":"https:\/\/framtidenskarriar.se\/itdata\/wp-json\/wp\/v2\/comments?post=8078"}],"version-history":[{"count":6,"href":"https:\/\/framtidenskarriar.se\/itdata\/wp-json\/wp\/v2\/posts\/8078\/revisions"}],"predecessor-version":[{"id":8780,"href":"https:\/\/framtidenskarriar.se\/itdata\/wp-json\/wp\/v2\/posts\/8078\/revisions\/8780"}],"wp:featuredmedia":[{"embeddable":true,"href":"https:\/\/framtidenskarriar.se\/itdata\/wp-json\/wp\/v2\/media\/8080"}],"wp:attachment":[{"href":"https:\/\/framtidenskarriar.se\/itdata\/wp-json\/wp\/v2\/media?parent=8078"}],"wp:term":[{"taxonomy":"category","embeddable":true,"href":"https:\/\/framtidenskarriar.se\/itdata\/wp-json\/wp\/v2\/categories?post=8078"},{"taxonomy":"post_tag","embeddable":true,"href":"https:\/\/framtidenskarriar.se\/itdata\/wp-json\/wp\/v2\/tags?post=8078"}],"curies":[{"name":"wp","href":"https:\/\/api.w.org\/{rel}","templated":true}]}}