{"id":8145,"date":"2024-02-13T10:58:53","date_gmt":"2024-02-13T10:58:53","guid":{"rendered":"https:\/\/framtidenskarriar.se\/itdata\/?p=8145"},"modified":"2026-01-27T09:04:02","modified_gmt":"2026-01-27T09:04:02","slug":"utveckling-och-nya-karriarvagar-hos-kronofogden","status":"publish","type":"post","link":"https:\/\/framtidenskarriar.se\/itdata\/2024\/02\/13\/utveckling-och-nya-karriarvagar-hos-kronofogden\/","title":{"rendered":"Utveckling och nya karri\u00e4rv\u00e4gar hos Kronofogden"},"content":{"rendered":"\n<figure class=\"wp-block-image size-full\"><img loading=\"lazy\" decoding=\"async\" width=\"1000\" height=\"633\" src=\"https:\/\/framtidenskarriar.se\/itdata\/wp-content\/uploads\/sites\/13\/2024\/02\/kronofogden-2.jpg\" alt=\"Anders Ekstr\u00f6m, operativt s\u00e4kerhetsansvarig hos Kronofogden. Foto: Johan Marklund\" class=\"wp-image-8147\" srcset=\"https:\/\/framtidenskarriar.se\/itdata\/wp-content\/uploads\/sites\/13\/2024\/02\/kronofogden-2.jpg 1000w, https:\/\/framtidenskarriar.se\/itdata\/wp-content\/uploads\/sites\/13\/2024\/02\/kronofogden-2-300x190.jpg 300w, https:\/\/framtidenskarriar.se\/itdata\/wp-content\/uploads\/sites\/13\/2024\/02\/kronofogden-2-768x486.jpg 768w, https:\/\/framtidenskarriar.se\/itdata\/wp-content\/uploads\/sites\/13\/2024\/02\/kronofogden-2-253x160.jpg 253w, https:\/\/framtidenskarriar.se\/itdata\/wp-content\/uploads\/sites\/13\/2024\/02\/kronofogden-2-526x333.jpg 526w, https:\/\/framtidenskarriar.se\/itdata\/wp-content\/uploads\/sites\/13\/2024\/02\/kronofogden-2-720x456.jpg 720w, https:\/\/framtidenskarriar.se\/itdata\/wp-content\/uploads\/sites\/13\/2024\/02\/kronofogden-2-960x608.jpg 960w\" sizes=\"auto, (max-width: 1000px) 100vw, 1000px\" \/><figcaption class=\"wp-element-caption\">Anders Ekstr\u00f6m, operativt s\u00e4kerhetsansvarig hos Kronofogden. Foto: Johan Marklund<\/figcaption><\/figure>\n\n\n\n<p><strong>Efter att ha jobbat som chef i 20 \u00e5r ville Anders Ekstr\u00f6m g\u00f6ra n\u00e5got nytt, och b\u00f6rjade jobba med IT-s\u00e4kerhet. P\u00e5 Kronofogden finns m\u00f6jligheter att styra sin karri\u00e4r i olika riktningar, och utvecklas p\u00e5 arbetstid.<\/strong><\/p>\n\n\n\n<p>\u2013 H\u00e4r beh\u00f6ver man inte f\u00f6lja n\u00e5gon \u201dklassisk\u201d karri\u00e4rstege \u2013 de \u00e5ren jag var chef hade jag anst\u00e4llda som gick fr\u00e5n projektledare till systemanalytiker, eller bytte jobb fr\u00e5n testare till utvecklare till exempel. H\u00e4r p\u00e5 Kronofogden finns alla m\u00f6jligheter, s\u00e4ger Anders.<br>Han kom till Kronofogden 2016, d\u00e5 som chef. Innan dess brukade han byta jobb s\u00e5 ofta som vartannat \u00e5r \u2013 det \u00e4r f\u00f6rst p\u00e5 Kronofogden han har hittat hem.<br>\u2013 Det hade jag nog aldrig dr\u00f6mt om, jag trivs v\u00e4ldigt bra h\u00e4r. Att jobba p\u00e5 Kronofogden \u00e4r nog det roligaste jag n\u00e5gonsin gjort.<\/p>\n\n\n\n<p class=\"has-color-white-01-color has-text-color has-background has-link-color wp-elements-0d9f6aae9184ba2556a0c6d9216308cc\" style=\"background-color:#003148\"><strong><a href=\"https:\/\/www.kronofogden.se\/jobba-hos-oss\/lediga-jobb\" title=\"Kronofogden VT24 pres jobb\" target=\"_blank\" rel=\"noreferrer noopener nofollow\">Jobba med oss p\u00e5 Kronofogden. <span style=\"text-decoration: underline;\">Klicka h\u00e4r f\u00f6r att se v\u00e5ra lediga tj\u00e4nster<\/span><\/a><\/strong><\/p>\n\n\n\n<p><strong>F\u00e5r chans att bli b\u00e4ttre<\/strong><br>Efter ett par \u00e5r p\u00e5 Kronofogden bytte Anders chefsjobbet mot att vara operativt s\u00e4kerhetsansvarig.<br>\u2013 S\u00e5 l\u00e4nge man vill saker och \u00e4r nyfiken finns alla m\u00f6jligheter, chefen f\u00f6r cybers\u00e4kerhetsteamet kommer ofta med id\u00e9er och tips p\u00e5 vilka kurser jag borde g\u00e5. Man f\u00e5r verkligen chansen att hela tiden bli b\u00e4ttre, s\u00e4ger Anders.<br>Han tycker att det finns m\u00e5nga f\u00f6rdelar med att jobba hos Kronofogden, j\u00e4mf\u00f6rt med att vara konsult.<br>\u2013 Jobbar man som konsult f\u00e5r man hitta tid att utvecklas p\u00e5 sin fritid. Det \u00e4r l\u00e4ttare och roligare att g\u00f6ra kompetensh\u00f6jande saker p\u00e5 kontorstid, som vi f\u00e5r g\u00f6ra h\u00e4r p\u00e5 Kronofogden. Det g\u00f6r att man orkar utvecklas och byta inriktning och ta nya steg i karri\u00e4ren, s\u00e4ger Anders.<\/p>\n\n\n\n<p><strong>Cybers\u00e4kerhetsarbeteten viktigt<\/strong><br>Och IT-s\u00e4kerhetsomr\u00e5det tycker han \u00e4r kanske viktigare \u00e4n n\u00e5gonsin.<br>\u2013 Det \u00e4r ett supersp\u00e4nnande omr\u00e5de f\u00f6r det h\u00e4nder grejer konstant. Det \u00e4r st\u00f6kigt i omv\u00e4rlden och dator och IT som p\u00e5verkansmedel har verkligen seglat upp \u00e4nnu mer nu. Det finns en ny typ av skurkar, och det \u00e4r v\u00e5rt jobb att uppt\u00e4cka och stoppa dem.<br>\u2013 Cybers\u00e4kerhetsarbetet \u00e4r en del av framtiden och ett viktigt omr\u00e5de f\u00f6r myndigheten. Det \u00e4r ett stort teamarbete och att jobba h\u00e4r \u00e4r helt klart det roligaste jag gjort hittills i min yrkeskarri\u00e4r, s\u00e4ger Anders.<\/p>\n\n\n\n<div class=\"wp-block-group faktaruta\"><div class=\"wp-block-group__inner-container is-layout-constrained wp-block-group-is-layout-constrained\">\n<h6 class=\"wp-block-heading\">Kronofogden<\/h6>\n\n\n\n<p>P\u00e5 Kronofogden finns totalt 2&nbsp;300 medarbetare och omkring 200 medarbetare och konsulter arbetar med IT-utveckling. Det p\u00e5g\u00e5r en m\u00e4ngd olika projekt, som handlar om allt fr\u00e5n att ers\u00e4tta \u00e4ldre och komplexa system till projekt med automatiseringsfokus och moderna e-tj\u00e4nster f\u00f6r medborgarna.<br>Vi anst\u00e4ller medarbetare i hela landet. V\u00e5ra medarbetare arbetar p\u00e5 n\u00e5got av v\u00e5ra 32 kontor, i kombination med att arbeta hemifr\u00e5n.<br><br><strong><a href=\"https:\/\/www.kronofogden.se\/\" title=\"Kronofogden VT24 pres textlink\" target=\"_blank\" rel=\"noreferrer noopener nofollow\">www.kronofogden.se<\/a><\/strong><br><br><a href=\"https:\/\/www.kronofogden.se\/\" title=\"Kronofogden VT24 pres logotype\" target=\"_blank\" rel=\"noreferrer noopener nofollow\"><img loading=\"lazy\" decoding=\"async\" width=\"180\" height=\"34\" class=\"wp-image-8146\" style=\"width: 180px;\" src=\"https:\/\/framtidenskarriar.se\/itdata\/wp-content\/uploads\/sites\/13\/2024\/02\/kronofogden-cmyk-uncoated.png\" alt=\"\" srcset=\"https:\/\/framtidenskarriar.se\/itdata\/wp-content\/uploads\/sites\/13\/2024\/02\/kronofogden-cmyk-uncoated.png 408w, https:\/\/framtidenskarriar.se\/itdata\/wp-content\/uploads\/sites\/13\/2024\/02\/kronofogden-cmyk-uncoated-300x57.png 300w\" sizes=\"auto, (max-width: 180px) 100vw, 180px\" \/><\/a><\/p>\n<\/div><\/div>\n","protected":false},"excerpt":{"rendered":"<p>Efter att ha jobbat som chef i 20 \u00e5r ville Anders Ekstr\u00f6m g\u00f6ra n\u00e5got nytt, och b\u00f6rjade jobba med IT-s\u00e4kerhet.<\/p>\n","protected":false},"author":2,"featured_media":8147,"comment_status":"closed","ping_status":"closed","sticky":false,"template":"","format":"standard","meta":{"_acf_changed":false,"_monsterinsights_skip_tracking":false,"_monsterinsights_sitenote_active":false,"_monsterinsights_sitenote_note":"","_monsterinsights_sitenote_category":0,"footnotes":""},"categories":[9],"tags":[155,241],"class_list":["post-8145","post","type-post","status-publish","format-standard","has-post-thumbnail","hentry","category-presentation","tag-kronofogden","tag-statligt"],"acf":[],"yoast_head":"<!-- This site is optimized with the Yoast SEO plugin v27.3 - https:\/\/yoast.com\/product\/yoast-seo-wordpress\/ -->\n<title>Utveckling och nya karri\u00e4rv\u00e4gar hos Kronofogden - Framtidens karri\u00e4r IT &amp; Data<\/title>\n<meta name=\"robots\" content=\"index, follow, max-snippet:-1, max-image-preview:large, max-video-preview:-1\" \/>\n<link rel=\"canonical\" href=\"https:\/\/framtidenskarriar.se\/itdata\/2024\/02\/13\/utveckling-och-nya-karriarvagar-hos-kronofogden\/\" \/>\n<meta property=\"og:locale\" content=\"sv_SE\" \/>\n<meta property=\"og:type\" content=\"article\" \/>\n<meta property=\"og:title\" content=\"Utveckling och nya karri\u00e4rv\u00e4gar hos Kronofogden - Framtidens karri\u00e4r IT &amp; Data\" \/>\n<meta property=\"og:description\" content=\"Efter att ha jobbat som chef i 20 \u00e5r ville Anders Ekstr\u00f6m g\u00f6ra n\u00e5got nytt, och b\u00f6rjade jobba med IT-s\u00e4kerhet.\" \/>\n<meta property=\"og:url\" content=\"https:\/\/framtidenskarriar.se\/itdata\/2024\/02\/13\/utveckling-och-nya-karriarvagar-hos-kronofogden\/\" \/>\n<meta property=\"og:site_name\" content=\"Framtidens karri\u00e4r IT &amp; Data\" \/>\n<meta property=\"article:published_time\" content=\"2024-02-13T10:58:53+00:00\" \/>\n<meta property=\"article:modified_time\" content=\"2026-01-27T09:04:02+00:00\" \/>\n<meta property=\"og:image\" content=\"https:\/\/framtidenskarriar.se\/itdata\/wp-content\/uploads\/sites\/13\/2024\/02\/kronofogden-2.jpg\" \/>\n\t<meta property=\"og:image:width\" content=\"1000\" \/>\n\t<meta property=\"og:image:height\" content=\"633\" \/>\n\t<meta property=\"og:image:type\" content=\"image\/jpeg\" \/>\n<meta name=\"author\" content=\"viktorwallen\" \/>\n<meta name=\"twitter:card\" content=\"summary_large_image\" \/>\n<meta name=\"twitter:label1\" content=\"Skriven av\" \/>\n\t<meta name=\"twitter:data1\" content=\"viktorwallen\" \/>\n\t<meta name=\"twitter:label2\" content=\"Ber\u00e4knad l\u00e4stid\" \/>\n\t<meta name=\"twitter:data2\" content=\"3 minuter\" \/>\n<script type=\"application\/ld+json\" class=\"yoast-schema-graph\">{\"@context\":\"https:\\\/\\\/schema.org\",\"@graph\":[{\"@type\":\"Article\",\"@id\":\"https:\\\/\\\/framtidenskarriar.se\\\/itdata\\\/2024\\\/02\\\/13\\\/utveckling-och-nya-karriarvagar-hos-kronofogden\\\/#article\",\"isPartOf\":{\"@id\":\"https:\\\/\\\/framtidenskarriar.se\\\/itdata\\\/2024\\\/02\\\/13\\\/utveckling-och-nya-karriarvagar-hos-kronofogden\\\/\"},\"author\":{\"name\":\"viktorwallen\",\"@id\":\"https:\\\/\\\/framtidenskarriar.se\\\/itdata\\\/#\\\/schema\\\/person\\\/2a13a849ec7646386c2211f59afe3083\"},\"headline\":\"Utveckling och nya karri\u00e4rv\u00e4gar hos Kronofogden\",\"datePublished\":\"2024-02-13T10:58:53+00:00\",\"dateModified\":\"2026-01-27T09:04:02+00:00\",\"mainEntityOfPage\":{\"@id\":\"https:\\\/\\\/framtidenskarriar.se\\\/itdata\\\/2024\\\/02\\\/13\\\/utveckling-och-nya-karriarvagar-hos-kronofogden\\\/\"},\"wordCount\":513,\"image\":{\"@id\":\"https:\\\/\\\/framtidenskarriar.se\\\/itdata\\\/2024\\\/02\\\/13\\\/utveckling-och-nya-karriarvagar-hos-kronofogden\\\/#primaryimage\"},\"thumbnailUrl\":\"https:\\\/\\\/framtidenskarriar.se\\\/itdata\\\/wp-content\\\/uploads\\\/sites\\\/13\\\/2024\\\/02\\\/kronofogden-2.jpg\",\"keywords\":[\"Kronofogden\",\"Statligt\"],\"articleSection\":[\"Presentation\"],\"inLanguage\":\"sv-SE\"},{\"@type\":\"WebPage\",\"@id\":\"https:\\\/\\\/framtidenskarriar.se\\\/itdata\\\/2024\\\/02\\\/13\\\/utveckling-och-nya-karriarvagar-hos-kronofogden\\\/\",\"url\":\"https:\\\/\\\/framtidenskarriar.se\\\/itdata\\\/2024\\\/02\\\/13\\\/utveckling-och-nya-karriarvagar-hos-kronofogden\\\/\",\"name\":\"Utveckling och nya karri\u00e4rv\u00e4gar hos Kronofogden - Framtidens karri\u00e4r IT & Data\",\"isPartOf\":{\"@id\":\"https:\\\/\\\/framtidenskarriar.se\\\/itdata\\\/#website\"},\"primaryImageOfPage\":{\"@id\":\"https:\\\/\\\/framtidenskarriar.se\\\/itdata\\\/2024\\\/02\\\/13\\\/utveckling-och-nya-karriarvagar-hos-kronofogden\\\/#primaryimage\"},\"image\":{\"@id\":\"https:\\\/\\\/framtidenskarriar.se\\\/itdata\\\/2024\\\/02\\\/13\\\/utveckling-och-nya-karriarvagar-hos-kronofogden\\\/#primaryimage\"},\"thumbnailUrl\":\"https:\\\/\\\/framtidenskarriar.se\\\/itdata\\\/wp-content\\\/uploads\\\/sites\\\/13\\\/2024\\\/02\\\/kronofogden-2.jpg\",\"datePublished\":\"2024-02-13T10:58:53+00:00\",\"dateModified\":\"2026-01-27T09:04:02+00:00\",\"author\":{\"@id\":\"https:\\\/\\\/framtidenskarriar.se\\\/itdata\\\/#\\\/schema\\\/person\\\/2a13a849ec7646386c2211f59afe3083\"},\"breadcrumb\":{\"@id\":\"https:\\\/\\\/framtidenskarriar.se\\\/itdata\\\/2024\\\/02\\\/13\\\/utveckling-och-nya-karriarvagar-hos-kronofogden\\\/#breadcrumb\"},\"inLanguage\":\"sv-SE\",\"potentialAction\":[{\"@type\":\"ReadAction\",\"target\":[\"https:\\\/\\\/framtidenskarriar.se\\\/itdata\\\/2024\\\/02\\\/13\\\/utveckling-och-nya-karriarvagar-hos-kronofogden\\\/\"]}]},{\"@type\":\"ImageObject\",\"inLanguage\":\"sv-SE\",\"@id\":\"https:\\\/\\\/framtidenskarriar.se\\\/itdata\\\/2024\\\/02\\\/13\\\/utveckling-och-nya-karriarvagar-hos-kronofogden\\\/#primaryimage\",\"url\":\"https:\\\/\\\/framtidenskarriar.se\\\/itdata\\\/wp-content\\\/uploads\\\/sites\\\/13\\\/2024\\\/02\\\/kronofogden-2.jpg\",\"contentUrl\":\"https:\\\/\\\/framtidenskarriar.se\\\/itdata\\\/wp-content\\\/uploads\\\/sites\\\/13\\\/2024\\\/02\\\/kronofogden-2.jpg\",\"width\":1000,\"height\":633,\"caption\":\"Anders Ekstr\u00f6m, operativt s\u00e4kerhetsansvarig hos Kronofogden. Foto: Johan Marklund\"},{\"@type\":\"BreadcrumbList\",\"@id\":\"https:\\\/\\\/framtidenskarriar.se\\\/itdata\\\/2024\\\/02\\\/13\\\/utveckling-och-nya-karriarvagar-hos-kronofogden\\\/#breadcrumb\",\"itemListElement\":[{\"@type\":\"ListItem\",\"position\":1,\"name\":\"Home\",\"item\":\"https:\\\/\\\/framtidenskarriar.se\\\/itdata\\\/\"},{\"@type\":\"ListItem\",\"position\":2,\"name\":\"Utveckling och nya karri\u00e4rv\u00e4gar hos Kronofogden\"}]},{\"@type\":\"WebSite\",\"@id\":\"https:\\\/\\\/framtidenskarriar.se\\\/itdata\\\/#website\",\"url\":\"https:\\\/\\\/framtidenskarriar.se\\\/itdata\\\/\",\"name\":\"Framtidens karri\u00e4r IT & Data\",\"description\":\"Just another NMDashboard.se Sites site\",\"potentialAction\":[{\"@type\":\"SearchAction\",\"target\":{\"@type\":\"EntryPoint\",\"urlTemplate\":\"https:\\\/\\\/framtidenskarriar.se\\\/itdata\\\/?s={search_term_string}\"},\"query-input\":{\"@type\":\"PropertyValueSpecification\",\"valueRequired\":true,\"valueName\":\"search_term_string\"}}],\"inLanguage\":\"sv-SE\"},{\"@type\":\"Person\",\"@id\":\"https:\\\/\\\/framtidenskarriar.se\\\/itdata\\\/#\\\/schema\\\/person\\\/2a13a849ec7646386c2211f59afe3083\",\"name\":\"viktorwallen\",\"image\":{\"@type\":\"ImageObject\",\"inLanguage\":\"sv-SE\",\"@id\":\"https:\\\/\\\/secure.gravatar.com\\\/avatar\\\/701701bd36169636031933997c8c6b954f2f635bbb7cd4802e4a007f9c9f4e59?s=96&d=mm&r=g\",\"url\":\"https:\\\/\\\/secure.gravatar.com\\\/avatar\\\/701701bd36169636031933997c8c6b954f2f635bbb7cd4802e4a007f9c9f4e59?s=96&d=mm&r=g\",\"contentUrl\":\"https:\\\/\\\/secure.gravatar.com\\\/avatar\\\/701701bd36169636031933997c8c6b954f2f635bbb7cd4802e4a007f9c9f4e59?s=96&d=mm&r=g\",\"caption\":\"viktorwallen\"},\"url\":\"https:\\\/\\\/framtidenskarriar.se\\\/itdata\\\/author\\\/viktorwallen\\\/\"}]}<\/script>\n<!-- \/ Yoast SEO plugin. -->","yoast_head_json":{"title":"Utveckling och nya karri\u00e4rv\u00e4gar hos Kronofogden - Framtidens karri\u00e4r IT & Data","robots":{"index":"index","follow":"follow","max-snippet":"max-snippet:-1","max-image-preview":"max-image-preview:large","max-video-preview":"max-video-preview:-1"},"canonical":"https:\/\/framtidenskarriar.se\/itdata\/2024\/02\/13\/utveckling-och-nya-karriarvagar-hos-kronofogden\/","og_locale":"sv_SE","og_type":"article","og_title":"Utveckling och nya karri\u00e4rv\u00e4gar hos Kronofogden - Framtidens karri\u00e4r IT & Data","og_description":"Efter att ha jobbat som chef i 20 \u00e5r ville Anders Ekstr\u00f6m g\u00f6ra n\u00e5got nytt, och b\u00f6rjade jobba med IT-s\u00e4kerhet.","og_url":"https:\/\/framtidenskarriar.se\/itdata\/2024\/02\/13\/utveckling-och-nya-karriarvagar-hos-kronofogden\/","og_site_name":"Framtidens karri\u00e4r IT & Data","article_published_time":"2024-02-13T10:58:53+00:00","article_modified_time":"2026-01-27T09:04:02+00:00","og_image":[{"width":1000,"height":633,"url":"https:\/\/framtidenskarriar.se\/itdata\/wp-content\/uploads\/sites\/13\/2024\/02\/kronofogden-2.jpg","type":"image\/jpeg"}],"author":"viktorwallen","twitter_card":"summary_large_image","twitter_misc":{"Skriven av":"viktorwallen","Ber\u00e4knad l\u00e4stid":"3 minuter"},"schema":{"@context":"https:\/\/schema.org","@graph":[{"@type":"Article","@id":"https:\/\/framtidenskarriar.se\/itdata\/2024\/02\/13\/utveckling-och-nya-karriarvagar-hos-kronofogden\/#article","isPartOf":{"@id":"https:\/\/framtidenskarriar.se\/itdata\/2024\/02\/13\/utveckling-och-nya-karriarvagar-hos-kronofogden\/"},"author":{"name":"viktorwallen","@id":"https:\/\/framtidenskarriar.se\/itdata\/#\/schema\/person\/2a13a849ec7646386c2211f59afe3083"},"headline":"Utveckling och nya karri\u00e4rv\u00e4gar hos Kronofogden","datePublished":"2024-02-13T10:58:53+00:00","dateModified":"2026-01-27T09:04:02+00:00","mainEntityOfPage":{"@id":"https:\/\/framtidenskarriar.se\/itdata\/2024\/02\/13\/utveckling-och-nya-karriarvagar-hos-kronofogden\/"},"wordCount":513,"image":{"@id":"https:\/\/framtidenskarriar.se\/itdata\/2024\/02\/13\/utveckling-och-nya-karriarvagar-hos-kronofogden\/#primaryimage"},"thumbnailUrl":"https:\/\/framtidenskarriar.se\/itdata\/wp-content\/uploads\/sites\/13\/2024\/02\/kronofogden-2.jpg","keywords":["Kronofogden","Statligt"],"articleSection":["Presentation"],"inLanguage":"sv-SE"},{"@type":"WebPage","@id":"https:\/\/framtidenskarriar.se\/itdata\/2024\/02\/13\/utveckling-och-nya-karriarvagar-hos-kronofogden\/","url":"https:\/\/framtidenskarriar.se\/itdata\/2024\/02\/13\/utveckling-och-nya-karriarvagar-hos-kronofogden\/","name":"Utveckling och nya karri\u00e4rv\u00e4gar hos Kronofogden - Framtidens karri\u00e4r IT & Data","isPartOf":{"@id":"https:\/\/framtidenskarriar.se\/itdata\/#website"},"primaryImageOfPage":{"@id":"https:\/\/framtidenskarriar.se\/itdata\/2024\/02\/13\/utveckling-och-nya-karriarvagar-hos-kronofogden\/#primaryimage"},"image":{"@id":"https:\/\/framtidenskarriar.se\/itdata\/2024\/02\/13\/utveckling-och-nya-karriarvagar-hos-kronofogden\/#primaryimage"},"thumbnailUrl":"https:\/\/framtidenskarriar.se\/itdata\/wp-content\/uploads\/sites\/13\/2024\/02\/kronofogden-2.jpg","datePublished":"2024-02-13T10:58:53+00:00","dateModified":"2026-01-27T09:04:02+00:00","author":{"@id":"https:\/\/framtidenskarriar.se\/itdata\/#\/schema\/person\/2a13a849ec7646386c2211f59afe3083"},"breadcrumb":{"@id":"https:\/\/framtidenskarriar.se\/itdata\/2024\/02\/13\/utveckling-och-nya-karriarvagar-hos-kronofogden\/#breadcrumb"},"inLanguage":"sv-SE","potentialAction":[{"@type":"ReadAction","target":["https:\/\/framtidenskarriar.se\/itdata\/2024\/02\/13\/utveckling-och-nya-karriarvagar-hos-kronofogden\/"]}]},{"@type":"ImageObject","inLanguage":"sv-SE","@id":"https:\/\/framtidenskarriar.se\/itdata\/2024\/02\/13\/utveckling-och-nya-karriarvagar-hos-kronofogden\/#primaryimage","url":"https:\/\/framtidenskarriar.se\/itdata\/wp-content\/uploads\/sites\/13\/2024\/02\/kronofogden-2.jpg","contentUrl":"https:\/\/framtidenskarriar.se\/itdata\/wp-content\/uploads\/sites\/13\/2024\/02\/kronofogden-2.jpg","width":1000,"height":633,"caption":"Anders Ekstr\u00f6m, operativt s\u00e4kerhetsansvarig hos Kronofogden. Foto: Johan Marklund"},{"@type":"BreadcrumbList","@id":"https:\/\/framtidenskarriar.se\/itdata\/2024\/02\/13\/utveckling-och-nya-karriarvagar-hos-kronofogden\/#breadcrumb","itemListElement":[{"@type":"ListItem","position":1,"name":"Home","item":"https:\/\/framtidenskarriar.se\/itdata\/"},{"@type":"ListItem","position":2,"name":"Utveckling och nya karri\u00e4rv\u00e4gar hos Kronofogden"}]},{"@type":"WebSite","@id":"https:\/\/framtidenskarriar.se\/itdata\/#website","url":"https:\/\/framtidenskarriar.se\/itdata\/","name":"Framtidens karri\u00e4r IT & Data","description":"Just another NMDashboard.se Sites site","potentialAction":[{"@type":"SearchAction","target":{"@type":"EntryPoint","urlTemplate":"https:\/\/framtidenskarriar.se\/itdata\/?s={search_term_string}"},"query-input":{"@type":"PropertyValueSpecification","valueRequired":true,"valueName":"search_term_string"}}],"inLanguage":"sv-SE"},{"@type":"Person","@id":"https:\/\/framtidenskarriar.se\/itdata\/#\/schema\/person\/2a13a849ec7646386c2211f59afe3083","name":"viktorwallen","image":{"@type":"ImageObject","inLanguage":"sv-SE","@id":"https:\/\/secure.gravatar.com\/avatar\/701701bd36169636031933997c8c6b954f2f635bbb7cd4802e4a007f9c9f4e59?s=96&d=mm&r=g","url":"https:\/\/secure.gravatar.com\/avatar\/701701bd36169636031933997c8c6b954f2f635bbb7cd4802e4a007f9c9f4e59?s=96&d=mm&r=g","contentUrl":"https:\/\/secure.gravatar.com\/avatar\/701701bd36169636031933997c8c6b954f2f635bbb7cd4802e4a007f9c9f4e59?s=96&d=mm&r=g","caption":"viktorwallen"},"url":"https:\/\/framtidenskarriar.se\/itdata\/author\/viktorwallen\/"}]}},"_links":{"self":[{"href":"https:\/\/framtidenskarriar.se\/itdata\/wp-json\/wp\/v2\/posts\/8145","targetHints":{"allow":["GET"]}}],"collection":[{"href":"https:\/\/framtidenskarriar.se\/itdata\/wp-json\/wp\/v2\/posts"}],"about":[{"href":"https:\/\/framtidenskarriar.se\/itdata\/wp-json\/wp\/v2\/types\/post"}],"author":[{"embeddable":true,"href":"https:\/\/framtidenskarriar.se\/itdata\/wp-json\/wp\/v2\/users\/2"}],"replies":[{"embeddable":true,"href":"https:\/\/framtidenskarriar.se\/itdata\/wp-json\/wp\/v2\/comments?post=8145"}],"version-history":[{"count":4,"href":"https:\/\/framtidenskarriar.se\/itdata\/wp-json\/wp\/v2\/posts\/8145\/revisions"}],"predecessor-version":[{"id":8792,"href":"https:\/\/framtidenskarriar.se\/itdata\/wp-json\/wp\/v2\/posts\/8145\/revisions\/8792"}],"wp:featuredmedia":[{"embeddable":true,"href":"https:\/\/framtidenskarriar.se\/itdata\/wp-json\/wp\/v2\/media\/8147"}],"wp:attachment":[{"href":"https:\/\/framtidenskarriar.se\/itdata\/wp-json\/wp\/v2\/media?parent=8145"}],"wp:term":[{"taxonomy":"category","embeddable":true,"href":"https:\/\/framtidenskarriar.se\/itdata\/wp-json\/wp\/v2\/categories?post=8145"},{"taxonomy":"post_tag","embeddable":true,"href":"https:\/\/framtidenskarriar.se\/itdata\/wp-json\/wp\/v2\/tags?post=8145"}],"curies":[{"name":"wp","href":"https:\/\/api.w.org\/{rel}","templated":true}]}}