{"id":8165,"date":"2024-02-13T13:03:00","date_gmt":"2024-02-13T13:03:00","guid":{"rendered":"https:\/\/framtidenskarriar.se\/itdata\/?p=8165"},"modified":"2026-01-27T09:04:01","modified_gmt":"2026-01-27T09:04:01","slug":"bidra-till-ett-tryggare-sverige-pa-polisens-it","status":"publish","type":"post","link":"https:\/\/framtidenskarriar.se\/itdata\/2024\/02\/13\/bidra-till-ett-tryggare-sverige-pa-polisens-it\/","title":{"rendered":"Bidra till ett tryggare Sverige p\u00e5 polisens IT"},"content":{"rendered":"\n<figure class=\"wp-block-image size-full\"><img loading=\"lazy\" decoding=\"async\" width=\"1000\" height=\"652\" src=\"https:\/\/framtidenskarriar.se\/itdata\/wp-content\/uploads\/sites\/13\/2024\/02\/polisen-fgi0220-2.jpg\" alt=\"\" class=\"wp-image-8168\" srcset=\"https:\/\/framtidenskarriar.se\/itdata\/wp-content\/uploads\/sites\/13\/2024\/02\/polisen-fgi0220-2.jpg 1000w, https:\/\/framtidenskarriar.se\/itdata\/wp-content\/uploads\/sites\/13\/2024\/02\/polisen-fgi0220-2-300x196.jpg 300w, https:\/\/framtidenskarriar.se\/itdata\/wp-content\/uploads\/sites\/13\/2024\/02\/polisen-fgi0220-2-768x501.jpg 768w, https:\/\/framtidenskarriar.se\/itdata\/wp-content\/uploads\/sites\/13\/2024\/02\/polisen-fgi0220-2-245x160.jpg 245w, https:\/\/framtidenskarriar.se\/itdata\/wp-content\/uploads\/sites\/13\/2024\/02\/polisen-fgi0220-2-526x343.jpg 526w, https:\/\/framtidenskarriar.se\/itdata\/wp-content\/uploads\/sites\/13\/2024\/02\/polisen-fgi0220-2-720x469.jpg 720w, https:\/\/framtidenskarriar.se\/itdata\/wp-content\/uploads\/sites\/13\/2024\/02\/polisen-fgi0220-2-960x626.jpg 960w\" sizes=\"auto, (max-width: 1000px) 100vw, 1000px\" \/><\/figure>\n\n\n\n<p><strong>Att arbeta hos polisens it-avdelning \u00e4r ett viktigt bidrag till ett tryggare samh\u00e4lle. H\u00e4r f\u00e5r du arbeta p\u00e5 en h\u00f6g teknisk niv\u00e5, i unika processer tillsammans med engagerade kollegor. H\u00e4r \u00e4r ingen dag den andra lik.<\/strong><\/p>\n\n\n\n<p>Polismyndighetens it-avdelning best\u00e5r av ett tekniskt ekosystem i framkant. H\u00e4r arbetar m\u00e5nga discipliner \u2013 fr\u00e5n infrastruktur, utveckling och s\u00e4kerhet till support, ink\u00f6p och it-juridik. Alla led i processerna utg\u00f6rs av en egen grupp. Det ger spetskompetens till varje steg. Samtidigt \u00e4r samverkan mellan grupperna avg\u00f6rande \u2013 och framg\u00e5ngsrik.<br>\u2013 \u00c4r du intresserad av att arbeta i en milj\u00f6 d\u00e4r du g\u00f6r b\u00e5de samh\u00e4llsnytta och n\u00e5got som \u00e4r utvecklande s\u00e5 \u00e4r det h\u00e4r v\u00e4rldens roligaste jobb, s\u00e4ger Anna-Karin L\u00f6fstr\u00f6m.<br>Hon \u00e4r gruppchef f\u00f6r incident och problem p\u00e5 Polismyndighetens it-avdelning. Hennes team hanterar driftst\u00f6rningar i allt fr\u00e5n polisens nationella telefonlinje 114 14 till polisens mobila applikationer och \u00f6vervakningskameror.<br>\u2013 Incident st\u00e5r f\u00f6r den direkta hanteringen, och problem n\u00e4r vi beh\u00f6ver gr\u00e4va lite djupare f\u00f6r att se var en incident h\u00e4rstammar fr\u00e5n. Vi ska se till att polisens system rullar helt enkelt, f\u00f6rklarar Anna-Karin.<br>Hennes arbete \u00e4r h\u00e4ndelsestyrt och ingen dag \u00e4r den andra lik, ber\u00e4ttar hon. En lugn f\u00f6rmiddag kan f\u00f6ljas av att system eller funktioner g\u00e5r ner, vilket kr\u00e4ver snabb omst\u00e4llning f\u00f6r att sammanstr\u00e5la med andra kompetensgrupper f\u00f6r att s\u00e5 snabbt som m\u00f6jligt \u00e5terst\u00e4lla funktionen.<br>Hon har arbetat som incidentmanager i det offentliga i m\u00e5nga \u00e5r, bland annat p\u00e5 R\u00e4ttsmedicinalverket och p\u00e5 kommuner. P\u00e5 polisen \u00e4r det annorlunda, menar hon. H\u00e4nder det n\u00e5gonting h\u00e4r s\u00e5 \u00e4r det allvar p\u00e5 riktigt.<br>\u2013 Alla f\u00f6rst\u00e5r att den polisi\u00e4ra verksamheten inte fungerar om inte deras verktyg fungerar. Och viljan att hj\u00e4lpa till n\u00e4r en incident uppst\u00e5r \u00e4r oj\u00e4mf\u00f6rbar med alla andra arbetsplatser jag varit p\u00e5, s\u00e4ger hon och l\u00e4gger till:<br>\u2013 \u00c4ven om vi \u00e4r en liten kugge i maskineriet s\u00e5 k\u00e4nner vi dagligen att den \u00e4r ack s\u00e5 viktig. Det g\u00f6r n\u00e5got f\u00f6r k\u00e4nslan n\u00e4r man g\u00e5r hem fr\u00e5n jobbet p\u00e5 dagarna, s\u00e4ger hon.<\/p>\n\n\n\n<p class=\"has-color-white-01-color has-text-color has-background has-link-color wp-elements-ecde0c484d52d2bf318ce55f7912f563\" style=\"background-color:#003148\"><strong><span style=\"text-decoration: underline;\"><a href=\"http:\/\/www.polisen.se\/it\" title=\"Polisen VT24 pres l\u00e4s mer\" target=\"_blank\" rel=\"noreferrer noopener nofollow\">Klicka h\u00e4r f\u00f6r att l\u00e4sa mer om polisens IT<\/a><\/span><\/strong><\/p>\n\n\n\n<p><strong>Tekniskt kr\u00e4vande och utvecklande<\/strong><br>Alexander Alvarado \u00e4r teknikspecialist i gruppen kameratekniska system, d\u00e4r han arbetar med polisens kameraplattform. Arbetet innefattar att s\u00e4kerst\u00e4lla en fungerande drift av allm\u00e4n och tillf\u00e4llig kamerabevakning, det vill s\u00e4ga n\u00e4stan samtliga av polisens kameror \u00f6ver hela Sverige.<br>Han k\u00e4nner igen sig i Anna-Karins beskrivning.<br>\u2013 En stor anledning till att det \u00e4r roligt att arbeta h\u00e4r \u00e4r att jag k\u00e4nner att jag verkligen har en viktig uppgift och bidrar till samh\u00e4llet genom att g\u00f6ra hela Sverige tryggt och s\u00e4kert, s\u00e4ger han.<br>En del av hans uppdrag \u00e4r att g\u00f6ra det m\u00f6jligt f\u00f6r grupper inom polisen att ta del av det r\u00f6rliga material de beh\u00f6ver, s\u00e5som regionledningscentralen och kamerabevakningscentralen (KBC). Variationerna i gruppernas krav st\u00e4ller krav p\u00e5 h\u00f6g teknisk kompetens.<br>\u2013 Bildanalytiker vill ha h\u00f6guppl\u00f6st video medan KBC tittar live och beh\u00f6ver en vid sikt och bra frames f\u00f6r en mer sammanfattande bild. Jag har arbetat p\u00e5 Sveriges Television och hade s\u00e5 erfarenhet av att arbeta med r\u00f6rlig bild och kamerateknik. Men h\u00e4r tillkommer det \u00f6vervakningskameror, n\u00e4tverksbaserad trafik och fler kameror generellt, och jag har l\u00e4rt mig mycket nytt sedan jag kom hit, s\u00e4ger han.<\/p>\n\n\n\n<p><strong>S\u00e4kerhetsniv\u00e5 ger unika processer<\/strong><br>Alla data inom myndigheten har h\u00f6gt skyddsv\u00e4rde och riskniv\u00e5n kr\u00e4ver att all teknik beh\u00f6ver finnas innanf\u00f6r polisens v\u00e4ggar. Det kr\u00e4ver ocks\u00e5 att det \u00e4r m\u00e5nga instanser som beh\u00f6ver delta i en process.<br>\u2013 Vi har v\u00e5ra egna servrar och v\u00e5ra egna tekniker f\u00f6r att inget ska hamna utanf\u00f6r v\u00e4ggarna. N\u00e4r jag kom hit blev jag f\u00f6rv\u00e5nad \u00f6ver hur sj\u00e4lvst\u00e4ndiga vi \u00e4r f\u00f6r att hantera detta, s\u00e4ger Alexander.<br>Det kan vara klurigt men det \u00e4r ocks\u00e5 det som \u00e4r sp\u00e4nnande, menar Anna-Karin.<br>\u2013 Med s\u00e5 m\u00e5nga grupperingar \u00e4r man aldrig ensam i sin roll, s\u00e4ger hon.<br>Den h\u00f6ga tekniska niv\u00e5n inneb\u00e4r ocks\u00e5 ett stort kompetensbehov. Polisens it-avdelning s\u00f6ker st\u00e4ndigt nya medarbetare.<br>\u2013 Om man vill arbeta f\u00f6r ett tryggare Sverige och med ny teknik i en storskalig milj\u00f6 ska man s\u00f6ka sig hit. V\u00e5rt och m\u00e5nga andra omr\u00e5den v\u00e4xer. Vi har nyligen f\u00e5tt politiska beslut om att ut\u00f6ka v\u00e5r kameran\u00e4rvaro, s\u00e5 vi kommer att beh\u00f6va m\u00e5nga nya kollegor, s\u00e4ger Alexander.<\/p>\n\n\n\n<p class=\"has-color-white-01-color has-text-color has-background has-link-color wp-elements-ecde0c484d52d2bf318ce55f7912f563\" style=\"background-color:#003148\"><strong><span style=\"text-decoration: underline;\"><a href=\"http:\/\/www.polisen.se\/it\" title=\"Polisen VT24 pres l\u00e4s mer\" target=\"_blank\" rel=\"noreferrer noopener nofollow\">Klicka h\u00e4r f\u00f6r att l\u00e4sa mer om polisens IT<\/a><\/span><\/strong><\/p>\n\n\n\n<div class=\"wp-block-group faktaruta\"><div class=\"wp-block-group__inner-container is-layout-constrained wp-block-group-is-layout-constrained\">\n<h6 class=\"wp-block-heading\">Polisens IT-avdelning<\/h6>\n\n\n\n<p>P\u00e5 polisens it-avdelning bidrar cirka 1&nbsp;300 medarbetare dagligen till samh\u00e4llsnytta genom att utveckla och f\u00f6rvalta it-system som f\u00f6rebygger brottslighet och underl\u00e4ttar polisens samh\u00e4llsviktiga verksamhet. Polisens it-avdelning karakteriseras av ett agilt arbetss\u00e4tt, en n\u00e4ra verksamhetsanknytning och en prestigel\u00f6s arbetsplatskultur med m\u00e5nga utvecklingsm\u00f6jligheter. Just nu finns ett behov av nya medarbetare inom en ett stort antal omr\u00e5den.<\/p>\n\n\n\n<p><strong><a href=\"https:\/\/polisen.se\/jobb-och-utbildning\/jobba-hos-polisen\/jobb-it-avdelningen\/\" title=\"Polisen VT24 pres textlink\" target=\"_blank\" rel=\"noreferrer noopener nofollow\">www.polisen.se\/it<\/a><\/strong><br><br><a href=\"https:\/\/polisen.se\/jobb-och-utbildning\/jobba-hos-polisen\/jobb-it-avdelningen\/\" title=\"Polisen VT24 pres logotype\" target=\"_blank\" rel=\"noreferrer noopener nofollow\"><img loading=\"lazy\" decoding=\"async\" width=\"100\" height=\"139\" class=\"wp-image-8167\" style=\"width: 100px;\" src=\"https:\/\/framtidenskarriar.se\/itdata\/wp-content\/uploads\/sites\/13\/2024\/02\/polisen-2upol-cmy.png\" alt=\"\" srcset=\"https:\/\/framtidenskarriar.se\/itdata\/wp-content\/uploads\/sites\/13\/2024\/02\/polisen-2upol-cmy.png 500w, https:\/\/framtidenskarriar.se\/itdata\/wp-content\/uploads\/sites\/13\/2024\/02\/polisen-2upol-cmy-216x300.png 216w, https:\/\/framtidenskarriar.se\/itdata\/wp-content\/uploads\/sites\/13\/2024\/02\/polisen-2upol-cmy-115x160.png 115w\" sizes=\"auto, (max-width: 100px) 100vw, 100px\" \/><\/a><\/p>\n<\/div><\/div>\n","protected":false},"excerpt":{"rendered":"<p>Arbeta p\u00e5 en h\u00f6g teknisk niv\u00e5, i unika processer tillsammans med engagerade kollegor. Du \u00e4r ett viktigt bidrag till ett tryggare samh\u00e4lle. H\u00e4r \u00e4r ingen dag den andra lik.<\/p>\n","protected":false},"author":2,"featured_media":8168,"comment_status":"closed","ping_status":"closed","sticky":true,"template":"","format":"standard","meta":{"_acf_changed":false,"_monsterinsights_skip_tracking":false,"_monsterinsights_sitenote_active":false,"_monsterinsights_sitenote_note":"","_monsterinsights_sitenote_category":0,"footnotes":""},"categories":[9],"tags":[194,241],"class_list":["post-8165","post","type-post","status-publish","format-standard","has-post-thumbnail","hentry","category-presentation","tag-polisen","tag-statligt"],"acf":[],"yoast_head":"<!-- This site is optimized with the Yoast SEO plugin v27.3 - https:\/\/yoast.com\/product\/yoast-seo-wordpress\/ -->\n<title>Bidra till ett tryggare Sverige p\u00e5 polisens IT - Framtidens karri\u00e4r IT &amp; Data<\/title>\n<meta name=\"robots\" content=\"index, follow, max-snippet:-1, max-image-preview:large, max-video-preview:-1\" \/>\n<link rel=\"canonical\" href=\"https:\/\/framtidenskarriar.se\/itdata\/2024\/02\/13\/bidra-till-ett-tryggare-sverige-pa-polisens-it\/\" \/>\n<meta property=\"og:locale\" content=\"sv_SE\" \/>\n<meta property=\"og:type\" content=\"article\" \/>\n<meta property=\"og:title\" content=\"Bidra till ett tryggare Sverige p\u00e5 polisens IT - Framtidens karri\u00e4r IT &amp; Data\" \/>\n<meta property=\"og:description\" content=\"Arbeta p\u00e5 en h\u00f6g teknisk niv\u00e5, i unika processer tillsammans med engagerade kollegor. Du \u00e4r ett viktigt bidrag till ett tryggare samh\u00e4lle. H\u00e4r \u00e4r ingen dag den andra lik.\" \/>\n<meta property=\"og:url\" content=\"https:\/\/framtidenskarriar.se\/itdata\/2024\/02\/13\/bidra-till-ett-tryggare-sverige-pa-polisens-it\/\" \/>\n<meta property=\"og:site_name\" content=\"Framtidens karri\u00e4r IT &amp; Data\" \/>\n<meta property=\"article:published_time\" content=\"2024-02-13T13:03:00+00:00\" \/>\n<meta property=\"article:modified_time\" content=\"2026-01-27T09:04:01+00:00\" \/>\n<meta property=\"og:image\" content=\"https:\/\/framtidenskarriar.se\/itdata\/wp-content\/uploads\/sites\/13\/2024\/02\/polisen-fgi0220-2.jpg\" \/>\n\t<meta property=\"og:image:width\" content=\"1000\" \/>\n\t<meta property=\"og:image:height\" content=\"652\" \/>\n\t<meta property=\"og:image:type\" content=\"image\/jpeg\" \/>\n<meta name=\"author\" content=\"viktorwallen\" \/>\n<meta name=\"twitter:card\" content=\"summary_large_image\" \/>\n<meta name=\"twitter:label1\" content=\"Skriven av\" \/>\n\t<meta name=\"twitter:data1\" content=\"viktorwallen\" \/>\n\t<meta name=\"twitter:label2\" content=\"Ber\u00e4knad l\u00e4stid\" \/>\n\t<meta name=\"twitter:data2\" content=\"5 minuter\" \/>\n<script type=\"application\/ld+json\" class=\"yoast-schema-graph\">{\"@context\":\"https:\\\/\\\/schema.org\",\"@graph\":[{\"@type\":\"Article\",\"@id\":\"https:\\\/\\\/framtidenskarriar.se\\\/itdata\\\/2024\\\/02\\\/13\\\/bidra-till-ett-tryggare-sverige-pa-polisens-it\\\/#article\",\"isPartOf\":{\"@id\":\"https:\\\/\\\/framtidenskarriar.se\\\/itdata\\\/2024\\\/02\\\/13\\\/bidra-till-ett-tryggare-sverige-pa-polisens-it\\\/\"},\"author\":{\"name\":\"viktorwallen\",\"@id\":\"https:\\\/\\\/framtidenskarriar.se\\\/itdata\\\/#\\\/schema\\\/person\\\/2a13a849ec7646386c2211f59afe3083\"},\"headline\":\"Bidra till ett tryggare Sverige p\u00e5 polisens IT\",\"datePublished\":\"2024-02-13T13:03:00+00:00\",\"dateModified\":\"2026-01-27T09:04:01+00:00\",\"mainEntityOfPage\":{\"@id\":\"https:\\\/\\\/framtidenskarriar.se\\\/itdata\\\/2024\\\/02\\\/13\\\/bidra-till-ett-tryggare-sverige-pa-polisens-it\\\/\"},\"wordCount\":917,\"image\":{\"@id\":\"https:\\\/\\\/framtidenskarriar.se\\\/itdata\\\/2024\\\/02\\\/13\\\/bidra-till-ett-tryggare-sverige-pa-polisens-it\\\/#primaryimage\"},\"thumbnailUrl\":\"https:\\\/\\\/framtidenskarriar.se\\\/itdata\\\/wp-content\\\/uploads\\\/sites\\\/13\\\/2024\\\/02\\\/polisen-fgi0220-2.jpg\",\"keywords\":[\"Polisen\",\"Statligt\"],\"articleSection\":[\"Presentation\"],\"inLanguage\":\"sv-SE\"},{\"@type\":\"WebPage\",\"@id\":\"https:\\\/\\\/framtidenskarriar.se\\\/itdata\\\/2024\\\/02\\\/13\\\/bidra-till-ett-tryggare-sverige-pa-polisens-it\\\/\",\"url\":\"https:\\\/\\\/framtidenskarriar.se\\\/itdata\\\/2024\\\/02\\\/13\\\/bidra-till-ett-tryggare-sverige-pa-polisens-it\\\/\",\"name\":\"Bidra till ett tryggare Sverige p\u00e5 polisens IT - Framtidens karri\u00e4r IT & Data\",\"isPartOf\":{\"@id\":\"https:\\\/\\\/framtidenskarriar.se\\\/itdata\\\/#website\"},\"primaryImageOfPage\":{\"@id\":\"https:\\\/\\\/framtidenskarriar.se\\\/itdata\\\/2024\\\/02\\\/13\\\/bidra-till-ett-tryggare-sverige-pa-polisens-it\\\/#primaryimage\"},\"image\":{\"@id\":\"https:\\\/\\\/framtidenskarriar.se\\\/itdata\\\/2024\\\/02\\\/13\\\/bidra-till-ett-tryggare-sverige-pa-polisens-it\\\/#primaryimage\"},\"thumbnailUrl\":\"https:\\\/\\\/framtidenskarriar.se\\\/itdata\\\/wp-content\\\/uploads\\\/sites\\\/13\\\/2024\\\/02\\\/polisen-fgi0220-2.jpg\",\"datePublished\":\"2024-02-13T13:03:00+00:00\",\"dateModified\":\"2026-01-27T09:04:01+00:00\",\"author\":{\"@id\":\"https:\\\/\\\/framtidenskarriar.se\\\/itdata\\\/#\\\/schema\\\/person\\\/2a13a849ec7646386c2211f59afe3083\"},\"breadcrumb\":{\"@id\":\"https:\\\/\\\/framtidenskarriar.se\\\/itdata\\\/2024\\\/02\\\/13\\\/bidra-till-ett-tryggare-sverige-pa-polisens-it\\\/#breadcrumb\"},\"inLanguage\":\"sv-SE\",\"potentialAction\":[{\"@type\":\"ReadAction\",\"target\":[\"https:\\\/\\\/framtidenskarriar.se\\\/itdata\\\/2024\\\/02\\\/13\\\/bidra-till-ett-tryggare-sverige-pa-polisens-it\\\/\"]}]},{\"@type\":\"ImageObject\",\"inLanguage\":\"sv-SE\",\"@id\":\"https:\\\/\\\/framtidenskarriar.se\\\/itdata\\\/2024\\\/02\\\/13\\\/bidra-till-ett-tryggare-sverige-pa-polisens-it\\\/#primaryimage\",\"url\":\"https:\\\/\\\/framtidenskarriar.se\\\/itdata\\\/wp-content\\\/uploads\\\/sites\\\/13\\\/2024\\\/02\\\/polisen-fgi0220-2.jpg\",\"contentUrl\":\"https:\\\/\\\/framtidenskarriar.se\\\/itdata\\\/wp-content\\\/uploads\\\/sites\\\/13\\\/2024\\\/02\\\/polisen-fgi0220-2.jpg\",\"width\":1000,\"height\":652},{\"@type\":\"BreadcrumbList\",\"@id\":\"https:\\\/\\\/framtidenskarriar.se\\\/itdata\\\/2024\\\/02\\\/13\\\/bidra-till-ett-tryggare-sverige-pa-polisens-it\\\/#breadcrumb\",\"itemListElement\":[{\"@type\":\"ListItem\",\"position\":1,\"name\":\"Home\",\"item\":\"https:\\\/\\\/framtidenskarriar.se\\\/itdata\\\/\"},{\"@type\":\"ListItem\",\"position\":2,\"name\":\"Bidra till ett tryggare Sverige p\u00e5 polisens IT\"}]},{\"@type\":\"WebSite\",\"@id\":\"https:\\\/\\\/framtidenskarriar.se\\\/itdata\\\/#website\",\"url\":\"https:\\\/\\\/framtidenskarriar.se\\\/itdata\\\/\",\"name\":\"Framtidens karri\u00e4r IT & Data\",\"description\":\"Just another NMDashboard.se Sites site\",\"potentialAction\":[{\"@type\":\"SearchAction\",\"target\":{\"@type\":\"EntryPoint\",\"urlTemplate\":\"https:\\\/\\\/framtidenskarriar.se\\\/itdata\\\/?s={search_term_string}\"},\"query-input\":{\"@type\":\"PropertyValueSpecification\",\"valueRequired\":true,\"valueName\":\"search_term_string\"}}],\"inLanguage\":\"sv-SE\"},{\"@type\":\"Person\",\"@id\":\"https:\\\/\\\/framtidenskarriar.se\\\/itdata\\\/#\\\/schema\\\/person\\\/2a13a849ec7646386c2211f59afe3083\",\"name\":\"viktorwallen\",\"image\":{\"@type\":\"ImageObject\",\"inLanguage\":\"sv-SE\",\"@id\":\"https:\\\/\\\/secure.gravatar.com\\\/avatar\\\/701701bd36169636031933997c8c6b954f2f635bbb7cd4802e4a007f9c9f4e59?s=96&d=mm&r=g\",\"url\":\"https:\\\/\\\/secure.gravatar.com\\\/avatar\\\/701701bd36169636031933997c8c6b954f2f635bbb7cd4802e4a007f9c9f4e59?s=96&d=mm&r=g\",\"contentUrl\":\"https:\\\/\\\/secure.gravatar.com\\\/avatar\\\/701701bd36169636031933997c8c6b954f2f635bbb7cd4802e4a007f9c9f4e59?s=96&d=mm&r=g\",\"caption\":\"viktorwallen\"},\"url\":\"https:\\\/\\\/framtidenskarriar.se\\\/itdata\\\/author\\\/viktorwallen\\\/\"}]}<\/script>\n<!-- \/ Yoast SEO plugin. -->","yoast_head_json":{"title":"Bidra till ett tryggare Sverige p\u00e5 polisens IT - Framtidens karri\u00e4r IT & Data","robots":{"index":"index","follow":"follow","max-snippet":"max-snippet:-1","max-image-preview":"max-image-preview:large","max-video-preview":"max-video-preview:-1"},"canonical":"https:\/\/framtidenskarriar.se\/itdata\/2024\/02\/13\/bidra-till-ett-tryggare-sverige-pa-polisens-it\/","og_locale":"sv_SE","og_type":"article","og_title":"Bidra till ett tryggare Sverige p\u00e5 polisens IT - Framtidens karri\u00e4r IT & Data","og_description":"Arbeta p\u00e5 en h\u00f6g teknisk niv\u00e5, i unika processer tillsammans med engagerade kollegor. Du \u00e4r ett viktigt bidrag till ett tryggare samh\u00e4lle. H\u00e4r \u00e4r ingen dag den andra lik.","og_url":"https:\/\/framtidenskarriar.se\/itdata\/2024\/02\/13\/bidra-till-ett-tryggare-sverige-pa-polisens-it\/","og_site_name":"Framtidens karri\u00e4r IT & Data","article_published_time":"2024-02-13T13:03:00+00:00","article_modified_time":"2026-01-27T09:04:01+00:00","og_image":[{"width":1000,"height":652,"url":"https:\/\/framtidenskarriar.se\/itdata\/wp-content\/uploads\/sites\/13\/2024\/02\/polisen-fgi0220-2.jpg","type":"image\/jpeg"}],"author":"viktorwallen","twitter_card":"summary_large_image","twitter_misc":{"Skriven av":"viktorwallen","Ber\u00e4knad l\u00e4stid":"5 minuter"},"schema":{"@context":"https:\/\/schema.org","@graph":[{"@type":"Article","@id":"https:\/\/framtidenskarriar.se\/itdata\/2024\/02\/13\/bidra-till-ett-tryggare-sverige-pa-polisens-it\/#article","isPartOf":{"@id":"https:\/\/framtidenskarriar.se\/itdata\/2024\/02\/13\/bidra-till-ett-tryggare-sverige-pa-polisens-it\/"},"author":{"name":"viktorwallen","@id":"https:\/\/framtidenskarriar.se\/itdata\/#\/schema\/person\/2a13a849ec7646386c2211f59afe3083"},"headline":"Bidra till ett tryggare Sverige p\u00e5 polisens IT","datePublished":"2024-02-13T13:03:00+00:00","dateModified":"2026-01-27T09:04:01+00:00","mainEntityOfPage":{"@id":"https:\/\/framtidenskarriar.se\/itdata\/2024\/02\/13\/bidra-till-ett-tryggare-sverige-pa-polisens-it\/"},"wordCount":917,"image":{"@id":"https:\/\/framtidenskarriar.se\/itdata\/2024\/02\/13\/bidra-till-ett-tryggare-sverige-pa-polisens-it\/#primaryimage"},"thumbnailUrl":"https:\/\/framtidenskarriar.se\/itdata\/wp-content\/uploads\/sites\/13\/2024\/02\/polisen-fgi0220-2.jpg","keywords":["Polisen","Statligt"],"articleSection":["Presentation"],"inLanguage":"sv-SE"},{"@type":"WebPage","@id":"https:\/\/framtidenskarriar.se\/itdata\/2024\/02\/13\/bidra-till-ett-tryggare-sverige-pa-polisens-it\/","url":"https:\/\/framtidenskarriar.se\/itdata\/2024\/02\/13\/bidra-till-ett-tryggare-sverige-pa-polisens-it\/","name":"Bidra till ett tryggare Sverige p\u00e5 polisens IT - Framtidens karri\u00e4r IT & Data","isPartOf":{"@id":"https:\/\/framtidenskarriar.se\/itdata\/#website"},"primaryImageOfPage":{"@id":"https:\/\/framtidenskarriar.se\/itdata\/2024\/02\/13\/bidra-till-ett-tryggare-sverige-pa-polisens-it\/#primaryimage"},"image":{"@id":"https:\/\/framtidenskarriar.se\/itdata\/2024\/02\/13\/bidra-till-ett-tryggare-sverige-pa-polisens-it\/#primaryimage"},"thumbnailUrl":"https:\/\/framtidenskarriar.se\/itdata\/wp-content\/uploads\/sites\/13\/2024\/02\/polisen-fgi0220-2.jpg","datePublished":"2024-02-13T13:03:00+00:00","dateModified":"2026-01-27T09:04:01+00:00","author":{"@id":"https:\/\/framtidenskarriar.se\/itdata\/#\/schema\/person\/2a13a849ec7646386c2211f59afe3083"},"breadcrumb":{"@id":"https:\/\/framtidenskarriar.se\/itdata\/2024\/02\/13\/bidra-till-ett-tryggare-sverige-pa-polisens-it\/#breadcrumb"},"inLanguage":"sv-SE","potentialAction":[{"@type":"ReadAction","target":["https:\/\/framtidenskarriar.se\/itdata\/2024\/02\/13\/bidra-till-ett-tryggare-sverige-pa-polisens-it\/"]}]},{"@type":"ImageObject","inLanguage":"sv-SE","@id":"https:\/\/framtidenskarriar.se\/itdata\/2024\/02\/13\/bidra-till-ett-tryggare-sverige-pa-polisens-it\/#primaryimage","url":"https:\/\/framtidenskarriar.se\/itdata\/wp-content\/uploads\/sites\/13\/2024\/02\/polisen-fgi0220-2.jpg","contentUrl":"https:\/\/framtidenskarriar.se\/itdata\/wp-content\/uploads\/sites\/13\/2024\/02\/polisen-fgi0220-2.jpg","width":1000,"height":652},{"@type":"BreadcrumbList","@id":"https:\/\/framtidenskarriar.se\/itdata\/2024\/02\/13\/bidra-till-ett-tryggare-sverige-pa-polisens-it\/#breadcrumb","itemListElement":[{"@type":"ListItem","position":1,"name":"Home","item":"https:\/\/framtidenskarriar.se\/itdata\/"},{"@type":"ListItem","position":2,"name":"Bidra till ett tryggare Sverige p\u00e5 polisens IT"}]},{"@type":"WebSite","@id":"https:\/\/framtidenskarriar.se\/itdata\/#website","url":"https:\/\/framtidenskarriar.se\/itdata\/","name":"Framtidens karri\u00e4r IT & Data","description":"Just another NMDashboard.se Sites site","potentialAction":[{"@type":"SearchAction","target":{"@type":"EntryPoint","urlTemplate":"https:\/\/framtidenskarriar.se\/itdata\/?s={search_term_string}"},"query-input":{"@type":"PropertyValueSpecification","valueRequired":true,"valueName":"search_term_string"}}],"inLanguage":"sv-SE"},{"@type":"Person","@id":"https:\/\/framtidenskarriar.se\/itdata\/#\/schema\/person\/2a13a849ec7646386c2211f59afe3083","name":"viktorwallen","image":{"@type":"ImageObject","inLanguage":"sv-SE","@id":"https:\/\/secure.gravatar.com\/avatar\/701701bd36169636031933997c8c6b954f2f635bbb7cd4802e4a007f9c9f4e59?s=96&d=mm&r=g","url":"https:\/\/secure.gravatar.com\/avatar\/701701bd36169636031933997c8c6b954f2f635bbb7cd4802e4a007f9c9f4e59?s=96&d=mm&r=g","contentUrl":"https:\/\/secure.gravatar.com\/avatar\/701701bd36169636031933997c8c6b954f2f635bbb7cd4802e4a007f9c9f4e59?s=96&d=mm&r=g","caption":"viktorwallen"},"url":"https:\/\/framtidenskarriar.se\/itdata\/author\/viktorwallen\/"}]}},"_links":{"self":[{"href":"https:\/\/framtidenskarriar.se\/itdata\/wp-json\/wp\/v2\/posts\/8165","targetHints":{"allow":["GET"]}}],"collection":[{"href":"https:\/\/framtidenskarriar.se\/itdata\/wp-json\/wp\/v2\/posts"}],"about":[{"href":"https:\/\/framtidenskarriar.se\/itdata\/wp-json\/wp\/v2\/types\/post"}],"author":[{"embeddable":true,"href":"https:\/\/framtidenskarriar.se\/itdata\/wp-json\/wp\/v2\/users\/2"}],"replies":[{"embeddable":true,"href":"https:\/\/framtidenskarriar.se\/itdata\/wp-json\/wp\/v2\/comments?post=8165"}],"version-history":[{"count":13,"href":"https:\/\/framtidenskarriar.se\/itdata\/wp-json\/wp\/v2\/posts\/8165\/revisions"}],"predecessor-version":[{"id":8793,"href":"https:\/\/framtidenskarriar.se\/itdata\/wp-json\/wp\/v2\/posts\/8165\/revisions\/8793"}],"wp:featuredmedia":[{"embeddable":true,"href":"https:\/\/framtidenskarriar.se\/itdata\/wp-json\/wp\/v2\/media\/8168"}],"wp:attachment":[{"href":"https:\/\/framtidenskarriar.se\/itdata\/wp-json\/wp\/v2\/media?parent=8165"}],"wp:term":[{"taxonomy":"category","embeddable":true,"href":"https:\/\/framtidenskarriar.se\/itdata\/wp-json\/wp\/v2\/categories?post=8165"},{"taxonomy":"post_tag","embeddable":true,"href":"https:\/\/framtidenskarriar.se\/itdata\/wp-json\/wp\/v2\/tags?post=8165"}],"curies":[{"name":"wp","href":"https:\/\/api.w.org\/{rel}","templated":true}]}}