{"id":8236,"date":"2024-02-13T10:51:24","date_gmt":"2024-02-13T10:51:24","guid":{"rendered":"https:\/\/framtidenskarriar.se\/itdata\/?p=8236"},"modified":"2026-01-27T09:04:02","modified_gmt":"2026-01-27T09:04:02","slug":"samhallsuppdraget-ger-en-extra-dimension-till-allt-vi-gor","status":"publish","type":"post","link":"https:\/\/framtidenskarriar.se\/itdata\/2024\/02\/13\/samhallsuppdraget-ger-en-extra-dimension-till-allt-vi-gor\/","title":{"rendered":"Samh\u00e4llsuppdraget ger en extra dimension till allt vi g\u00f6r"},"content":{"rendered":"\n<figure class=\"wp-block-image size-full\"><img loading=\"lazy\" decoding=\"async\" width=\"1000\" height=\"657\" src=\"https:\/\/framtidenskarriar.se\/itdata\/wp-content\/uploads\/sites\/13\/2024\/02\/svkraftnat-001svenska-kraftnat.jpg\" alt=\"Svante Sj\u00f6blom, enhetschef och Elin Viberg, data engineer hos Svenska kraftn\u00e4t. Foto: Fredrik Hjerling\" class=\"wp-image-8239\" srcset=\"https:\/\/framtidenskarriar.se\/itdata\/wp-content\/uploads\/sites\/13\/2024\/02\/svkraftnat-001svenska-kraftnat.jpg 1000w, https:\/\/framtidenskarriar.se\/itdata\/wp-content\/uploads\/sites\/13\/2024\/02\/svkraftnat-001svenska-kraftnat-300x197.jpg 300w, https:\/\/framtidenskarriar.se\/itdata\/wp-content\/uploads\/sites\/13\/2024\/02\/svkraftnat-001svenska-kraftnat-768x505.jpg 768w, https:\/\/framtidenskarriar.se\/itdata\/wp-content\/uploads\/sites\/13\/2024\/02\/svkraftnat-001svenska-kraftnat-244x160.jpg 244w, https:\/\/framtidenskarriar.se\/itdata\/wp-content\/uploads\/sites\/13\/2024\/02\/svkraftnat-001svenska-kraftnat-526x346.jpg 526w, https:\/\/framtidenskarriar.se\/itdata\/wp-content\/uploads\/sites\/13\/2024\/02\/svkraftnat-001svenska-kraftnat-720x473.jpg 720w, https:\/\/framtidenskarriar.se\/itdata\/wp-content\/uploads\/sites\/13\/2024\/02\/svkraftnat-001svenska-kraftnat-960x631.jpg 960w\" sizes=\"auto, (max-width: 1000px) 100vw, 1000px\" \/><figcaption class=\"wp-element-caption\">Svante Sj\u00f6blom, enhetschef och Elin Viberg, data engineer hos Svenska kraftn\u00e4t. Foto: Fredrik Hjerling<\/figcaption><\/figure>\n\n\n\n<p><strong>Ett it-jobb p\u00e5 Svenska kraftn\u00e4t \u00e4r inte bara ett arbete i teknikens framkant, det \u00e4r ocks\u00e5 ett s\u00e4tt att bidra till en h\u00e5llbar energiframtid.<br>\u2013 Att medverka till att Sverige inte slocknar ger en extra och meningsfull dimension till allt vi g\u00f6r, s\u00e4ger Elin Viberg, data engineer.<\/strong><\/p>\n\n\n\n<p>Elin Viberg var nyutexaminerad elkraftsingenj\u00f6r fr\u00e5n KTH n\u00e4r hon b\u00f6rjade som trainee p\u00e5 Svenska kraftn\u00e4t.<br>\u2013 Jag b\u00f6rjade som verksamhetsspecialist p\u00e5 anl\u00e4ggningssidan med uppdrag att bygga upp Svenska kraftn\u00e4ts Business Intelligence-system. Under mina \u00e5tta \u00e5r i verksamheten har jag l\u00e4rt mig massor och provat p\u00e5 en rad olika roller.<br>Idag arbetar Elin som data engineer med den Business Intelligence-plattform hon sj\u00e4lv varit med och byggt upp. Att hon stannat kvar i alla \u00e5r bottnar i samma anledning som en g\u00e5ng fick henne att s\u00f6ka sig till verksamheten.<br>\u2013 F\u00f6r mig \u00e4r det viktigt att ha ett djupare syfte med det jag \u00e4gnar mig \u00e5t. Den breda verksamheten inom it g\u00f6r ocks\u00e5 att det g\u00e5r att rotera internt och testa olika roller. Man blir verkligen st\u00f6ttad och motiverad till att ta ansvar vilket skapar goda utvecklingsm\u00f6jligheter.<br>\u00c4ven kollegan Svante Sj\u00f6blom b\u00f6rjade p\u00e5 Svenska kraftn\u00e4t direkt efter avslutade studier.<br>\u2013 Jag \u00e4r utbildad elektroingenj\u00f6r och b\u00f6rjade p\u00e5 myndigheten som systemutvecklare, men blev ganska snabbt intresserad av ledarskap vilket f\u00e5ngades upp av mina chefer. Under mina sju \u00e5r i verksamheten har jag arbetat b\u00e5de som scrum-master\/teamlead, systemansvarig och tf. enhetschef. Idag \u00e4r jag enhetschef f\u00f6r Kraftsystemapplikationer med fokus p\u00e5 egenutvecklade system f\u00f6r simulering och analys av kraftsystemet.<\/p>\n\n\n\n<p class=\"has-color-white-01-color has-text-color has-background has-link-color wp-elements-084d3039a7cf7d1bb990b1b4cf76e915\" style=\"background-color:#003148\"><strong><a href=\"https:\/\/www.svk.se\/jobba-har\/sveriges-viktigaste-it-jobb\/\" title=\"Svenska kraftn\u00e4t VT24 pres jobb\" target=\"_blank\" rel=\"noreferrer noopener nofollow\">Vill du ocks\u00e5 bidra till en h\u00e5llbar energiframtid? <span style=\"text-decoration: underline;\">Klicka h\u00e4r f\u00f6r att se v\u00e5ra lediga tj\u00e4nster<\/span><\/a><\/strong><\/p>\n\n\n\n<p><strong>M\u00e5nga karri\u00e4rsp\u00e5r<\/strong><br>Svenska kraftn\u00e4t erbjuder \u00e4ven m\u00f6jlighet att arbeta internationellt i olika samarbetsprojekt, framf\u00f6r allt p\u00e5 nordisk basis.<br>\u2013 Om man \u00e4r intresserad av internationellt samarbete s\u00e5 finns det goda m\u00f6jligheter b\u00e5de p\u00e5 europeisk och p\u00e5 nordisk niv\u00e5, s\u00e4ger Svante.<br>P\u00e5 fr\u00e5gan om de tv\u00e5 kollegorna kan rekommendera andra att s\u00f6ka sig till Svenska kraftn\u00e4t kommer svaren snabbt.<br>\u2013 Absolut! H\u00e4r finns m\u00e5nga sp\u00e4nnande utmaningar och en v\u00e4ldigt hj\u00e4lpsam arbetsmilj\u00f6. D\u00e4rf\u00f6r \u00e4r det l\u00e4tt att testa nya saker, man beh\u00f6ver inte kunna allt fr\u00e5n b\u00f6rjan, s\u00e4ger Elin.<br>\u2013 Ja, s\u00e4ger Svante. Och det finns alltid roliga projekt att ta tag i, oavsett vilket it-omr\u00e5de du vill jobba inom. En stor f\u00f6rdel \u00e4r ocks\u00e5 de flexibla arbetstiderna, och att vi inte l\u00e4gger m\u00f6ten tidigt p\u00e5 dagen eller sent p\u00e5 eftermiddagen, vilket underl\u00e4ttar h\u00e4mtning och l\u00e4mning p\u00e5 f\u00f6rskolan. Som sm\u00e5barnsf\u00f6r\u00e4lder \u00e4r det guld v\u00e4rt.<\/p>\n\n\n\n<div class=\"wp-block-group faktaruta\"><div class=\"wp-block-group__inner-container is-layout-constrained wp-block-group-is-layout-constrained\">\n<h6 class=\"wp-block-heading\">Svenska Kraftn\u00e4t<\/h6>\n\n\n\n<p>Svenska kraftn\u00e4t \u00e4r ett statligt aff\u00e4rsverk som \u00e4r systemansvarig myndighet f\u00f6r kraftsystemet i Sverige och som f\u00f6rvaltar och utvecklar Sveriges transmissionsn\u00e4t f\u00f6r el. Svenska kraftn\u00e4t \u00e4r ocks\u00e5 elberedskapsmyndighet och tillsynsv\u00e4gledande myndighet i fr\u00e5gor om damms\u00e4kerhet samt tillsynsmyndighet f\u00f6r elf\u00f6rs\u00f6rjningens s\u00e4kerhetsskydd.<br><br><strong><a href=\"https:\/\/www.svk.se\/\" title=\"Svenska kraftn\u00e4t VT24 pres textlink\" target=\"_blank\" rel=\"noreferrer noopener nofollow\">www.svk.se<\/a><\/strong><br><br><a href=\"https:\/\/www.svk.se\/\" title=\"Svenska kraftn\u00e4t VT24 pres logotype\" target=\"_blank\" rel=\"noreferrer noopener nofollow\"><img loading=\"lazy\" decoding=\"async\" width=\"150\" height=\"44\" class=\"wp-image-8237\" style=\"width: 150px;\" src=\"https:\/\/framtidenskarriar.se\/itdata\/wp-content\/uploads\/sites\/13\/2024\/02\/svk-logo-liggande-76-160mm150dpi-black.png\" alt=\"\" srcset=\"https:\/\/framtidenskarriar.se\/itdata\/wp-content\/uploads\/sites\/13\/2024\/02\/svk-logo-liggande-76-160mm150dpi-black.png 500w, https:\/\/framtidenskarriar.se\/itdata\/wp-content\/uploads\/sites\/13\/2024\/02\/svk-logo-liggande-76-160mm150dpi-black-300x88.png 300w\" sizes=\"auto, (max-width: 150px) 100vw, 150px\" \/><\/a><\/p>\n<\/div><\/div>\n","protected":false},"excerpt":{"rendered":"<p>Bidra till en h\u00e5llbar energiframtid och arbeta i teknikens framkant.<\/p>\n","protected":false},"author":2,"featured_media":8239,"comment_status":"closed","ping_status":"closed","sticky":false,"template":"","format":"standard","meta":{"_acf_changed":false,"_monsterinsights_skip_tracking":false,"_monsterinsights_sitenote_active":false,"_monsterinsights_sitenote_note":"","_monsterinsights_sitenote_category":0,"footnotes":""},"categories":[9],"tags":[241,285,247],"class_list":["post-8236","post","type-post","status-publish","format-standard","has-post-thumbnail","hentry","category-presentation","tag-statligt","tag-svenska-kraftnat","tag-teknikutveckling"],"acf":[],"yoast_head":"<!-- This site is optimized with the Yoast SEO plugin v27.3 - https:\/\/yoast.com\/product\/yoast-seo-wordpress\/ -->\n<title>Samh\u00e4llsuppdraget ger en extra dimension till allt vi g\u00f6r - Framtidens karri\u00e4r IT &amp; Data<\/title>\n<meta name=\"robots\" content=\"index, follow, max-snippet:-1, max-image-preview:large, max-video-preview:-1\" \/>\n<link rel=\"canonical\" href=\"https:\/\/framtidenskarriar.se\/itdata\/2024\/02\/13\/samhallsuppdraget-ger-en-extra-dimension-till-allt-vi-gor\/\" \/>\n<meta property=\"og:locale\" content=\"sv_SE\" \/>\n<meta property=\"og:type\" content=\"article\" \/>\n<meta property=\"og:title\" content=\"Samh\u00e4llsuppdraget ger en extra dimension till allt vi g\u00f6r - Framtidens karri\u00e4r IT &amp; Data\" \/>\n<meta property=\"og:description\" content=\"Bidra till en h\u00e5llbar energiframtid och arbeta i teknikens framkant.\" \/>\n<meta property=\"og:url\" content=\"https:\/\/framtidenskarriar.se\/itdata\/2024\/02\/13\/samhallsuppdraget-ger-en-extra-dimension-till-allt-vi-gor\/\" \/>\n<meta property=\"og:site_name\" content=\"Framtidens karri\u00e4r IT &amp; Data\" \/>\n<meta property=\"article:published_time\" content=\"2024-02-13T10:51:24+00:00\" \/>\n<meta property=\"article:modified_time\" content=\"2026-01-27T09:04:02+00:00\" \/>\n<meta property=\"og:image\" content=\"https:\/\/framtidenskarriar.se\/itdata\/wp-content\/uploads\/sites\/13\/2024\/02\/svkraftnat-001svenska-kraftnat.jpg\" \/>\n\t<meta property=\"og:image:width\" content=\"1000\" \/>\n\t<meta property=\"og:image:height\" content=\"657\" \/>\n\t<meta property=\"og:image:type\" content=\"image\/jpeg\" \/>\n<meta name=\"author\" content=\"viktorwallen\" \/>\n<meta name=\"twitter:card\" content=\"summary_large_image\" \/>\n<meta name=\"twitter:label1\" content=\"Skriven av\" \/>\n\t<meta name=\"twitter:data1\" content=\"viktorwallen\" \/>\n\t<meta name=\"twitter:label2\" content=\"Ber\u00e4knad l\u00e4stid\" \/>\n\t<meta name=\"twitter:data2\" content=\"3 minuter\" \/>\n<script type=\"application\/ld+json\" class=\"yoast-schema-graph\">{\"@context\":\"https:\\\/\\\/schema.org\",\"@graph\":[{\"@type\":\"Article\",\"@id\":\"https:\\\/\\\/framtidenskarriar.se\\\/itdata\\\/2024\\\/02\\\/13\\\/samhallsuppdraget-ger-en-extra-dimension-till-allt-vi-gor\\\/#article\",\"isPartOf\":{\"@id\":\"https:\\\/\\\/framtidenskarriar.se\\\/itdata\\\/2024\\\/02\\\/13\\\/samhallsuppdraget-ger-en-extra-dimension-till-allt-vi-gor\\\/\"},\"author\":{\"name\":\"viktorwallen\",\"@id\":\"https:\\\/\\\/framtidenskarriar.se\\\/itdata\\\/#\\\/schema\\\/person\\\/2a13a849ec7646386c2211f59afe3083\"},\"headline\":\"Samh\u00e4llsuppdraget ger en extra dimension till allt vi g\u00f6r\",\"datePublished\":\"2024-02-13T10:51:24+00:00\",\"dateModified\":\"2026-01-27T09:04:02+00:00\",\"mainEntityOfPage\":{\"@id\":\"https:\\\/\\\/framtidenskarriar.se\\\/itdata\\\/2024\\\/02\\\/13\\\/samhallsuppdraget-ger-en-extra-dimension-till-allt-vi-gor\\\/\"},\"wordCount\":563,\"image\":{\"@id\":\"https:\\\/\\\/framtidenskarriar.se\\\/itdata\\\/2024\\\/02\\\/13\\\/samhallsuppdraget-ger-en-extra-dimension-till-allt-vi-gor\\\/#primaryimage\"},\"thumbnailUrl\":\"https:\\\/\\\/framtidenskarriar.se\\\/itdata\\\/wp-content\\\/uploads\\\/sites\\\/13\\\/2024\\\/02\\\/svkraftnat-001svenska-kraftnat.jpg\",\"keywords\":[\"Statligt\",\"Svenska Kraftn\u00e4t\",\"Teknikutveckling\"],\"articleSection\":[\"Presentation\"],\"inLanguage\":\"sv-SE\"},{\"@type\":\"WebPage\",\"@id\":\"https:\\\/\\\/framtidenskarriar.se\\\/itdata\\\/2024\\\/02\\\/13\\\/samhallsuppdraget-ger-en-extra-dimension-till-allt-vi-gor\\\/\",\"url\":\"https:\\\/\\\/framtidenskarriar.se\\\/itdata\\\/2024\\\/02\\\/13\\\/samhallsuppdraget-ger-en-extra-dimension-till-allt-vi-gor\\\/\",\"name\":\"Samh\u00e4llsuppdraget ger en extra dimension till allt vi g\u00f6r - Framtidens karri\u00e4r IT & Data\",\"isPartOf\":{\"@id\":\"https:\\\/\\\/framtidenskarriar.se\\\/itdata\\\/#website\"},\"primaryImageOfPage\":{\"@id\":\"https:\\\/\\\/framtidenskarriar.se\\\/itdata\\\/2024\\\/02\\\/13\\\/samhallsuppdraget-ger-en-extra-dimension-till-allt-vi-gor\\\/#primaryimage\"},\"image\":{\"@id\":\"https:\\\/\\\/framtidenskarriar.se\\\/itdata\\\/2024\\\/02\\\/13\\\/samhallsuppdraget-ger-en-extra-dimension-till-allt-vi-gor\\\/#primaryimage\"},\"thumbnailUrl\":\"https:\\\/\\\/framtidenskarriar.se\\\/itdata\\\/wp-content\\\/uploads\\\/sites\\\/13\\\/2024\\\/02\\\/svkraftnat-001svenska-kraftnat.jpg\",\"datePublished\":\"2024-02-13T10:51:24+00:00\",\"dateModified\":\"2026-01-27T09:04:02+00:00\",\"author\":{\"@id\":\"https:\\\/\\\/framtidenskarriar.se\\\/itdata\\\/#\\\/schema\\\/person\\\/2a13a849ec7646386c2211f59afe3083\"},\"breadcrumb\":{\"@id\":\"https:\\\/\\\/framtidenskarriar.se\\\/itdata\\\/2024\\\/02\\\/13\\\/samhallsuppdraget-ger-en-extra-dimension-till-allt-vi-gor\\\/#breadcrumb\"},\"inLanguage\":\"sv-SE\",\"potentialAction\":[{\"@type\":\"ReadAction\",\"target\":[\"https:\\\/\\\/framtidenskarriar.se\\\/itdata\\\/2024\\\/02\\\/13\\\/samhallsuppdraget-ger-en-extra-dimension-till-allt-vi-gor\\\/\"]}]},{\"@type\":\"ImageObject\",\"inLanguage\":\"sv-SE\",\"@id\":\"https:\\\/\\\/framtidenskarriar.se\\\/itdata\\\/2024\\\/02\\\/13\\\/samhallsuppdraget-ger-en-extra-dimension-till-allt-vi-gor\\\/#primaryimage\",\"url\":\"https:\\\/\\\/framtidenskarriar.se\\\/itdata\\\/wp-content\\\/uploads\\\/sites\\\/13\\\/2024\\\/02\\\/svkraftnat-001svenska-kraftnat.jpg\",\"contentUrl\":\"https:\\\/\\\/framtidenskarriar.se\\\/itdata\\\/wp-content\\\/uploads\\\/sites\\\/13\\\/2024\\\/02\\\/svkraftnat-001svenska-kraftnat.jpg\",\"width\":1000,\"height\":657,\"caption\":\"Svante Sj\u00f6blom, enhetschef och Elin Viberg, data engineer hos Svenska kraftn\u00e4t. Foto: Fredrik Hjerling\"},{\"@type\":\"BreadcrumbList\",\"@id\":\"https:\\\/\\\/framtidenskarriar.se\\\/itdata\\\/2024\\\/02\\\/13\\\/samhallsuppdraget-ger-en-extra-dimension-till-allt-vi-gor\\\/#breadcrumb\",\"itemListElement\":[{\"@type\":\"ListItem\",\"position\":1,\"name\":\"Home\",\"item\":\"https:\\\/\\\/framtidenskarriar.se\\\/itdata\\\/\"},{\"@type\":\"ListItem\",\"position\":2,\"name\":\"Samh\u00e4llsuppdraget ger en extra dimension till allt vi g\u00f6r\"}]},{\"@type\":\"WebSite\",\"@id\":\"https:\\\/\\\/framtidenskarriar.se\\\/itdata\\\/#website\",\"url\":\"https:\\\/\\\/framtidenskarriar.se\\\/itdata\\\/\",\"name\":\"Framtidens karri\u00e4r IT & Data\",\"description\":\"Just another NMDashboard.se Sites site\",\"potentialAction\":[{\"@type\":\"SearchAction\",\"target\":{\"@type\":\"EntryPoint\",\"urlTemplate\":\"https:\\\/\\\/framtidenskarriar.se\\\/itdata\\\/?s={search_term_string}\"},\"query-input\":{\"@type\":\"PropertyValueSpecification\",\"valueRequired\":true,\"valueName\":\"search_term_string\"}}],\"inLanguage\":\"sv-SE\"},{\"@type\":\"Person\",\"@id\":\"https:\\\/\\\/framtidenskarriar.se\\\/itdata\\\/#\\\/schema\\\/person\\\/2a13a849ec7646386c2211f59afe3083\",\"name\":\"viktorwallen\",\"image\":{\"@type\":\"ImageObject\",\"inLanguage\":\"sv-SE\",\"@id\":\"https:\\\/\\\/secure.gravatar.com\\\/avatar\\\/701701bd36169636031933997c8c6b954f2f635bbb7cd4802e4a007f9c9f4e59?s=96&d=mm&r=g\",\"url\":\"https:\\\/\\\/secure.gravatar.com\\\/avatar\\\/701701bd36169636031933997c8c6b954f2f635bbb7cd4802e4a007f9c9f4e59?s=96&d=mm&r=g\",\"contentUrl\":\"https:\\\/\\\/secure.gravatar.com\\\/avatar\\\/701701bd36169636031933997c8c6b954f2f635bbb7cd4802e4a007f9c9f4e59?s=96&d=mm&r=g\",\"caption\":\"viktorwallen\"},\"url\":\"https:\\\/\\\/framtidenskarriar.se\\\/itdata\\\/author\\\/viktorwallen\\\/\"}]}<\/script>\n<!-- \/ Yoast SEO plugin. -->","yoast_head_json":{"title":"Samh\u00e4llsuppdraget ger en extra dimension till allt vi g\u00f6r - Framtidens karri\u00e4r IT & Data","robots":{"index":"index","follow":"follow","max-snippet":"max-snippet:-1","max-image-preview":"max-image-preview:large","max-video-preview":"max-video-preview:-1"},"canonical":"https:\/\/framtidenskarriar.se\/itdata\/2024\/02\/13\/samhallsuppdraget-ger-en-extra-dimension-till-allt-vi-gor\/","og_locale":"sv_SE","og_type":"article","og_title":"Samh\u00e4llsuppdraget ger en extra dimension till allt vi g\u00f6r - Framtidens karri\u00e4r IT & Data","og_description":"Bidra till en h\u00e5llbar energiframtid och arbeta i teknikens framkant.","og_url":"https:\/\/framtidenskarriar.se\/itdata\/2024\/02\/13\/samhallsuppdraget-ger-en-extra-dimension-till-allt-vi-gor\/","og_site_name":"Framtidens karri\u00e4r IT & Data","article_published_time":"2024-02-13T10:51:24+00:00","article_modified_time":"2026-01-27T09:04:02+00:00","og_image":[{"width":1000,"height":657,"url":"https:\/\/framtidenskarriar.se\/itdata\/wp-content\/uploads\/sites\/13\/2024\/02\/svkraftnat-001svenska-kraftnat.jpg","type":"image\/jpeg"}],"author":"viktorwallen","twitter_card":"summary_large_image","twitter_misc":{"Skriven av":"viktorwallen","Ber\u00e4knad l\u00e4stid":"3 minuter"},"schema":{"@context":"https:\/\/schema.org","@graph":[{"@type":"Article","@id":"https:\/\/framtidenskarriar.se\/itdata\/2024\/02\/13\/samhallsuppdraget-ger-en-extra-dimension-till-allt-vi-gor\/#article","isPartOf":{"@id":"https:\/\/framtidenskarriar.se\/itdata\/2024\/02\/13\/samhallsuppdraget-ger-en-extra-dimension-till-allt-vi-gor\/"},"author":{"name":"viktorwallen","@id":"https:\/\/framtidenskarriar.se\/itdata\/#\/schema\/person\/2a13a849ec7646386c2211f59afe3083"},"headline":"Samh\u00e4llsuppdraget ger en extra dimension till allt vi g\u00f6r","datePublished":"2024-02-13T10:51:24+00:00","dateModified":"2026-01-27T09:04:02+00:00","mainEntityOfPage":{"@id":"https:\/\/framtidenskarriar.se\/itdata\/2024\/02\/13\/samhallsuppdraget-ger-en-extra-dimension-till-allt-vi-gor\/"},"wordCount":563,"image":{"@id":"https:\/\/framtidenskarriar.se\/itdata\/2024\/02\/13\/samhallsuppdraget-ger-en-extra-dimension-till-allt-vi-gor\/#primaryimage"},"thumbnailUrl":"https:\/\/framtidenskarriar.se\/itdata\/wp-content\/uploads\/sites\/13\/2024\/02\/svkraftnat-001svenska-kraftnat.jpg","keywords":["Statligt","Svenska Kraftn\u00e4t","Teknikutveckling"],"articleSection":["Presentation"],"inLanguage":"sv-SE"},{"@type":"WebPage","@id":"https:\/\/framtidenskarriar.se\/itdata\/2024\/02\/13\/samhallsuppdraget-ger-en-extra-dimension-till-allt-vi-gor\/","url":"https:\/\/framtidenskarriar.se\/itdata\/2024\/02\/13\/samhallsuppdraget-ger-en-extra-dimension-till-allt-vi-gor\/","name":"Samh\u00e4llsuppdraget ger en extra dimension till allt vi g\u00f6r - Framtidens karri\u00e4r IT & Data","isPartOf":{"@id":"https:\/\/framtidenskarriar.se\/itdata\/#website"},"primaryImageOfPage":{"@id":"https:\/\/framtidenskarriar.se\/itdata\/2024\/02\/13\/samhallsuppdraget-ger-en-extra-dimension-till-allt-vi-gor\/#primaryimage"},"image":{"@id":"https:\/\/framtidenskarriar.se\/itdata\/2024\/02\/13\/samhallsuppdraget-ger-en-extra-dimension-till-allt-vi-gor\/#primaryimage"},"thumbnailUrl":"https:\/\/framtidenskarriar.se\/itdata\/wp-content\/uploads\/sites\/13\/2024\/02\/svkraftnat-001svenska-kraftnat.jpg","datePublished":"2024-02-13T10:51:24+00:00","dateModified":"2026-01-27T09:04:02+00:00","author":{"@id":"https:\/\/framtidenskarriar.se\/itdata\/#\/schema\/person\/2a13a849ec7646386c2211f59afe3083"},"breadcrumb":{"@id":"https:\/\/framtidenskarriar.se\/itdata\/2024\/02\/13\/samhallsuppdraget-ger-en-extra-dimension-till-allt-vi-gor\/#breadcrumb"},"inLanguage":"sv-SE","potentialAction":[{"@type":"ReadAction","target":["https:\/\/framtidenskarriar.se\/itdata\/2024\/02\/13\/samhallsuppdraget-ger-en-extra-dimension-till-allt-vi-gor\/"]}]},{"@type":"ImageObject","inLanguage":"sv-SE","@id":"https:\/\/framtidenskarriar.se\/itdata\/2024\/02\/13\/samhallsuppdraget-ger-en-extra-dimension-till-allt-vi-gor\/#primaryimage","url":"https:\/\/framtidenskarriar.se\/itdata\/wp-content\/uploads\/sites\/13\/2024\/02\/svkraftnat-001svenska-kraftnat.jpg","contentUrl":"https:\/\/framtidenskarriar.se\/itdata\/wp-content\/uploads\/sites\/13\/2024\/02\/svkraftnat-001svenska-kraftnat.jpg","width":1000,"height":657,"caption":"Svante Sj\u00f6blom, enhetschef och Elin Viberg, data engineer hos Svenska kraftn\u00e4t. Foto: Fredrik Hjerling"},{"@type":"BreadcrumbList","@id":"https:\/\/framtidenskarriar.se\/itdata\/2024\/02\/13\/samhallsuppdraget-ger-en-extra-dimension-till-allt-vi-gor\/#breadcrumb","itemListElement":[{"@type":"ListItem","position":1,"name":"Home","item":"https:\/\/framtidenskarriar.se\/itdata\/"},{"@type":"ListItem","position":2,"name":"Samh\u00e4llsuppdraget ger en extra dimension till allt vi g\u00f6r"}]},{"@type":"WebSite","@id":"https:\/\/framtidenskarriar.se\/itdata\/#website","url":"https:\/\/framtidenskarriar.se\/itdata\/","name":"Framtidens karri\u00e4r IT & Data","description":"Just another NMDashboard.se Sites site","potentialAction":[{"@type":"SearchAction","target":{"@type":"EntryPoint","urlTemplate":"https:\/\/framtidenskarriar.se\/itdata\/?s={search_term_string}"},"query-input":{"@type":"PropertyValueSpecification","valueRequired":true,"valueName":"search_term_string"}}],"inLanguage":"sv-SE"},{"@type":"Person","@id":"https:\/\/framtidenskarriar.se\/itdata\/#\/schema\/person\/2a13a849ec7646386c2211f59afe3083","name":"viktorwallen","image":{"@type":"ImageObject","inLanguage":"sv-SE","@id":"https:\/\/secure.gravatar.com\/avatar\/701701bd36169636031933997c8c6b954f2f635bbb7cd4802e4a007f9c9f4e59?s=96&d=mm&r=g","url":"https:\/\/secure.gravatar.com\/avatar\/701701bd36169636031933997c8c6b954f2f635bbb7cd4802e4a007f9c9f4e59?s=96&d=mm&r=g","contentUrl":"https:\/\/secure.gravatar.com\/avatar\/701701bd36169636031933997c8c6b954f2f635bbb7cd4802e4a007f9c9f4e59?s=96&d=mm&r=g","caption":"viktorwallen"},"url":"https:\/\/framtidenskarriar.se\/itdata\/author\/viktorwallen\/"}]}},"_links":{"self":[{"href":"https:\/\/framtidenskarriar.se\/itdata\/wp-json\/wp\/v2\/posts\/8236","targetHints":{"allow":["GET"]}}],"collection":[{"href":"https:\/\/framtidenskarriar.se\/itdata\/wp-json\/wp\/v2\/posts"}],"about":[{"href":"https:\/\/framtidenskarriar.se\/itdata\/wp-json\/wp\/v2\/types\/post"}],"author":[{"embeddable":true,"href":"https:\/\/framtidenskarriar.se\/itdata\/wp-json\/wp\/v2\/users\/2"}],"replies":[{"embeddable":true,"href":"https:\/\/framtidenskarriar.se\/itdata\/wp-json\/wp\/v2\/comments?post=8236"}],"version-history":[{"count":5,"href":"https:\/\/framtidenskarriar.se\/itdata\/wp-json\/wp\/v2\/posts\/8236\/revisions"}],"predecessor-version":[{"id":8791,"href":"https:\/\/framtidenskarriar.se\/itdata\/wp-json\/wp\/v2\/posts\/8236\/revisions\/8791"}],"wp:featuredmedia":[{"embeddable":true,"href":"https:\/\/framtidenskarriar.se\/itdata\/wp-json\/wp\/v2\/media\/8239"}],"wp:attachment":[{"href":"https:\/\/framtidenskarriar.se\/itdata\/wp-json\/wp\/v2\/media?parent=8236"}],"wp:term":[{"taxonomy":"category","embeddable":true,"href":"https:\/\/framtidenskarriar.se\/itdata\/wp-json\/wp\/v2\/categories?post=8236"},{"taxonomy":"post_tag","embeddable":true,"href":"https:\/\/framtidenskarriar.se\/itdata\/wp-json\/wp\/v2\/tags?post=8236"}],"curies":[{"name":"wp","href":"https:\/\/api.w.org\/{rel}","templated":true}]}}