{"id":8301,"date":"2024-02-13T12:03:52","date_gmt":"2024-02-13T12:03:52","guid":{"rendered":"https:\/\/framtidenskarriar.se\/itdata\/?p=8301"},"modified":"2026-01-27T09:04:02","modified_gmt":"2026-01-27T09:04:02","slug":"lagkonjunkturen-underlattar-it-rekrytering","status":"publish","type":"post","link":"https:\/\/framtidenskarriar.se\/itdata\/2024\/02\/13\/lagkonjunkturen-underlattar-it-rekrytering\/","title":{"rendered":"L\u00e5gkonjunkturen underl\u00e4ttar it-rekrytering"},"content":{"rendered":"\n<figure class=\"wp-block-image size-full\"><img loading=\"lazy\" decoding=\"async\" width=\"1000\" height=\"588\" src=\"https:\/\/framtidenskarriar.se\/itdata\/wp-content\/uploads\/sites\/13\/2024\/02\/barometer-annaaraskog.jpg\" alt=\"Anna Araskog, analytiker p\u00e5 Arbetsgivarverket.\" class=\"wp-image-8302\" srcset=\"https:\/\/framtidenskarriar.se\/itdata\/wp-content\/uploads\/sites\/13\/2024\/02\/barometer-annaaraskog.jpg 1000w, https:\/\/framtidenskarriar.se\/itdata\/wp-content\/uploads\/sites\/13\/2024\/02\/barometer-annaaraskog-300x176.jpg 300w, https:\/\/framtidenskarriar.se\/itdata\/wp-content\/uploads\/sites\/13\/2024\/02\/barometer-annaaraskog-768x452.jpg 768w, https:\/\/framtidenskarriar.se\/itdata\/wp-content\/uploads\/sites\/13\/2024\/02\/barometer-annaaraskog-272x160.jpg 272w, https:\/\/framtidenskarriar.se\/itdata\/wp-content\/uploads\/sites\/13\/2024\/02\/barometer-annaaraskog-526x309.jpg 526w, https:\/\/framtidenskarriar.se\/itdata\/wp-content\/uploads\/sites\/13\/2024\/02\/barometer-annaaraskog-720x423.jpg 720w, https:\/\/framtidenskarriar.se\/itdata\/wp-content\/uploads\/sites\/13\/2024\/02\/barometer-annaaraskog-960x564.jpg 960w\" sizes=\"auto, (max-width: 1000px) 100vw, 1000px\" \/><figcaption class=\"wp-element-caption\">Anna Araskog, analytiker p\u00e5 Arbetsgivarverket.<\/figcaption><\/figure>\n\n\n\n<p><strong>De statliga arbetsgivarnas kompetensbrist har minskat under 2023. Enligt Arbetsgivarverkets Kompetensbarometer har 67 procent av Sveriges drygt 250 myndigheter brist p\u00e5 l\u00e4mpliga s\u00f6kande, en minskning fr\u00e5n 91 procent 2022. Samtidigt \u00e4r kompetensbristen fortfarande st\u00f6rst p\u00e5 it-omr\u00e5det.<\/strong><\/p>\n\n\n\n<p>I de svenska myndigheterna finns idag drygt 15&nbsp;000 medarbetare med it-kompetens. Andelen myndigheter som har sv\u00e5rt att beh\u00e5lla kompetens har minskat fr\u00e5n 49 till 44 procent. Merparten av myndigheterna f\u00f6rutsp\u00e5r dessutom att personaloms\u00e4ttningen blir l\u00e4gre under 2024 j\u00e4mf\u00f6rt med 2023. Enligt Arbetsgivarverkets analytiker Anna Araskog beror utvecklingen fr\u00e4mst p\u00e5 att svensk ekonomi nu befinner sig i en l\u00e5gkonjunktur, vilket g\u00f6r det l\u00e4ttare att rekrytera och beh\u00e5lla kompetens, men bristtalen i staten ligger fortfarande p\u00e5 en historiskt h\u00f6g niv\u00e5.<\/p>\n\n\n\n<blockquote class=\"wp-block-quote is-layout-flow wp-block-quote-is-layout-flow\">\n<p>&#8221;Statens brist p\u00e5 it-kompetens \u00e4r ett strukturellt problem.&#8221;<\/p>\n<\/blockquote>\n\n\n\n<p><strong>Strukturell kompetensbrist<\/strong><br>Bristen p\u00e5 it-kompetens inom utveckling och systemf\u00f6rvaltning har minskat fr\u00e5n 69 till 56 procent, men det \u00e4r fortfarande det st\u00f6rsta bristomr\u00e5det i statens kompetensf\u00f6rs\u00f6rjning. N\u00e4st st\u00f6rsta kategorin \u00e4r it-drift, underh\u00e5ll och support, d\u00e4r kompetensbristen uppg\u00e5r till 46 procent.<br>\u2013 Ett f\u00f6rslag som diskuterats \u00e4r att introducera gemensamma it-resurser f\u00f6r mindre myndigheter, vilket kan bidra till att minska kompetensbristen, men man ska komma ih\u00e5g att statens brist p\u00e5 it-kompetens \u00e4r ett strukturellt problem. L\u00e5gkonjunkturen minskar bristen eftersom fler s\u00f6ker sig till myndigheter n\u00e4r konjunkturl\u00e4get \u00e4r utmanande, men efterfr\u00e5gan p\u00e5 it-medarbetare \u00f6verstiger fortfarande tillg\u00e5ngen, s\u00e4ger Anna Araskog.<\/p>\n","protected":false},"excerpt":{"rendered":"<p>Enligt Arbetsgivarverkets Kompetensbarometer har 67 procent av Sveriges drygt 250 myndigheter brist p\u00e5 l\u00e4mpliga s\u00f6kande.<\/p>\n","protected":false},"author":2,"featured_media":8302,"comment_status":"closed","ping_status":"closed","sticky":false,"template":"","format":"standard","meta":{"_acf_changed":false,"_monsterinsights_skip_tracking":false,"_monsterinsights_sitenote_active":false,"_monsterinsights_sitenote_note":"","_monsterinsights_sitenote_category":0,"footnotes":""},"categories":[1],"tags":[26,355,140],"class_list":["post-8301","post","type-post","status-publish","format-standard","has-post-thumbnail","hentry","category-artikel","tag-arbetsgivarverket","tag-barometer","tag-jobba-statligt"],"acf":[],"yoast_head":"<!-- This site is optimized with the Yoast SEO plugin v27.3 - https:\/\/yoast.com\/product\/yoast-seo-wordpress\/ -->\n<title>L\u00e5gkonjunkturen underl\u00e4ttar it-rekrytering - Framtidens karri\u00e4r IT &amp; Data<\/title>\n<meta name=\"robots\" content=\"index, follow, max-snippet:-1, max-image-preview:large, max-video-preview:-1\" \/>\n<link rel=\"canonical\" href=\"https:\/\/framtidenskarriar.se\/itdata\/2024\/02\/13\/lagkonjunkturen-underlattar-it-rekrytering\/\" \/>\n<meta property=\"og:locale\" content=\"sv_SE\" \/>\n<meta property=\"og:type\" content=\"article\" \/>\n<meta property=\"og:title\" content=\"L\u00e5gkonjunkturen underl\u00e4ttar it-rekrytering - Framtidens karri\u00e4r IT &amp; Data\" \/>\n<meta property=\"og:description\" content=\"Enligt Arbetsgivarverkets Kompetensbarometer har 67 procent av Sveriges drygt 250 myndigheter brist p\u00e5 l\u00e4mpliga s\u00f6kande.\" \/>\n<meta property=\"og:url\" content=\"https:\/\/framtidenskarriar.se\/itdata\/2024\/02\/13\/lagkonjunkturen-underlattar-it-rekrytering\/\" \/>\n<meta property=\"og:site_name\" content=\"Framtidens karri\u00e4r IT &amp; Data\" \/>\n<meta property=\"article:published_time\" content=\"2024-02-13T12:03:52+00:00\" \/>\n<meta property=\"article:modified_time\" content=\"2026-01-27T09:04:02+00:00\" \/>\n<meta property=\"og:image\" content=\"https:\/\/framtidenskarriar.se\/itdata\/wp-content\/uploads\/sites\/13\/2024\/02\/barometer-annaaraskog.jpg\" \/>\n\t<meta property=\"og:image:width\" content=\"1000\" \/>\n\t<meta property=\"og:image:height\" content=\"588\" \/>\n\t<meta property=\"og:image:type\" content=\"image\/jpeg\" \/>\n<meta name=\"author\" content=\"viktorwallen\" \/>\n<meta name=\"twitter:card\" content=\"summary_large_image\" \/>\n<meta name=\"twitter:label1\" content=\"Skriven av\" \/>\n\t<meta name=\"twitter:data1\" content=\"viktorwallen\" \/>\n\t<meta name=\"twitter:label2\" content=\"Ber\u00e4knad l\u00e4stid\" \/>\n\t<meta name=\"twitter:data2\" content=\"2 minuter\" \/>\n<script type=\"application\/ld+json\" class=\"yoast-schema-graph\">{\"@context\":\"https:\\\/\\\/schema.org\",\"@graph\":[{\"@type\":\"Article\",\"@id\":\"https:\\\/\\\/framtidenskarriar.se\\\/itdata\\\/2024\\\/02\\\/13\\\/lagkonjunkturen-underlattar-it-rekrytering\\\/#article\",\"isPartOf\":{\"@id\":\"https:\\\/\\\/framtidenskarriar.se\\\/itdata\\\/2024\\\/02\\\/13\\\/lagkonjunkturen-underlattar-it-rekrytering\\\/\"},\"author\":{\"name\":\"viktorwallen\",\"@id\":\"https:\\\/\\\/framtidenskarriar.se\\\/itdata\\\/#\\\/schema\\\/person\\\/2a13a849ec7646386c2211f59afe3083\"},\"headline\":\"L\u00e5gkonjunkturen underl\u00e4ttar it-rekrytering\",\"datePublished\":\"2024-02-13T12:03:52+00:00\",\"dateModified\":\"2026-01-27T09:04:02+00:00\",\"mainEntityOfPage\":{\"@id\":\"https:\\\/\\\/framtidenskarriar.se\\\/itdata\\\/2024\\\/02\\\/13\\\/lagkonjunkturen-underlattar-it-rekrytering\\\/\"},\"wordCount\":257,\"image\":{\"@id\":\"https:\\\/\\\/framtidenskarriar.se\\\/itdata\\\/2024\\\/02\\\/13\\\/lagkonjunkturen-underlattar-it-rekrytering\\\/#primaryimage\"},\"thumbnailUrl\":\"https:\\\/\\\/framtidenskarriar.se\\\/itdata\\\/wp-content\\\/uploads\\\/sites\\\/13\\\/2024\\\/02\\\/barometer-annaaraskog.jpg\",\"keywords\":[\"Arbetsgivarverket\",\"Barometer\",\"Jobba statligt\"],\"articleSection\":[\"Artikel\"],\"inLanguage\":\"sv-SE\"},{\"@type\":\"WebPage\",\"@id\":\"https:\\\/\\\/framtidenskarriar.se\\\/itdata\\\/2024\\\/02\\\/13\\\/lagkonjunkturen-underlattar-it-rekrytering\\\/\",\"url\":\"https:\\\/\\\/framtidenskarriar.se\\\/itdata\\\/2024\\\/02\\\/13\\\/lagkonjunkturen-underlattar-it-rekrytering\\\/\",\"name\":\"L\u00e5gkonjunkturen underl\u00e4ttar it-rekrytering - Framtidens karri\u00e4r IT & Data\",\"isPartOf\":{\"@id\":\"https:\\\/\\\/framtidenskarriar.se\\\/itdata\\\/#website\"},\"primaryImageOfPage\":{\"@id\":\"https:\\\/\\\/framtidenskarriar.se\\\/itdata\\\/2024\\\/02\\\/13\\\/lagkonjunkturen-underlattar-it-rekrytering\\\/#primaryimage\"},\"image\":{\"@id\":\"https:\\\/\\\/framtidenskarriar.se\\\/itdata\\\/2024\\\/02\\\/13\\\/lagkonjunkturen-underlattar-it-rekrytering\\\/#primaryimage\"},\"thumbnailUrl\":\"https:\\\/\\\/framtidenskarriar.se\\\/itdata\\\/wp-content\\\/uploads\\\/sites\\\/13\\\/2024\\\/02\\\/barometer-annaaraskog.jpg\",\"datePublished\":\"2024-02-13T12:03:52+00:00\",\"dateModified\":\"2026-01-27T09:04:02+00:00\",\"author\":{\"@id\":\"https:\\\/\\\/framtidenskarriar.se\\\/itdata\\\/#\\\/schema\\\/person\\\/2a13a849ec7646386c2211f59afe3083\"},\"breadcrumb\":{\"@id\":\"https:\\\/\\\/framtidenskarriar.se\\\/itdata\\\/2024\\\/02\\\/13\\\/lagkonjunkturen-underlattar-it-rekrytering\\\/#breadcrumb\"},\"inLanguage\":\"sv-SE\",\"potentialAction\":[{\"@type\":\"ReadAction\",\"target\":[\"https:\\\/\\\/framtidenskarriar.se\\\/itdata\\\/2024\\\/02\\\/13\\\/lagkonjunkturen-underlattar-it-rekrytering\\\/\"]}]},{\"@type\":\"ImageObject\",\"inLanguage\":\"sv-SE\",\"@id\":\"https:\\\/\\\/framtidenskarriar.se\\\/itdata\\\/2024\\\/02\\\/13\\\/lagkonjunkturen-underlattar-it-rekrytering\\\/#primaryimage\",\"url\":\"https:\\\/\\\/framtidenskarriar.se\\\/itdata\\\/wp-content\\\/uploads\\\/sites\\\/13\\\/2024\\\/02\\\/barometer-annaaraskog.jpg\",\"contentUrl\":\"https:\\\/\\\/framtidenskarriar.se\\\/itdata\\\/wp-content\\\/uploads\\\/sites\\\/13\\\/2024\\\/02\\\/barometer-annaaraskog.jpg\",\"width\":1000,\"height\":588,\"caption\":\"Anna Araskog, analytiker p\u00e5 Arbetsgivarverket.\"},{\"@type\":\"BreadcrumbList\",\"@id\":\"https:\\\/\\\/framtidenskarriar.se\\\/itdata\\\/2024\\\/02\\\/13\\\/lagkonjunkturen-underlattar-it-rekrytering\\\/#breadcrumb\",\"itemListElement\":[{\"@type\":\"ListItem\",\"position\":1,\"name\":\"Home\",\"item\":\"https:\\\/\\\/framtidenskarriar.se\\\/itdata\\\/\"},{\"@type\":\"ListItem\",\"position\":2,\"name\":\"L\u00e5gkonjunkturen underl\u00e4ttar it-rekrytering\"}]},{\"@type\":\"WebSite\",\"@id\":\"https:\\\/\\\/framtidenskarriar.se\\\/itdata\\\/#website\",\"url\":\"https:\\\/\\\/framtidenskarriar.se\\\/itdata\\\/\",\"name\":\"Framtidens karri\u00e4r IT & Data\",\"description\":\"Just another NMDashboard.se Sites site\",\"potentialAction\":[{\"@type\":\"SearchAction\",\"target\":{\"@type\":\"EntryPoint\",\"urlTemplate\":\"https:\\\/\\\/framtidenskarriar.se\\\/itdata\\\/?s={search_term_string}\"},\"query-input\":{\"@type\":\"PropertyValueSpecification\",\"valueRequired\":true,\"valueName\":\"search_term_string\"}}],\"inLanguage\":\"sv-SE\"},{\"@type\":\"Person\",\"@id\":\"https:\\\/\\\/framtidenskarriar.se\\\/itdata\\\/#\\\/schema\\\/person\\\/2a13a849ec7646386c2211f59afe3083\",\"name\":\"viktorwallen\",\"image\":{\"@type\":\"ImageObject\",\"inLanguage\":\"sv-SE\",\"@id\":\"https:\\\/\\\/secure.gravatar.com\\\/avatar\\\/701701bd36169636031933997c8c6b954f2f635bbb7cd4802e4a007f9c9f4e59?s=96&d=mm&r=g\",\"url\":\"https:\\\/\\\/secure.gravatar.com\\\/avatar\\\/701701bd36169636031933997c8c6b954f2f635bbb7cd4802e4a007f9c9f4e59?s=96&d=mm&r=g\",\"contentUrl\":\"https:\\\/\\\/secure.gravatar.com\\\/avatar\\\/701701bd36169636031933997c8c6b954f2f635bbb7cd4802e4a007f9c9f4e59?s=96&d=mm&r=g\",\"caption\":\"viktorwallen\"},\"url\":\"https:\\\/\\\/framtidenskarriar.se\\\/itdata\\\/author\\\/viktorwallen\\\/\"}]}<\/script>\n<!-- \/ Yoast SEO plugin. -->","yoast_head_json":{"title":"L\u00e5gkonjunkturen underl\u00e4ttar it-rekrytering - Framtidens karri\u00e4r IT & Data","robots":{"index":"index","follow":"follow","max-snippet":"max-snippet:-1","max-image-preview":"max-image-preview:large","max-video-preview":"max-video-preview:-1"},"canonical":"https:\/\/framtidenskarriar.se\/itdata\/2024\/02\/13\/lagkonjunkturen-underlattar-it-rekrytering\/","og_locale":"sv_SE","og_type":"article","og_title":"L\u00e5gkonjunkturen underl\u00e4ttar it-rekrytering - Framtidens karri\u00e4r IT & Data","og_description":"Enligt Arbetsgivarverkets Kompetensbarometer har 67 procent av Sveriges drygt 250 myndigheter brist p\u00e5 l\u00e4mpliga s\u00f6kande.","og_url":"https:\/\/framtidenskarriar.se\/itdata\/2024\/02\/13\/lagkonjunkturen-underlattar-it-rekrytering\/","og_site_name":"Framtidens karri\u00e4r IT & Data","article_published_time":"2024-02-13T12:03:52+00:00","article_modified_time":"2026-01-27T09:04:02+00:00","og_image":[{"width":1000,"height":588,"url":"https:\/\/framtidenskarriar.se\/itdata\/wp-content\/uploads\/sites\/13\/2024\/02\/barometer-annaaraskog.jpg","type":"image\/jpeg"}],"author":"viktorwallen","twitter_card":"summary_large_image","twitter_misc":{"Skriven av":"viktorwallen","Ber\u00e4knad l\u00e4stid":"2 minuter"},"schema":{"@context":"https:\/\/schema.org","@graph":[{"@type":"Article","@id":"https:\/\/framtidenskarriar.se\/itdata\/2024\/02\/13\/lagkonjunkturen-underlattar-it-rekrytering\/#article","isPartOf":{"@id":"https:\/\/framtidenskarriar.se\/itdata\/2024\/02\/13\/lagkonjunkturen-underlattar-it-rekrytering\/"},"author":{"name":"viktorwallen","@id":"https:\/\/framtidenskarriar.se\/itdata\/#\/schema\/person\/2a13a849ec7646386c2211f59afe3083"},"headline":"L\u00e5gkonjunkturen underl\u00e4ttar it-rekrytering","datePublished":"2024-02-13T12:03:52+00:00","dateModified":"2026-01-27T09:04:02+00:00","mainEntityOfPage":{"@id":"https:\/\/framtidenskarriar.se\/itdata\/2024\/02\/13\/lagkonjunkturen-underlattar-it-rekrytering\/"},"wordCount":257,"image":{"@id":"https:\/\/framtidenskarriar.se\/itdata\/2024\/02\/13\/lagkonjunkturen-underlattar-it-rekrytering\/#primaryimage"},"thumbnailUrl":"https:\/\/framtidenskarriar.se\/itdata\/wp-content\/uploads\/sites\/13\/2024\/02\/barometer-annaaraskog.jpg","keywords":["Arbetsgivarverket","Barometer","Jobba statligt"],"articleSection":["Artikel"],"inLanguage":"sv-SE"},{"@type":"WebPage","@id":"https:\/\/framtidenskarriar.se\/itdata\/2024\/02\/13\/lagkonjunkturen-underlattar-it-rekrytering\/","url":"https:\/\/framtidenskarriar.se\/itdata\/2024\/02\/13\/lagkonjunkturen-underlattar-it-rekrytering\/","name":"L\u00e5gkonjunkturen underl\u00e4ttar it-rekrytering - Framtidens karri\u00e4r IT & Data","isPartOf":{"@id":"https:\/\/framtidenskarriar.se\/itdata\/#website"},"primaryImageOfPage":{"@id":"https:\/\/framtidenskarriar.se\/itdata\/2024\/02\/13\/lagkonjunkturen-underlattar-it-rekrytering\/#primaryimage"},"image":{"@id":"https:\/\/framtidenskarriar.se\/itdata\/2024\/02\/13\/lagkonjunkturen-underlattar-it-rekrytering\/#primaryimage"},"thumbnailUrl":"https:\/\/framtidenskarriar.se\/itdata\/wp-content\/uploads\/sites\/13\/2024\/02\/barometer-annaaraskog.jpg","datePublished":"2024-02-13T12:03:52+00:00","dateModified":"2026-01-27T09:04:02+00:00","author":{"@id":"https:\/\/framtidenskarriar.se\/itdata\/#\/schema\/person\/2a13a849ec7646386c2211f59afe3083"},"breadcrumb":{"@id":"https:\/\/framtidenskarriar.se\/itdata\/2024\/02\/13\/lagkonjunkturen-underlattar-it-rekrytering\/#breadcrumb"},"inLanguage":"sv-SE","potentialAction":[{"@type":"ReadAction","target":["https:\/\/framtidenskarriar.se\/itdata\/2024\/02\/13\/lagkonjunkturen-underlattar-it-rekrytering\/"]}]},{"@type":"ImageObject","inLanguage":"sv-SE","@id":"https:\/\/framtidenskarriar.se\/itdata\/2024\/02\/13\/lagkonjunkturen-underlattar-it-rekrytering\/#primaryimage","url":"https:\/\/framtidenskarriar.se\/itdata\/wp-content\/uploads\/sites\/13\/2024\/02\/barometer-annaaraskog.jpg","contentUrl":"https:\/\/framtidenskarriar.se\/itdata\/wp-content\/uploads\/sites\/13\/2024\/02\/barometer-annaaraskog.jpg","width":1000,"height":588,"caption":"Anna Araskog, analytiker p\u00e5 Arbetsgivarverket."},{"@type":"BreadcrumbList","@id":"https:\/\/framtidenskarriar.se\/itdata\/2024\/02\/13\/lagkonjunkturen-underlattar-it-rekrytering\/#breadcrumb","itemListElement":[{"@type":"ListItem","position":1,"name":"Home","item":"https:\/\/framtidenskarriar.se\/itdata\/"},{"@type":"ListItem","position":2,"name":"L\u00e5gkonjunkturen underl\u00e4ttar it-rekrytering"}]},{"@type":"WebSite","@id":"https:\/\/framtidenskarriar.se\/itdata\/#website","url":"https:\/\/framtidenskarriar.se\/itdata\/","name":"Framtidens karri\u00e4r IT & Data","description":"Just another NMDashboard.se Sites site","potentialAction":[{"@type":"SearchAction","target":{"@type":"EntryPoint","urlTemplate":"https:\/\/framtidenskarriar.se\/itdata\/?s={search_term_string}"},"query-input":{"@type":"PropertyValueSpecification","valueRequired":true,"valueName":"search_term_string"}}],"inLanguage":"sv-SE"},{"@type":"Person","@id":"https:\/\/framtidenskarriar.se\/itdata\/#\/schema\/person\/2a13a849ec7646386c2211f59afe3083","name":"viktorwallen","image":{"@type":"ImageObject","inLanguage":"sv-SE","@id":"https:\/\/secure.gravatar.com\/avatar\/701701bd36169636031933997c8c6b954f2f635bbb7cd4802e4a007f9c9f4e59?s=96&d=mm&r=g","url":"https:\/\/secure.gravatar.com\/avatar\/701701bd36169636031933997c8c6b954f2f635bbb7cd4802e4a007f9c9f4e59?s=96&d=mm&r=g","contentUrl":"https:\/\/secure.gravatar.com\/avatar\/701701bd36169636031933997c8c6b954f2f635bbb7cd4802e4a007f9c9f4e59?s=96&d=mm&r=g","caption":"viktorwallen"},"url":"https:\/\/framtidenskarriar.se\/itdata\/author\/viktorwallen\/"}]}},"_links":{"self":[{"href":"https:\/\/framtidenskarriar.se\/itdata\/wp-json\/wp\/v2\/posts\/8301","targetHints":{"allow":["GET"]}}],"collection":[{"href":"https:\/\/framtidenskarriar.se\/itdata\/wp-json\/wp\/v2\/posts"}],"about":[{"href":"https:\/\/framtidenskarriar.se\/itdata\/wp-json\/wp\/v2\/types\/post"}],"author":[{"embeddable":true,"href":"https:\/\/framtidenskarriar.se\/itdata\/wp-json\/wp\/v2\/users\/2"}],"replies":[{"embeddable":true,"href":"https:\/\/framtidenskarriar.se\/itdata\/wp-json\/wp\/v2\/comments?post=8301"}],"version-history":[{"count":3,"href":"https:\/\/framtidenskarriar.se\/itdata\/wp-json\/wp\/v2\/posts\/8301\/revisions"}],"predecessor-version":[{"id":8305,"href":"https:\/\/framtidenskarriar.se\/itdata\/wp-json\/wp\/v2\/posts\/8301\/revisions\/8305"}],"wp:featuredmedia":[{"embeddable":true,"href":"https:\/\/framtidenskarriar.se\/itdata\/wp-json\/wp\/v2\/media\/8302"}],"wp:attachment":[{"href":"https:\/\/framtidenskarriar.se\/itdata\/wp-json\/wp\/v2\/media?parent=8301"}],"wp:term":[{"taxonomy":"category","embeddable":true,"href":"https:\/\/framtidenskarriar.se\/itdata\/wp-json\/wp\/v2\/categories?post=8301"},{"taxonomy":"post_tag","embeddable":true,"href":"https:\/\/framtidenskarriar.se\/itdata\/wp-json\/wp\/v2\/tags?post=8301"}],"curies":[{"name":"wp","href":"https:\/\/api.w.org\/{rel}","templated":true}]}}