{"id":8306,"date":"2024-02-13T12:09:44","date_gmt":"2024-02-13T12:09:44","guid":{"rendered":"https:\/\/framtidenskarriar.se\/itdata\/?p=8306"},"modified":"2026-01-27T09:04:02","modified_gmt":"2026-01-27T09:04:02","slug":"lon-viktigare-an-varderingar-for-it-specialister","status":"publish","type":"post","link":"https:\/\/framtidenskarriar.se\/itdata\/2024\/02\/13\/lon-viktigare-an-varderingar-for-it-specialister\/","title":{"rendered":"L\u00f6n viktigare \u00e4n v\u00e4rderingar f\u00f6r it-specialister"},"content":{"rendered":"\n<figure class=\"wp-block-image size-full\"><img loading=\"lazy\" decoding=\"async\" width=\"1000\" height=\"590\" src=\"https:\/\/framtidenskarriar.se\/itdata\/wp-content\/uploads\/sites\/13\/2024\/02\/pulsen-mathiaslinarfve.jpg\" alt=\"Mathias Linarfve, vd p\u00e5 Wise IT. Foto: Pernilla Pettersson\" class=\"wp-image-8307\" srcset=\"https:\/\/framtidenskarriar.se\/itdata\/wp-content\/uploads\/sites\/13\/2024\/02\/pulsen-mathiaslinarfve.jpg 1000w, https:\/\/framtidenskarriar.se\/itdata\/wp-content\/uploads\/sites\/13\/2024\/02\/pulsen-mathiaslinarfve-300x177.jpg 300w, https:\/\/framtidenskarriar.se\/itdata\/wp-content\/uploads\/sites\/13\/2024\/02\/pulsen-mathiaslinarfve-768x453.jpg 768w, https:\/\/framtidenskarriar.se\/itdata\/wp-content\/uploads\/sites\/13\/2024\/02\/pulsen-mathiaslinarfve-271x160.jpg 271w, https:\/\/framtidenskarriar.se\/itdata\/wp-content\/uploads\/sites\/13\/2024\/02\/pulsen-mathiaslinarfve-526x310.jpg 526w, https:\/\/framtidenskarriar.se\/itdata\/wp-content\/uploads\/sites\/13\/2024\/02\/pulsen-mathiaslinarfve-720x425.jpg 720w, https:\/\/framtidenskarriar.se\/itdata\/wp-content\/uploads\/sites\/13\/2024\/02\/pulsen-mathiaslinarfve-960x566.jpg 960w\" sizes=\"auto, (max-width: 1000px) 100vw, 1000px\" \/><figcaption class=\"wp-element-caption\">Mathias Linarfve, vd p\u00e5 Wise IT. Foto: Pernilla Pettersson<\/figcaption><\/figure>\n\n\n\n<p><strong>It-specialister v\u00e4rdes\u00e4tter l\u00f6n och ledarskap mer \u00e4n flexibilitet, utvecklingsm\u00f6jligheter och arbetsuppgifter. Mer \u00e4n h\u00e4lften av it-specialisterna rankar l\u00f6nen h\u00f6gst upp p\u00e5 listan \u00f6ver faktorer som avg\u00f6r valet av arbetsgivare, medan tv\u00e5 av fem fortfarande prioriterar m\u00f6jligheten att arbeta var de vill. Det framg\u00e5r av Wise IT:s \u00e5rliga unders\u00f6kning IT-pulsen.<\/strong><\/p>\n\n\n\n<p>\u2013 Att l\u00f6n nu \u00e4r viktigast vid valet av arbetsgivare kan vara en konsekvens av de \u00f6kade levnadskostnader som l\u00e5gkonjunkturen medf\u00f6r. Molntj\u00e4nster, data och analys samt it-s\u00e4kerhet \u00e4r h\u00f6gt efterfr\u00e5gade kompetenser och l\u00f6n och flexibilitet v\u00e4rderas extra h\u00f6gt f\u00f6r specialister med de inriktningarna, s\u00e4ger Mathias Linarfve, vd p\u00e5 Wise IT.<br>Hans r\u00e5d till arbetsgivare som vill rekrytera och beh\u00e5lla it-specialister \u00e4r att erbjuda konkurrenskraftiga l\u00f6ner. Det \u00e4r avg\u00f6rande p\u00e5 en marknad d\u00e4r kompetensbristen \u00e4r stor. Se till att din organisation erbjuder l\u00f6neniv\u00e5er som \u00e4r konkurrenskraftiga p\u00e5 marknaden och som motsvarar it-specialisternas kompetens och erfarenhet.<\/p>\n\n\n\n<blockquote class=\"wp-block-quote is-layout-flow wp-block-quote-is-layout-flow\">\n<p>&#8221;F\u00f6r att attrahera it-specialister beh\u00f6ver man erbjuda intressanta och utmanande projekt.&#8221;<\/p>\n<\/blockquote>\n\n\n\n<p><strong>Tydliga och kommunikativa ledare<\/strong><br>Mathias Linarfves andra r\u00e5d \u00e4r att skapa en attraktiv arbetsmilj\u00f6 f\u00f6r it-specialister. En flexibel arbetsmilj\u00f6 som erbjuder frihet och flexibilitet \u00e4r tv\u00e5 faktorer som v\u00e4rderas h\u00f6gt av it-specialister.<br>\u2013 Jag rekommenderar \u00e4ven arbetsgivare att investera i kontinuerlig kompetensutveckling, det \u00e4r ytterligare en avg\u00f6rande faktor f\u00f6r att kunna attrahera r\u00e4tt it-kompetens och kunna m\u00f6ta behoven p\u00e5 den snabbf\u00f6r\u00e4nderliga it-arbetsmarknaden, s\u00e4ger Mathias Linarfve.<br>I en tid av os\u00e4kerhet och f\u00f6r\u00e4ndring \u00e4r tydliga och kommunikativa ledare som kan navigera genom os\u00e4kerheten och skapa en k\u00e4nsla av trygghet och stabilitet viktigt. Vikten av ett bra ledarskap har \u00e4ven \u00f6kat i betydelse, vilket bekr\u00e4ftas av tv\u00e5 av fem it-specialister.<\/p>\n\n\n\n<p><strong>Flexibilitet inte lika viktigt<\/strong><br>N\u00e4r IT-pulsen genomf\u00f6rdes h\u00f6sten 2021 rankade mer \u00e4n h\u00e4lften av it-specialisterna flexibilitet, m\u00f6jligheten att arbeta var man vill, som den allra viktigaste faktorn vid val av arbetsgivare. I den senaste unders\u00f6kningen har andelen minskat till tv\u00e5 av fem. Slutsatsen \u00e4r att fler vill tillbringa mer av arbetstiden p\u00e5 kontoret \u00e4n hemma.<br>\u2013 F\u00f6r att attrahera it-specialister beh\u00f6ver man erbjuda intressanta och utmanande projekt som utvecklar deras tekniska och kreativa sida. Det kan ocks\u00e5 \u00f6ka sannolikheten att beh\u00e5lla konsulterna p\u00e5 l\u00e4ngre sikt, d\u00e5 de k\u00e4nner att de har m\u00f6jlighet att v\u00e4xa och utvecklas inom f\u00f6retaget, s\u00e4ger Mathias Linarfve.<\/p>\n\n\n\n<div class=\"wp-block-group faktaruta has-color-white-01-background-color has-background\"><div class=\"wp-block-group__inner-container is-layout-constrained wp-block-group-is-layout-constrained\">\n<h3 class=\"wp-block-heading\">De fem l\u00e5ngsiktigt mest efterfr\u00e5gade it-kompetenserna:<\/h3>\n\n\n\n<p><strong>1.<\/strong> Data &amp; analys (inklusive AI &amp; IoT)<br><strong>2.<\/strong> It- och informationss\u00e4kerhet<br><strong>3.<\/strong> Molntj\u00e4nster<br><strong>4.<\/strong> Aff\u00e4rs- och verksamhetsutveckling eller arkitektur<br><strong>5.<\/strong> Systemutveckling<\/p>\n<\/div><\/div>\n\n\n\n<div style=\"height:20px\" aria-hidden=\"true\" class=\"wp-block-spacer\"><\/div>\n\n\n\n<div class=\"wp-block-group faktaruta has-color-white-01-background-color has-background\"><div class=\"wp-block-group__inner-container is-layout-constrained wp-block-group-is-layout-constrained\">\n<h3 class=\"wp-block-heading\">De \u00e5tta viktigaste faktorerna f\u00f6r att attrahera it-specialister:<\/h3>\n\n\n\n<p><strong>1.<\/strong> L\u00f6n<br><strong>2.<\/strong> Flexibilitet<br><strong>3.<\/strong> Arbetsuppgifter<br><strong>4.<\/strong> Ledarskap<br><strong>5.<\/strong> Teamet\/kollegor<br><strong>6.<\/strong> Utvecklingsm\u00f6jligheter<br><strong>7.<\/strong> Organisationskultur<br><strong>8.<\/strong> Bolagsv\u00e4rderingar<br><em><sub>K\u00e4lla: Wise IT<\/sub><\/em><\/p>\n<\/div><\/div>\n","protected":false},"excerpt":{"rendered":"<p>It-specialister v\u00e4rdes\u00e4tter l\u00f6n och ledarskap mer \u00e4n flexibilitet, utvecklingsm\u00f6jligheter och arbetsuppgifter.<\/p>\n","protected":false},"author":2,"featured_media":8307,"comment_status":"closed","ping_status":"closed","sticky":false,"template":"","format":"standard","meta":{"_acf_changed":false,"_monsterinsights_skip_tracking":false,"_monsterinsights_sitenote_active":false,"_monsterinsights_sitenote_note":"","_monsterinsights_sitenote_category":0,"footnotes":""},"categories":[1],"tags":[356,255,357],"class_list":["post-8306","post","type-post","status-publish","format-standard","has-post-thumbnail","hentry","category-artikel","tag-it-pulsen","tag-undersokning","tag-wise-it"],"acf":[],"yoast_head":"<!-- This site is optimized with the Yoast SEO plugin v27.3 - https:\/\/yoast.com\/product\/yoast-seo-wordpress\/ -->\n<title>L\u00f6n viktigare \u00e4n v\u00e4rderingar f\u00f6r it-specialister - Framtidens karri\u00e4r IT &amp; Data<\/title>\n<meta name=\"robots\" content=\"index, follow, max-snippet:-1, max-image-preview:large, max-video-preview:-1\" \/>\n<link rel=\"canonical\" href=\"https:\/\/framtidenskarriar.se\/itdata\/2024\/02\/13\/lon-viktigare-an-varderingar-for-it-specialister\/\" \/>\n<meta property=\"og:locale\" content=\"sv_SE\" \/>\n<meta property=\"og:type\" content=\"article\" \/>\n<meta property=\"og:title\" content=\"L\u00f6n viktigare \u00e4n v\u00e4rderingar f\u00f6r it-specialister - Framtidens karri\u00e4r IT &amp; Data\" \/>\n<meta property=\"og:description\" content=\"It-specialister v\u00e4rdes\u00e4tter l\u00f6n och ledarskap mer \u00e4n flexibilitet, utvecklingsm\u00f6jligheter och arbetsuppgifter.\" \/>\n<meta property=\"og:url\" content=\"https:\/\/framtidenskarriar.se\/itdata\/2024\/02\/13\/lon-viktigare-an-varderingar-for-it-specialister\/\" \/>\n<meta property=\"og:site_name\" content=\"Framtidens karri\u00e4r IT &amp; Data\" \/>\n<meta property=\"article:published_time\" content=\"2024-02-13T12:09:44+00:00\" \/>\n<meta property=\"article:modified_time\" content=\"2026-01-27T09:04:02+00:00\" \/>\n<meta property=\"og:image\" content=\"https:\/\/framtidenskarriar.se\/itdata\/wp-content\/uploads\/sites\/13\/2024\/02\/pulsen-mathiaslinarfve.jpg\" \/>\n\t<meta property=\"og:image:width\" content=\"1000\" \/>\n\t<meta property=\"og:image:height\" content=\"590\" \/>\n\t<meta property=\"og:image:type\" content=\"image\/jpeg\" \/>\n<meta name=\"author\" content=\"viktorwallen\" \/>\n<meta name=\"twitter:card\" content=\"summary_large_image\" \/>\n<meta name=\"twitter:label1\" content=\"Skriven av\" \/>\n\t<meta name=\"twitter:data1\" content=\"viktorwallen\" \/>\n\t<meta name=\"twitter:label2\" content=\"Ber\u00e4knad l\u00e4stid\" \/>\n\t<meta name=\"twitter:data2\" content=\"3 minuter\" \/>\n<script type=\"application\/ld+json\" class=\"yoast-schema-graph\">{\"@context\":\"https:\\\/\\\/schema.org\",\"@graph\":[{\"@type\":\"Article\",\"@id\":\"https:\\\/\\\/framtidenskarriar.se\\\/itdata\\\/2024\\\/02\\\/13\\\/lon-viktigare-an-varderingar-for-it-specialister\\\/#article\",\"isPartOf\":{\"@id\":\"https:\\\/\\\/framtidenskarriar.se\\\/itdata\\\/2024\\\/02\\\/13\\\/lon-viktigare-an-varderingar-for-it-specialister\\\/\"},\"author\":{\"name\":\"viktorwallen\",\"@id\":\"https:\\\/\\\/framtidenskarriar.se\\\/itdata\\\/#\\\/schema\\\/person\\\/2a13a849ec7646386c2211f59afe3083\"},\"headline\":\"L\u00f6n viktigare \u00e4n v\u00e4rderingar f\u00f6r it-specialister\",\"datePublished\":\"2024-02-13T12:09:44+00:00\",\"dateModified\":\"2026-01-27T09:04:02+00:00\",\"mainEntityOfPage\":{\"@id\":\"https:\\\/\\\/framtidenskarriar.se\\\/itdata\\\/2024\\\/02\\\/13\\\/lon-viktigare-an-varderingar-for-it-specialister\\\/\"},\"wordCount\":495,\"image\":{\"@id\":\"https:\\\/\\\/framtidenskarriar.se\\\/itdata\\\/2024\\\/02\\\/13\\\/lon-viktigare-an-varderingar-for-it-specialister\\\/#primaryimage\"},\"thumbnailUrl\":\"https:\\\/\\\/framtidenskarriar.se\\\/itdata\\\/wp-content\\\/uploads\\\/sites\\\/13\\\/2024\\\/02\\\/pulsen-mathiaslinarfve.jpg\",\"keywords\":[\"It-pulsen\",\"Unders\u00f6kning\",\"Wise IT\"],\"articleSection\":[\"Artikel\"],\"inLanguage\":\"sv-SE\"},{\"@type\":\"WebPage\",\"@id\":\"https:\\\/\\\/framtidenskarriar.se\\\/itdata\\\/2024\\\/02\\\/13\\\/lon-viktigare-an-varderingar-for-it-specialister\\\/\",\"url\":\"https:\\\/\\\/framtidenskarriar.se\\\/itdata\\\/2024\\\/02\\\/13\\\/lon-viktigare-an-varderingar-for-it-specialister\\\/\",\"name\":\"L\u00f6n viktigare \u00e4n v\u00e4rderingar f\u00f6r it-specialister - Framtidens karri\u00e4r IT & Data\",\"isPartOf\":{\"@id\":\"https:\\\/\\\/framtidenskarriar.se\\\/itdata\\\/#website\"},\"primaryImageOfPage\":{\"@id\":\"https:\\\/\\\/framtidenskarriar.se\\\/itdata\\\/2024\\\/02\\\/13\\\/lon-viktigare-an-varderingar-for-it-specialister\\\/#primaryimage\"},\"image\":{\"@id\":\"https:\\\/\\\/framtidenskarriar.se\\\/itdata\\\/2024\\\/02\\\/13\\\/lon-viktigare-an-varderingar-for-it-specialister\\\/#primaryimage\"},\"thumbnailUrl\":\"https:\\\/\\\/framtidenskarriar.se\\\/itdata\\\/wp-content\\\/uploads\\\/sites\\\/13\\\/2024\\\/02\\\/pulsen-mathiaslinarfve.jpg\",\"datePublished\":\"2024-02-13T12:09:44+00:00\",\"dateModified\":\"2026-01-27T09:04:02+00:00\",\"author\":{\"@id\":\"https:\\\/\\\/framtidenskarriar.se\\\/itdata\\\/#\\\/schema\\\/person\\\/2a13a849ec7646386c2211f59afe3083\"},\"breadcrumb\":{\"@id\":\"https:\\\/\\\/framtidenskarriar.se\\\/itdata\\\/2024\\\/02\\\/13\\\/lon-viktigare-an-varderingar-for-it-specialister\\\/#breadcrumb\"},\"inLanguage\":\"sv-SE\",\"potentialAction\":[{\"@type\":\"ReadAction\",\"target\":[\"https:\\\/\\\/framtidenskarriar.se\\\/itdata\\\/2024\\\/02\\\/13\\\/lon-viktigare-an-varderingar-for-it-specialister\\\/\"]}]},{\"@type\":\"ImageObject\",\"inLanguage\":\"sv-SE\",\"@id\":\"https:\\\/\\\/framtidenskarriar.se\\\/itdata\\\/2024\\\/02\\\/13\\\/lon-viktigare-an-varderingar-for-it-specialister\\\/#primaryimage\",\"url\":\"https:\\\/\\\/framtidenskarriar.se\\\/itdata\\\/wp-content\\\/uploads\\\/sites\\\/13\\\/2024\\\/02\\\/pulsen-mathiaslinarfve.jpg\",\"contentUrl\":\"https:\\\/\\\/framtidenskarriar.se\\\/itdata\\\/wp-content\\\/uploads\\\/sites\\\/13\\\/2024\\\/02\\\/pulsen-mathiaslinarfve.jpg\",\"width\":1000,\"height\":590,\"caption\":\"Mathias Linarfve, vd p\u00e5 Wise IT. Foto: Pernilla Pettersson\"},{\"@type\":\"BreadcrumbList\",\"@id\":\"https:\\\/\\\/framtidenskarriar.se\\\/itdata\\\/2024\\\/02\\\/13\\\/lon-viktigare-an-varderingar-for-it-specialister\\\/#breadcrumb\",\"itemListElement\":[{\"@type\":\"ListItem\",\"position\":1,\"name\":\"Home\",\"item\":\"https:\\\/\\\/framtidenskarriar.se\\\/itdata\\\/\"},{\"@type\":\"ListItem\",\"position\":2,\"name\":\"L\u00f6n viktigare \u00e4n v\u00e4rderingar f\u00f6r it-specialister\"}]},{\"@type\":\"WebSite\",\"@id\":\"https:\\\/\\\/framtidenskarriar.se\\\/itdata\\\/#website\",\"url\":\"https:\\\/\\\/framtidenskarriar.se\\\/itdata\\\/\",\"name\":\"Framtidens karri\u00e4r IT & Data\",\"description\":\"Just another NMDashboard.se Sites site\",\"potentialAction\":[{\"@type\":\"SearchAction\",\"target\":{\"@type\":\"EntryPoint\",\"urlTemplate\":\"https:\\\/\\\/framtidenskarriar.se\\\/itdata\\\/?s={search_term_string}\"},\"query-input\":{\"@type\":\"PropertyValueSpecification\",\"valueRequired\":true,\"valueName\":\"search_term_string\"}}],\"inLanguage\":\"sv-SE\"},{\"@type\":\"Person\",\"@id\":\"https:\\\/\\\/framtidenskarriar.se\\\/itdata\\\/#\\\/schema\\\/person\\\/2a13a849ec7646386c2211f59afe3083\",\"name\":\"viktorwallen\",\"image\":{\"@type\":\"ImageObject\",\"inLanguage\":\"sv-SE\",\"@id\":\"https:\\\/\\\/secure.gravatar.com\\\/avatar\\\/701701bd36169636031933997c8c6b954f2f635bbb7cd4802e4a007f9c9f4e59?s=96&d=mm&r=g\",\"url\":\"https:\\\/\\\/secure.gravatar.com\\\/avatar\\\/701701bd36169636031933997c8c6b954f2f635bbb7cd4802e4a007f9c9f4e59?s=96&d=mm&r=g\",\"contentUrl\":\"https:\\\/\\\/secure.gravatar.com\\\/avatar\\\/701701bd36169636031933997c8c6b954f2f635bbb7cd4802e4a007f9c9f4e59?s=96&d=mm&r=g\",\"caption\":\"viktorwallen\"},\"url\":\"https:\\\/\\\/framtidenskarriar.se\\\/itdata\\\/author\\\/viktorwallen\\\/\"}]}<\/script>\n<!-- \/ Yoast SEO plugin. -->","yoast_head_json":{"title":"L\u00f6n viktigare \u00e4n v\u00e4rderingar f\u00f6r it-specialister - Framtidens karri\u00e4r IT & Data","robots":{"index":"index","follow":"follow","max-snippet":"max-snippet:-1","max-image-preview":"max-image-preview:large","max-video-preview":"max-video-preview:-1"},"canonical":"https:\/\/framtidenskarriar.se\/itdata\/2024\/02\/13\/lon-viktigare-an-varderingar-for-it-specialister\/","og_locale":"sv_SE","og_type":"article","og_title":"L\u00f6n viktigare \u00e4n v\u00e4rderingar f\u00f6r it-specialister - Framtidens karri\u00e4r IT & Data","og_description":"It-specialister v\u00e4rdes\u00e4tter l\u00f6n och ledarskap mer \u00e4n flexibilitet, utvecklingsm\u00f6jligheter och arbetsuppgifter.","og_url":"https:\/\/framtidenskarriar.se\/itdata\/2024\/02\/13\/lon-viktigare-an-varderingar-for-it-specialister\/","og_site_name":"Framtidens karri\u00e4r IT & Data","article_published_time":"2024-02-13T12:09:44+00:00","article_modified_time":"2026-01-27T09:04:02+00:00","og_image":[{"width":1000,"height":590,"url":"https:\/\/framtidenskarriar.se\/itdata\/wp-content\/uploads\/sites\/13\/2024\/02\/pulsen-mathiaslinarfve.jpg","type":"image\/jpeg"}],"author":"viktorwallen","twitter_card":"summary_large_image","twitter_misc":{"Skriven av":"viktorwallen","Ber\u00e4knad l\u00e4stid":"3 minuter"},"schema":{"@context":"https:\/\/schema.org","@graph":[{"@type":"Article","@id":"https:\/\/framtidenskarriar.se\/itdata\/2024\/02\/13\/lon-viktigare-an-varderingar-for-it-specialister\/#article","isPartOf":{"@id":"https:\/\/framtidenskarriar.se\/itdata\/2024\/02\/13\/lon-viktigare-an-varderingar-for-it-specialister\/"},"author":{"name":"viktorwallen","@id":"https:\/\/framtidenskarriar.se\/itdata\/#\/schema\/person\/2a13a849ec7646386c2211f59afe3083"},"headline":"L\u00f6n viktigare \u00e4n v\u00e4rderingar f\u00f6r it-specialister","datePublished":"2024-02-13T12:09:44+00:00","dateModified":"2026-01-27T09:04:02+00:00","mainEntityOfPage":{"@id":"https:\/\/framtidenskarriar.se\/itdata\/2024\/02\/13\/lon-viktigare-an-varderingar-for-it-specialister\/"},"wordCount":495,"image":{"@id":"https:\/\/framtidenskarriar.se\/itdata\/2024\/02\/13\/lon-viktigare-an-varderingar-for-it-specialister\/#primaryimage"},"thumbnailUrl":"https:\/\/framtidenskarriar.se\/itdata\/wp-content\/uploads\/sites\/13\/2024\/02\/pulsen-mathiaslinarfve.jpg","keywords":["It-pulsen","Unders\u00f6kning","Wise IT"],"articleSection":["Artikel"],"inLanguage":"sv-SE"},{"@type":"WebPage","@id":"https:\/\/framtidenskarriar.se\/itdata\/2024\/02\/13\/lon-viktigare-an-varderingar-for-it-specialister\/","url":"https:\/\/framtidenskarriar.se\/itdata\/2024\/02\/13\/lon-viktigare-an-varderingar-for-it-specialister\/","name":"L\u00f6n viktigare \u00e4n v\u00e4rderingar f\u00f6r it-specialister - Framtidens karri\u00e4r IT & Data","isPartOf":{"@id":"https:\/\/framtidenskarriar.se\/itdata\/#website"},"primaryImageOfPage":{"@id":"https:\/\/framtidenskarriar.se\/itdata\/2024\/02\/13\/lon-viktigare-an-varderingar-for-it-specialister\/#primaryimage"},"image":{"@id":"https:\/\/framtidenskarriar.se\/itdata\/2024\/02\/13\/lon-viktigare-an-varderingar-for-it-specialister\/#primaryimage"},"thumbnailUrl":"https:\/\/framtidenskarriar.se\/itdata\/wp-content\/uploads\/sites\/13\/2024\/02\/pulsen-mathiaslinarfve.jpg","datePublished":"2024-02-13T12:09:44+00:00","dateModified":"2026-01-27T09:04:02+00:00","author":{"@id":"https:\/\/framtidenskarriar.se\/itdata\/#\/schema\/person\/2a13a849ec7646386c2211f59afe3083"},"breadcrumb":{"@id":"https:\/\/framtidenskarriar.se\/itdata\/2024\/02\/13\/lon-viktigare-an-varderingar-for-it-specialister\/#breadcrumb"},"inLanguage":"sv-SE","potentialAction":[{"@type":"ReadAction","target":["https:\/\/framtidenskarriar.se\/itdata\/2024\/02\/13\/lon-viktigare-an-varderingar-for-it-specialister\/"]}]},{"@type":"ImageObject","inLanguage":"sv-SE","@id":"https:\/\/framtidenskarriar.se\/itdata\/2024\/02\/13\/lon-viktigare-an-varderingar-for-it-specialister\/#primaryimage","url":"https:\/\/framtidenskarriar.se\/itdata\/wp-content\/uploads\/sites\/13\/2024\/02\/pulsen-mathiaslinarfve.jpg","contentUrl":"https:\/\/framtidenskarriar.se\/itdata\/wp-content\/uploads\/sites\/13\/2024\/02\/pulsen-mathiaslinarfve.jpg","width":1000,"height":590,"caption":"Mathias Linarfve, vd p\u00e5 Wise IT. Foto: Pernilla Pettersson"},{"@type":"BreadcrumbList","@id":"https:\/\/framtidenskarriar.se\/itdata\/2024\/02\/13\/lon-viktigare-an-varderingar-for-it-specialister\/#breadcrumb","itemListElement":[{"@type":"ListItem","position":1,"name":"Home","item":"https:\/\/framtidenskarriar.se\/itdata\/"},{"@type":"ListItem","position":2,"name":"L\u00f6n viktigare \u00e4n v\u00e4rderingar f\u00f6r it-specialister"}]},{"@type":"WebSite","@id":"https:\/\/framtidenskarriar.se\/itdata\/#website","url":"https:\/\/framtidenskarriar.se\/itdata\/","name":"Framtidens karri\u00e4r IT & Data","description":"Just another NMDashboard.se Sites site","potentialAction":[{"@type":"SearchAction","target":{"@type":"EntryPoint","urlTemplate":"https:\/\/framtidenskarriar.se\/itdata\/?s={search_term_string}"},"query-input":{"@type":"PropertyValueSpecification","valueRequired":true,"valueName":"search_term_string"}}],"inLanguage":"sv-SE"},{"@type":"Person","@id":"https:\/\/framtidenskarriar.se\/itdata\/#\/schema\/person\/2a13a849ec7646386c2211f59afe3083","name":"viktorwallen","image":{"@type":"ImageObject","inLanguage":"sv-SE","@id":"https:\/\/secure.gravatar.com\/avatar\/701701bd36169636031933997c8c6b954f2f635bbb7cd4802e4a007f9c9f4e59?s=96&d=mm&r=g","url":"https:\/\/secure.gravatar.com\/avatar\/701701bd36169636031933997c8c6b954f2f635bbb7cd4802e4a007f9c9f4e59?s=96&d=mm&r=g","contentUrl":"https:\/\/secure.gravatar.com\/avatar\/701701bd36169636031933997c8c6b954f2f635bbb7cd4802e4a007f9c9f4e59?s=96&d=mm&r=g","caption":"viktorwallen"},"url":"https:\/\/framtidenskarriar.se\/itdata\/author\/viktorwallen\/"}]}},"_links":{"self":[{"href":"https:\/\/framtidenskarriar.se\/itdata\/wp-json\/wp\/v2\/posts\/8306","targetHints":{"allow":["GET"]}}],"collection":[{"href":"https:\/\/framtidenskarriar.se\/itdata\/wp-json\/wp\/v2\/posts"}],"about":[{"href":"https:\/\/framtidenskarriar.se\/itdata\/wp-json\/wp\/v2\/types\/post"}],"author":[{"embeddable":true,"href":"https:\/\/framtidenskarriar.se\/itdata\/wp-json\/wp\/v2\/users\/2"}],"replies":[{"embeddable":true,"href":"https:\/\/framtidenskarriar.se\/itdata\/wp-json\/wp\/v2\/comments?post=8306"}],"version-history":[{"count":3,"href":"https:\/\/framtidenskarriar.se\/itdata\/wp-json\/wp\/v2\/posts\/8306\/revisions"}],"predecessor-version":[{"id":8310,"href":"https:\/\/framtidenskarriar.se\/itdata\/wp-json\/wp\/v2\/posts\/8306\/revisions\/8310"}],"wp:featuredmedia":[{"embeddable":true,"href":"https:\/\/framtidenskarriar.se\/itdata\/wp-json\/wp\/v2\/media\/8307"}],"wp:attachment":[{"href":"https:\/\/framtidenskarriar.se\/itdata\/wp-json\/wp\/v2\/media?parent=8306"}],"wp:term":[{"taxonomy":"category","embeddable":true,"href":"https:\/\/framtidenskarriar.se\/itdata\/wp-json\/wp\/v2\/categories?post=8306"},{"taxonomy":"post_tag","embeddable":true,"href":"https:\/\/framtidenskarriar.se\/itdata\/wp-json\/wp\/v2\/tags?post=8306"}],"curies":[{"name":"wp","href":"https:\/\/api.w.org\/{rel}","templated":true}]}}