{"id":8546,"date":"2025-02-12T13:43:48","date_gmt":"2025-02-12T13:43:48","guid":{"rendered":"https:\/\/framtidenskarriar.se\/itdata\/?p=8546"},"modified":"2026-01-27T09:04:01","modified_gmt":"2026-01-27T09:04:01","slug":"ar-du-beredd-att-ta-sveriges-viktigaste-it-jobb-3","status":"publish","type":"post","link":"https:\/\/framtidenskarriar.se\/itdata\/2025\/02\/12\/ar-du-beredd-att-ta-sveriges-viktigaste-it-jobb-3\/","title":{"rendered":"\u00c4r du beredd att ta Sveriges viktigaste IT-jobb?"},"content":{"rendered":"\n<figure class=\"wp-block-image size-full\"><img loading=\"lazy\" decoding=\"async\" width=\"916\" height=\"681\" src=\"https:\/\/framtidenskarriar.se\/itdata\/wp-content\/uploads\/sites\/13\/2022\/02\/forsakringskassan-bild.jpg\" alt=\"\" class=\"wp-image-7437\" srcset=\"https:\/\/framtidenskarriar.se\/itdata\/wp-content\/uploads\/sites\/13\/2022\/02\/forsakringskassan-bild.jpg 916w, https:\/\/framtidenskarriar.se\/itdata\/wp-content\/uploads\/sites\/13\/2022\/02\/forsakringskassan-bild-300x223.jpg 300w, https:\/\/framtidenskarriar.se\/itdata\/wp-content\/uploads\/sites\/13\/2022\/02\/forsakringskassan-bild-768x571.jpg 768w, https:\/\/framtidenskarriar.se\/itdata\/wp-content\/uploads\/sites\/13\/2022\/02\/forsakringskassan-bild-215x160.jpg 215w, https:\/\/framtidenskarriar.se\/itdata\/wp-content\/uploads\/sites\/13\/2022\/02\/forsakringskassan-bild-526x391.jpg 526w, https:\/\/framtidenskarriar.se\/itdata\/wp-content\/uploads\/sites\/13\/2022\/02\/forsakringskassan-bild-720x535.jpg 720w\" sizes=\"auto, (max-width: 916px) 100vw, 916px\" \/><\/figure>\n\n\n\n<p><strong>Om du vill ha ett vanligt IT-jobb, utan utmaningar, d\u00e5 kan du sluta l\u00e4sa h\u00e4r. Men om du vill ha ett jobb d\u00e4r du p\u00e5verkar m\u00e4nniskors liv och hela samh\u00e4llet? D\u00e5 ska du l\u00e4sa vidare.<\/strong><\/p>\n\n\n\n<p>F\u00f6rs\u00e4kringskassan har en av Sveriges st\u00f6rsta IT-avdelningar med cirka 1\u00a0300 medarbetare. Vi finns i Sundsvall, Kalix, Lule\u00e5, S\u00f6derhamn, Stockholm, G\u00f6teborg, Karlskrona och Trelleborg.<br><br>H\u00e4r t\u00e4nker vi nytt och anv\u00e4nder den senaste tekniken f\u00f6r att utveckla och leverera IT-tj\u00e4nster f\u00f6r den svenska socialf\u00f6rs\u00e4kringen.<\/p>\n\n\n\n<p class=\"has-color-white-01-color has-text-color has-background\" style=\"background-color:#003148\"><strong><a href=\"https:\/\/www.forsakringskassan.se\/omfk\/jobba_hos_oss\/itjobb\" title=\"F\u00f6rs\u00e4kringskassan VT25 jobb annons ans\u00f6k\" target=\"_blank\" rel=\"noreferrer noopener\"><span style=\"text-decoration: underline;\">Klicka h\u00e4r f\u00f6r att l\u00e4sa mer om F\u00f6rs\u00e4kringskassan IT<\/span><\/a><\/strong><\/p>\n\n\n\n<div class=\"wp-block-group faktaruta has-color-white-01-background-color has-background\"><div class=\"wp-block-group__inner-container is-layout-flow wp-block-group-is-layout-flow\">\n<h6 class=\"wp-block-heading\" id=\"forsakringskassan\">F\u00f6rs\u00e4kringskassan<\/h6>\n\n\n\n<p>F\u00f6rs\u00e4kringskassan har en av Sveriges st\u00f6rsta IT-avdelningar med \u00f6ver 1300 medarbetare p\u00e5 \u00e5tta orter. Hos oss anv\u00e4nds den senaste tekniken, och kraven p\u00e5 drift och utveckling \u00e4r h\u00f6ga. Det \u00e4r en samh\u00e4llskritisk verksamhet, och vi utvecklar och hanterar ocks\u00e5 driften av IT-system \u00e5t flera andra myndigheter. Vi f\u00e5r Sverige att fungera.<br><br><a title=\"F\u00f6rs\u00e4kringskassan VT25 jobb annons logotype\" href=\"https:\/\/www.forsakringskassan.se\/omfk\/jobba_hos_oss\/itjobb\" target=\"_blank\" rel=\"noreferrer noopener\"><img loading=\"lazy\" decoding=\"async\" width=\"300\" height=\"39\" class=\"wp-image-7275\" style=\"width: 300px;\" src=\"https:\/\/framtidenskarriar.se\/itdata\/wp-content\/uploads\/sites\/13\/2022\/02\/fkassan-logo-cmyk.png\" alt=\"\" srcset=\"https:\/\/framtidenskarriar.se\/itdata\/wp-content\/uploads\/sites\/13\/2022\/02\/fkassan-logo-cmyk.png 500w, https:\/\/framtidenskarriar.se\/itdata\/wp-content\/uploads\/sites\/13\/2022\/02\/fkassan-logo-cmyk-300x39.png 300w\" sizes=\"auto, (max-width: 300px) 100vw, 300px\" \/><\/a><\/p>\n<\/div><\/div>\n\n\n\n<p><\/p>\n","protected":false},"excerpt":{"rendered":"<p>Vill du ha ett jobb d\u00e4r du p\u00e5verkar m\u00e4nniskors liv och hela samh\u00e4llet?<\/p>\n","protected":false},"author":2,"featured_media":7437,"comment_status":"closed","ping_status":"closed","sticky":false,"template":"","format":"standard","meta":{"_acf_changed":false,"_monsterinsights_skip_tracking":false,"_monsterinsights_sitenote_active":false,"_monsterinsights_sitenote_note":"","_monsterinsights_sitenote_category":0,"footnotes":""},"categories":[275],"tags":[288,241],"class_list":["post-8546","post","type-post","status-publish","format-standard","has-post-thumbnail","hentry","category-jobb","tag-forsakringskassan","tag-statligt"],"acf":[],"yoast_head":"<!-- This site is optimized with the Yoast SEO plugin v27.3 - https:\/\/yoast.com\/product\/yoast-seo-wordpress\/ -->\n<title>\u00c4r du beredd att ta Sveriges viktigaste IT-jobb? - Framtidens karri\u00e4r IT &amp; Data<\/title>\n<meta name=\"robots\" content=\"index, follow, max-snippet:-1, max-image-preview:large, max-video-preview:-1\" \/>\n<link rel=\"canonical\" href=\"https:\/\/framtidenskarriar.se\/itdata\/2025\/02\/12\/ar-du-beredd-att-ta-sveriges-viktigaste-it-jobb-3\/\" \/>\n<meta property=\"og:locale\" content=\"sv_SE\" \/>\n<meta property=\"og:type\" content=\"article\" \/>\n<meta property=\"og:title\" content=\"\u00c4r du beredd att ta Sveriges viktigaste IT-jobb? - Framtidens karri\u00e4r IT &amp; Data\" \/>\n<meta property=\"og:description\" content=\"Vill du ha ett jobb d\u00e4r du p\u00e5verkar m\u00e4nniskors liv och hela samh\u00e4llet?\" \/>\n<meta property=\"og:url\" content=\"https:\/\/framtidenskarriar.se\/itdata\/2025\/02\/12\/ar-du-beredd-att-ta-sveriges-viktigaste-it-jobb-3\/\" \/>\n<meta property=\"og:site_name\" content=\"Framtidens karri\u00e4r IT &amp; Data\" \/>\n<meta property=\"article:published_time\" content=\"2025-02-12T13:43:48+00:00\" \/>\n<meta property=\"article:modified_time\" content=\"2026-01-27T09:04:01+00:00\" \/>\n<meta property=\"og:image\" content=\"https:\/\/framtidenskarriar.se\/itdata\/wp-content\/uploads\/sites\/13\/2022\/02\/forsakringskassan-bild.jpg\" \/>\n\t<meta property=\"og:image:width\" content=\"916\" \/>\n\t<meta property=\"og:image:height\" content=\"681\" \/>\n\t<meta property=\"og:image:type\" content=\"image\/jpeg\" \/>\n<meta name=\"author\" content=\"viktorwallen\" \/>\n<meta name=\"twitter:card\" content=\"summary_large_image\" \/>\n<meta name=\"twitter:label1\" content=\"Skriven av\" \/>\n\t<meta name=\"twitter:data1\" content=\"viktorwallen\" \/>\n\t<meta name=\"twitter:label2\" content=\"Ber\u00e4knad l\u00e4stid\" \/>\n\t<meta name=\"twitter:data2\" content=\"2 minuter\" \/>\n<script type=\"application\/ld+json\" class=\"yoast-schema-graph\">{\"@context\":\"https:\\\/\\\/schema.org\",\"@graph\":[{\"@type\":\"Article\",\"@id\":\"https:\\\/\\\/framtidenskarriar.se\\\/itdata\\\/2025\\\/02\\\/12\\\/ar-du-beredd-att-ta-sveriges-viktigaste-it-jobb-3\\\/#article\",\"isPartOf\":{\"@id\":\"https:\\\/\\\/framtidenskarriar.se\\\/itdata\\\/2025\\\/02\\\/12\\\/ar-du-beredd-att-ta-sveriges-viktigaste-it-jobb-3\\\/\"},\"author\":{\"name\":\"viktorwallen\",\"@id\":\"https:\\\/\\\/framtidenskarriar.se\\\/itdata\\\/#\\\/schema\\\/person\\\/2a13a849ec7646386c2211f59afe3083\"},\"headline\":\"\u00c4r du beredd att ta Sveriges viktigaste IT-jobb?\",\"datePublished\":\"2025-02-12T13:43:48+00:00\",\"dateModified\":\"2026-01-27T09:04:01+00:00\",\"mainEntityOfPage\":{\"@id\":\"https:\\\/\\\/framtidenskarriar.se\\\/itdata\\\/2025\\\/02\\\/12\\\/ar-du-beredd-att-ta-sveriges-viktigaste-it-jobb-3\\\/\"},\"wordCount\":178,\"image\":{\"@id\":\"https:\\\/\\\/framtidenskarriar.se\\\/itdata\\\/2025\\\/02\\\/12\\\/ar-du-beredd-att-ta-sveriges-viktigaste-it-jobb-3\\\/#primaryimage\"},\"thumbnailUrl\":\"https:\\\/\\\/framtidenskarriar.se\\\/itdata\\\/wp-content\\\/uploads\\\/sites\\\/13\\\/2022\\\/02\\\/forsakringskassan-bild.jpg\",\"keywords\":[\"F\u00f6rs\u00e4kringskassan\",\"Statligt\"],\"articleSection\":[\"Jobb\"],\"inLanguage\":\"sv-SE\"},{\"@type\":\"WebPage\",\"@id\":\"https:\\\/\\\/framtidenskarriar.se\\\/itdata\\\/2025\\\/02\\\/12\\\/ar-du-beredd-att-ta-sveriges-viktigaste-it-jobb-3\\\/\",\"url\":\"https:\\\/\\\/framtidenskarriar.se\\\/itdata\\\/2025\\\/02\\\/12\\\/ar-du-beredd-att-ta-sveriges-viktigaste-it-jobb-3\\\/\",\"name\":\"\u00c4r du beredd att ta Sveriges viktigaste IT-jobb? - Framtidens karri\u00e4r IT & Data\",\"isPartOf\":{\"@id\":\"https:\\\/\\\/framtidenskarriar.se\\\/itdata\\\/#website\"},\"primaryImageOfPage\":{\"@id\":\"https:\\\/\\\/framtidenskarriar.se\\\/itdata\\\/2025\\\/02\\\/12\\\/ar-du-beredd-att-ta-sveriges-viktigaste-it-jobb-3\\\/#primaryimage\"},\"image\":{\"@id\":\"https:\\\/\\\/framtidenskarriar.se\\\/itdata\\\/2025\\\/02\\\/12\\\/ar-du-beredd-att-ta-sveriges-viktigaste-it-jobb-3\\\/#primaryimage\"},\"thumbnailUrl\":\"https:\\\/\\\/framtidenskarriar.se\\\/itdata\\\/wp-content\\\/uploads\\\/sites\\\/13\\\/2022\\\/02\\\/forsakringskassan-bild.jpg\",\"datePublished\":\"2025-02-12T13:43:48+00:00\",\"dateModified\":\"2026-01-27T09:04:01+00:00\",\"author\":{\"@id\":\"https:\\\/\\\/framtidenskarriar.se\\\/itdata\\\/#\\\/schema\\\/person\\\/2a13a849ec7646386c2211f59afe3083\"},\"breadcrumb\":{\"@id\":\"https:\\\/\\\/framtidenskarriar.se\\\/itdata\\\/2025\\\/02\\\/12\\\/ar-du-beredd-att-ta-sveriges-viktigaste-it-jobb-3\\\/#breadcrumb\"},\"inLanguage\":\"sv-SE\",\"potentialAction\":[{\"@type\":\"ReadAction\",\"target\":[\"https:\\\/\\\/framtidenskarriar.se\\\/itdata\\\/2025\\\/02\\\/12\\\/ar-du-beredd-att-ta-sveriges-viktigaste-it-jobb-3\\\/\"]}]},{\"@type\":\"ImageObject\",\"inLanguage\":\"sv-SE\",\"@id\":\"https:\\\/\\\/framtidenskarriar.se\\\/itdata\\\/2025\\\/02\\\/12\\\/ar-du-beredd-att-ta-sveriges-viktigaste-it-jobb-3\\\/#primaryimage\",\"url\":\"https:\\\/\\\/framtidenskarriar.se\\\/itdata\\\/wp-content\\\/uploads\\\/sites\\\/13\\\/2022\\\/02\\\/forsakringskassan-bild.jpg\",\"contentUrl\":\"https:\\\/\\\/framtidenskarriar.se\\\/itdata\\\/wp-content\\\/uploads\\\/sites\\\/13\\\/2022\\\/02\\\/forsakringskassan-bild.jpg\",\"width\":916,\"height\":681},{\"@type\":\"BreadcrumbList\",\"@id\":\"https:\\\/\\\/framtidenskarriar.se\\\/itdata\\\/2025\\\/02\\\/12\\\/ar-du-beredd-att-ta-sveriges-viktigaste-it-jobb-3\\\/#breadcrumb\",\"itemListElement\":[{\"@type\":\"ListItem\",\"position\":1,\"name\":\"Home\",\"item\":\"https:\\\/\\\/framtidenskarriar.se\\\/itdata\\\/\"},{\"@type\":\"ListItem\",\"position\":2,\"name\":\"\u00c4r du beredd att ta Sveriges viktigaste IT-jobb?\"}]},{\"@type\":\"WebSite\",\"@id\":\"https:\\\/\\\/framtidenskarriar.se\\\/itdata\\\/#website\",\"url\":\"https:\\\/\\\/framtidenskarriar.se\\\/itdata\\\/\",\"name\":\"Framtidens karri\u00e4r IT & Data\",\"description\":\"Just another NMDashboard.se Sites site\",\"potentialAction\":[{\"@type\":\"SearchAction\",\"target\":{\"@type\":\"EntryPoint\",\"urlTemplate\":\"https:\\\/\\\/framtidenskarriar.se\\\/itdata\\\/?s={search_term_string}\"},\"query-input\":{\"@type\":\"PropertyValueSpecification\",\"valueRequired\":true,\"valueName\":\"search_term_string\"}}],\"inLanguage\":\"sv-SE\"},{\"@type\":\"Person\",\"@id\":\"https:\\\/\\\/framtidenskarriar.se\\\/itdata\\\/#\\\/schema\\\/person\\\/2a13a849ec7646386c2211f59afe3083\",\"name\":\"viktorwallen\",\"image\":{\"@type\":\"ImageObject\",\"inLanguage\":\"sv-SE\",\"@id\":\"https:\\\/\\\/secure.gravatar.com\\\/avatar\\\/701701bd36169636031933997c8c6b954f2f635bbb7cd4802e4a007f9c9f4e59?s=96&d=mm&r=g\",\"url\":\"https:\\\/\\\/secure.gravatar.com\\\/avatar\\\/701701bd36169636031933997c8c6b954f2f635bbb7cd4802e4a007f9c9f4e59?s=96&d=mm&r=g\",\"contentUrl\":\"https:\\\/\\\/secure.gravatar.com\\\/avatar\\\/701701bd36169636031933997c8c6b954f2f635bbb7cd4802e4a007f9c9f4e59?s=96&d=mm&r=g\",\"caption\":\"viktorwallen\"},\"url\":\"https:\\\/\\\/framtidenskarriar.se\\\/itdata\\\/author\\\/viktorwallen\\\/\"}]}<\/script>\n<!-- \/ Yoast SEO plugin. -->","yoast_head_json":{"title":"\u00c4r du beredd att ta Sveriges viktigaste IT-jobb? - Framtidens karri\u00e4r IT & Data","robots":{"index":"index","follow":"follow","max-snippet":"max-snippet:-1","max-image-preview":"max-image-preview:large","max-video-preview":"max-video-preview:-1"},"canonical":"https:\/\/framtidenskarriar.se\/itdata\/2025\/02\/12\/ar-du-beredd-att-ta-sveriges-viktigaste-it-jobb-3\/","og_locale":"sv_SE","og_type":"article","og_title":"\u00c4r du beredd att ta Sveriges viktigaste IT-jobb? - Framtidens karri\u00e4r IT & Data","og_description":"Vill du ha ett jobb d\u00e4r du p\u00e5verkar m\u00e4nniskors liv och hela samh\u00e4llet?","og_url":"https:\/\/framtidenskarriar.se\/itdata\/2025\/02\/12\/ar-du-beredd-att-ta-sveriges-viktigaste-it-jobb-3\/","og_site_name":"Framtidens karri\u00e4r IT & Data","article_published_time":"2025-02-12T13:43:48+00:00","article_modified_time":"2026-01-27T09:04:01+00:00","og_image":[{"width":916,"height":681,"url":"https:\/\/framtidenskarriar.se\/itdata\/wp-content\/uploads\/sites\/13\/2022\/02\/forsakringskassan-bild.jpg","type":"image\/jpeg"}],"author":"viktorwallen","twitter_card":"summary_large_image","twitter_misc":{"Skriven av":"viktorwallen","Ber\u00e4knad l\u00e4stid":"2 minuter"},"schema":{"@context":"https:\/\/schema.org","@graph":[{"@type":"Article","@id":"https:\/\/framtidenskarriar.se\/itdata\/2025\/02\/12\/ar-du-beredd-att-ta-sveriges-viktigaste-it-jobb-3\/#article","isPartOf":{"@id":"https:\/\/framtidenskarriar.se\/itdata\/2025\/02\/12\/ar-du-beredd-att-ta-sveriges-viktigaste-it-jobb-3\/"},"author":{"name":"viktorwallen","@id":"https:\/\/framtidenskarriar.se\/itdata\/#\/schema\/person\/2a13a849ec7646386c2211f59afe3083"},"headline":"\u00c4r du beredd att ta Sveriges viktigaste IT-jobb?","datePublished":"2025-02-12T13:43:48+00:00","dateModified":"2026-01-27T09:04:01+00:00","mainEntityOfPage":{"@id":"https:\/\/framtidenskarriar.se\/itdata\/2025\/02\/12\/ar-du-beredd-att-ta-sveriges-viktigaste-it-jobb-3\/"},"wordCount":178,"image":{"@id":"https:\/\/framtidenskarriar.se\/itdata\/2025\/02\/12\/ar-du-beredd-att-ta-sveriges-viktigaste-it-jobb-3\/#primaryimage"},"thumbnailUrl":"https:\/\/framtidenskarriar.se\/itdata\/wp-content\/uploads\/sites\/13\/2022\/02\/forsakringskassan-bild.jpg","keywords":["F\u00f6rs\u00e4kringskassan","Statligt"],"articleSection":["Jobb"],"inLanguage":"sv-SE"},{"@type":"WebPage","@id":"https:\/\/framtidenskarriar.se\/itdata\/2025\/02\/12\/ar-du-beredd-att-ta-sveriges-viktigaste-it-jobb-3\/","url":"https:\/\/framtidenskarriar.se\/itdata\/2025\/02\/12\/ar-du-beredd-att-ta-sveriges-viktigaste-it-jobb-3\/","name":"\u00c4r du beredd att ta Sveriges viktigaste IT-jobb? - Framtidens karri\u00e4r IT & Data","isPartOf":{"@id":"https:\/\/framtidenskarriar.se\/itdata\/#website"},"primaryImageOfPage":{"@id":"https:\/\/framtidenskarriar.se\/itdata\/2025\/02\/12\/ar-du-beredd-att-ta-sveriges-viktigaste-it-jobb-3\/#primaryimage"},"image":{"@id":"https:\/\/framtidenskarriar.se\/itdata\/2025\/02\/12\/ar-du-beredd-att-ta-sveriges-viktigaste-it-jobb-3\/#primaryimage"},"thumbnailUrl":"https:\/\/framtidenskarriar.se\/itdata\/wp-content\/uploads\/sites\/13\/2022\/02\/forsakringskassan-bild.jpg","datePublished":"2025-02-12T13:43:48+00:00","dateModified":"2026-01-27T09:04:01+00:00","author":{"@id":"https:\/\/framtidenskarriar.se\/itdata\/#\/schema\/person\/2a13a849ec7646386c2211f59afe3083"},"breadcrumb":{"@id":"https:\/\/framtidenskarriar.se\/itdata\/2025\/02\/12\/ar-du-beredd-att-ta-sveriges-viktigaste-it-jobb-3\/#breadcrumb"},"inLanguage":"sv-SE","potentialAction":[{"@type":"ReadAction","target":["https:\/\/framtidenskarriar.se\/itdata\/2025\/02\/12\/ar-du-beredd-att-ta-sveriges-viktigaste-it-jobb-3\/"]}]},{"@type":"ImageObject","inLanguage":"sv-SE","@id":"https:\/\/framtidenskarriar.se\/itdata\/2025\/02\/12\/ar-du-beredd-att-ta-sveriges-viktigaste-it-jobb-3\/#primaryimage","url":"https:\/\/framtidenskarriar.se\/itdata\/wp-content\/uploads\/sites\/13\/2022\/02\/forsakringskassan-bild.jpg","contentUrl":"https:\/\/framtidenskarriar.se\/itdata\/wp-content\/uploads\/sites\/13\/2022\/02\/forsakringskassan-bild.jpg","width":916,"height":681},{"@type":"BreadcrumbList","@id":"https:\/\/framtidenskarriar.se\/itdata\/2025\/02\/12\/ar-du-beredd-att-ta-sveriges-viktigaste-it-jobb-3\/#breadcrumb","itemListElement":[{"@type":"ListItem","position":1,"name":"Home","item":"https:\/\/framtidenskarriar.se\/itdata\/"},{"@type":"ListItem","position":2,"name":"\u00c4r du beredd att ta Sveriges viktigaste IT-jobb?"}]},{"@type":"WebSite","@id":"https:\/\/framtidenskarriar.se\/itdata\/#website","url":"https:\/\/framtidenskarriar.se\/itdata\/","name":"Framtidens karri\u00e4r IT & Data","description":"Just another NMDashboard.se Sites site","potentialAction":[{"@type":"SearchAction","target":{"@type":"EntryPoint","urlTemplate":"https:\/\/framtidenskarriar.se\/itdata\/?s={search_term_string}"},"query-input":{"@type":"PropertyValueSpecification","valueRequired":true,"valueName":"search_term_string"}}],"inLanguage":"sv-SE"},{"@type":"Person","@id":"https:\/\/framtidenskarriar.se\/itdata\/#\/schema\/person\/2a13a849ec7646386c2211f59afe3083","name":"viktorwallen","image":{"@type":"ImageObject","inLanguage":"sv-SE","@id":"https:\/\/secure.gravatar.com\/avatar\/701701bd36169636031933997c8c6b954f2f635bbb7cd4802e4a007f9c9f4e59?s=96&d=mm&r=g","url":"https:\/\/secure.gravatar.com\/avatar\/701701bd36169636031933997c8c6b954f2f635bbb7cd4802e4a007f9c9f4e59?s=96&d=mm&r=g","contentUrl":"https:\/\/secure.gravatar.com\/avatar\/701701bd36169636031933997c8c6b954f2f635bbb7cd4802e4a007f9c9f4e59?s=96&d=mm&r=g","caption":"viktorwallen"},"url":"https:\/\/framtidenskarriar.se\/itdata\/author\/viktorwallen\/"}]}},"_links":{"self":[{"href":"https:\/\/framtidenskarriar.se\/itdata\/wp-json\/wp\/v2\/posts\/8546","targetHints":{"allow":["GET"]}}],"collection":[{"href":"https:\/\/framtidenskarriar.se\/itdata\/wp-json\/wp\/v2\/posts"}],"about":[{"href":"https:\/\/framtidenskarriar.se\/itdata\/wp-json\/wp\/v2\/types\/post"}],"author":[{"embeddable":true,"href":"https:\/\/framtidenskarriar.se\/itdata\/wp-json\/wp\/v2\/users\/2"}],"replies":[{"embeddable":true,"href":"https:\/\/framtidenskarriar.se\/itdata\/wp-json\/wp\/v2\/comments?post=8546"}],"version-history":[{"count":3,"href":"https:\/\/framtidenskarriar.se\/itdata\/wp-json\/wp\/v2\/posts\/8546\/revisions"}],"predecessor-version":[{"id":8839,"href":"https:\/\/framtidenskarriar.se\/itdata\/wp-json\/wp\/v2\/posts\/8546\/revisions\/8839"}],"wp:featuredmedia":[{"embeddable":true,"href":"https:\/\/framtidenskarriar.se\/itdata\/wp-json\/wp\/v2\/media\/7437"}],"wp:attachment":[{"href":"https:\/\/framtidenskarriar.se\/itdata\/wp-json\/wp\/v2\/media?parent=8546"}],"wp:term":[{"taxonomy":"category","embeddable":true,"href":"https:\/\/framtidenskarriar.se\/itdata\/wp-json\/wp\/v2\/categories?post=8546"},{"taxonomy":"post_tag","embeddable":true,"href":"https:\/\/framtidenskarriar.se\/itdata\/wp-json\/wp\/v2\/tags?post=8546"}],"curies":[{"name":"wp","href":"https:\/\/api.w.org\/{rel}","templated":true}]}}