{"id":8589,"date":"2025-02-17T12:30:54","date_gmt":"2025-02-17T12:30:54","guid":{"rendered":"https:\/\/framtidenskarriar.se\/itdata\/?p=8589"},"modified":"2026-02-18T09:33:53","modified_gmt":"2026-02-18T09:33:53","slug":"trygghet-utveckling-och-work-life-balance","status":"publish","type":"post","link":"https:\/\/framtidenskarriar.se\/itdata\/2025\/02\/17\/trygghet-utveckling-och-work-life-balance\/","title":{"rendered":"Trygghet, utveckling och work-life-balance"},"content":{"rendered":"\n<figure class=\"wp-block-image size-full\"><img loading=\"lazy\" decoding=\"async\" width=\"1000\" height=\"563\" src=\"https:\/\/framtidenskarriar.se\/itdata\/wp-content\/uploads\/sites\/13\/2025\/02\/fkassan-dsc-9527.jpg\" alt=\"Martiina Novossad, systemutvecklare p\u00e5 F\u00f6rs\u00e4kringskassan IT i Lule\u00e5. Foto: Magnus Stenberg\" class=\"wp-image-8590\" srcset=\"https:\/\/framtidenskarriar.se\/itdata\/wp-content\/uploads\/sites\/13\/2025\/02\/fkassan-dsc-9527.jpg 1000w, https:\/\/framtidenskarriar.se\/itdata\/wp-content\/uploads\/sites\/13\/2025\/02\/fkassan-dsc-9527-300x169.jpg 300w, https:\/\/framtidenskarriar.se\/itdata\/wp-content\/uploads\/sites\/13\/2025\/02\/fkassan-dsc-9527-768x432.jpg 768w, https:\/\/framtidenskarriar.se\/itdata\/wp-content\/uploads\/sites\/13\/2025\/02\/fkassan-dsc-9527-284x160.jpg 284w, https:\/\/framtidenskarriar.se\/itdata\/wp-content\/uploads\/sites\/13\/2025\/02\/fkassan-dsc-9527-80x45.jpg 80w, https:\/\/framtidenskarriar.se\/itdata\/wp-content\/uploads\/sites\/13\/2025\/02\/fkassan-dsc-9527-720x405.jpg 720w, https:\/\/framtidenskarriar.se\/itdata\/wp-content\/uploads\/sites\/13\/2025\/02\/fkassan-dsc-9527-960x540.jpg 960w, https:\/\/framtidenskarriar.se\/itdata\/wp-content\/uploads\/sites\/13\/2025\/02\/fkassan-dsc-9527-526x296.jpg 526w\" sizes=\"auto, (max-width: 1000px) 100vw, 1000px\" \/><figcaption class=\"wp-element-caption\">Martiina Novossad, systemutvecklare p\u00e5 F\u00f6rs\u00e4kringskassan IT i Lule\u00e5. Foto: Magnus Stenberg<\/figcaption><\/figure>\n\n\n\n<p><strong>F\u00f6rs\u00e4kringskassan har en av Sveriges st\u00f6rsta IT-avdelningar med cirka 1&nbsp;300 medarbetare som f\u00f6renklar, f\u00f6rb\u00e4ttrar, utvecklar och levererar IT-tj\u00e4nster f\u00f6r den svenska socialf\u00f6rs\u00e4kringen. P\u00e5 F\u00f6rs\u00e4kringskassan IT kombineras trygghet, stabilitet och work-life-balance med omfattande utvecklingsm\u00f6jligheter.<\/strong><\/p>\n\n\n\n<p>\u2013 Jag blev antagen till F\u00f6rs\u00e4kringskassans traineeprogram h\u00f6sten 2022. Det gav mig en bred och genomt\u00e4nkt introduktion till F\u00f6rs\u00e4kringskassans IT-verksamhet. Efter traineeprogrammet blev jag systemutvecklare med fokus p\u00e5 test. F\u00f6rra \u00e5ret jobbade jag ocks\u00e5 ett halv\u00e5r med front-end-utveckling, s\u00e4ger Martiina Novossad, systemutvecklare och h\u00e4lsoinspirat\u00f6r p\u00e5 F\u00f6rs\u00e4kringskassan IT i Lule\u00e5.<br>\u2013 Den l\u00e5ngsiktiga tryggheten och att F\u00f6rs\u00e4kringskassan prioriterar work-life-balance bidrar till attraktiviteten. F\u00f6r mig k\u00e4nns det ocks\u00e5 meningsfullt att mitt arbete genererar konkret samh\u00e4llsnytta, s\u00e4ger Martiina Novossad.<\/p>\n\n\n\n<p class=\"has-color-white-01-color has-text-color has-background has-link-color wp-elements-6ff361c29b6467854043d058988de927\" style=\"background-color:#003148\"><strong><a href=\"https:\/\/www.forsakringskassan.se\/om-forsakringskassan\/jobba-hos-oss\/jobba-med-it-hos-oss\" title=\"F\u00f6rs\u00e4kringskassan VT25 pres jobb\" target=\"_blank\" rel=\"noreferrer noopener nofollow\">Jobba med IT hos oss. <span style=\"text-decoration: underline;\">Klicka h\u00e4r f\u00f6r att l\u00e4sa mer<\/span><\/a><\/strong><\/p>\n\n\n<div class=\"wp-block-image\">\n<figure class=\"alignright size-full is-resized\"><img loading=\"lazy\" decoding=\"async\" width=\"500\" height=\"728\" src=\"https:\/\/framtidenskarriar.se\/itdata\/wp-content\/uploads\/sites\/13\/2025\/02\/fkassan-markusj20250205.jpg\" alt=\"Markus Jakobsson, IT-arkitekt p\u00e5 F\u00f6rs\u00e4kringskassan IT i Sundsvall.\" class=\"wp-image-8591\" style=\"width:150px\" srcset=\"https:\/\/framtidenskarriar.se\/itdata\/wp-content\/uploads\/sites\/13\/2025\/02\/fkassan-markusj20250205.jpg 500w, https:\/\/framtidenskarriar.se\/itdata\/wp-content\/uploads\/sites\/13\/2025\/02\/fkassan-markusj20250205-206x300.jpg 206w, https:\/\/framtidenskarriar.se\/itdata\/wp-content\/uploads\/sites\/13\/2025\/02\/fkassan-markusj20250205-110x160.jpg 110w\" sizes=\"auto, (max-width: 500px) 100vw, 500px\" \/><figcaption class=\"wp-element-caption\">Markus Jakobsson, IT-arkitekt p\u00e5 F\u00f6rs\u00e4kringskassan IT i Sundsvall.<\/figcaption><\/figure>\n<\/div>\n\n\n<p><strong>M\u00e5nga karri\u00e4rm\u00f6jligheter<\/strong><br>F\u00f6rs\u00e4kringskassan satsar mycket p\u00e5 kontinuerlig kompetensutveckling och p\u00e5 att anv\u00e4nda den senaste teknologin.<br>\u2013 Det k\u00e4nns bra att vara en del av en stor IT-utvecklingsenhet. Det \u00f6ppnar upp m\u00e5nga utvecklingsm\u00f6jligheter och tillf\u00e4llen till kollegial kompetens\u00f6verf\u00f6ring \u00f6ver kontorsgr\u00e4nserna. Just nu trivs jag bra med att jobba med testverksamhet, men om jag exempelvis vill b\u00f6rja jobba med AI s\u00e5 kan jag be om att bli f\u00f6rflyttad till ett av v\u00e5ra AI-team. Det g\u00f6r att jag kan utvecklas l\u00e5ngsiktigt p\u00e5 F\u00f6rs\u00e4kringskassan, s\u00e4ger Martiina Novossad.<\/p>\n\n\n\n<p><strong>F\u00f6ljer hela IT-arkitekturkedjan<\/strong><br>IT-arkitekten Markus Jakobsson var tidigare verksam som konsult och fick s\u00e4llan se slutresultatet av sitt arbete innan n\u00e4sta konsultuppdrag tog vid. F\u00f6r fyra \u00e5r sedan s\u00f6kte han sig till F\u00f6rs\u00e4kringskassan IT i Sundsvall.<br>\u2013 H\u00e4r arbetar jag mer l\u00e5ngsiktigt med hela utvecklingskedjan och kan se resultatet av de l\u00e5ngsiktiga f\u00f6rflyttningar vi arbetar med, vilket k\u00e4nns mycket mer givande. Jag lockades av att f\u00e5 tillh\u00f6ra en stor utvecklingsenhet med en otrolig kompetensbredd och erfarenhetsutbyte. Tillsammans effektiviserar vi F\u00f6rs\u00e4kringskassan, s\u00e4ger Markus Jakobsson.<\/p>\n\n\n\n<p><strong>Omgiven av kompetenta kollegor<\/strong><br>M\u00f6jligheten till varierade arbetsuppgifter, karri\u00e4rv\u00e4xling och att f\u00f6rdjupa sig i olika typer av IT-arkitektur bidrog ocks\u00e5 till att han s\u00f6kte sig till F\u00f6rs\u00e4kringskassan.<br>\u2013 Jag bygger den infrastruktur som v\u00e5ra IT-utvecklare anv\u00e4nder f\u00f6r att i sin tur bygga l\u00f6sningar som st\u00f6ttar handl\u00e4ggarna. Jag \u00e4r omgiven av kompetenta kollegor s\u00e5 det finns alltid n\u00e5gon att r\u00e5dfr\u00e5ga. Som medarbetare p\u00e5 F\u00f6rs\u00e4kringskassan blir man v\u00e4l omh\u00e4ndertagen, vilket inkluderar alltifr\u00e5n friskv\u00e5rd till kompetensutvecklingsm\u00f6jligheter och l\u00e5ngsiktig karri\u00e4rplanering, s\u00e4ger Markus Jakobsson.<\/p>\n\n\n\n<p class=\"has-color-white-01-color has-text-color has-background has-link-color wp-elements-6ff361c29b6467854043d058988de927\" style=\"background-color:#003148\"><strong><a href=\"https:\/\/www.forsakringskassan.se\/om-forsakringskassan\/jobba-hos-oss\/jobba-med-it-hos-oss\" title=\"F\u00f6rs\u00e4kringskassan VT25 pres jobb\" target=\"_blank\" rel=\"noreferrer noopener nofollow\">Jobba med IT hos oss. <span style=\"text-decoration: underline;\">Klicka h\u00e4r f\u00f6r att l\u00e4sa mer<\/span><\/a><\/strong><\/p>\n\n\n\n<div class=\"wp-block-group\"><div class=\"wp-block-group__inner-container is-layout-constrained wp-block-group-is-layout-constrained\">\n<div class=\"wp-block-group faktaruta\"><div class=\"wp-block-group__inner-container is-layout-constrained wp-block-group-is-layout-constrained\">\n<h6 class=\"wp-block-heading\">F\u00f6rs\u00e4kringskassan IT<\/h6>\n\n\n\n<p>F\u00f6rs\u00e4kringskassan har en av Sveriges st\u00f6rsta IT-avdelningar med cirka 1&nbsp;300 medarbetare. Vi finns i Sundsvall, Kalix, Lule\u00e5, S\u00f6derhamn, Stockholm, G\u00f6teborg, Karlskrona och Trelleborg. Intresserad att jobba med IT p\u00e5 F\u00f6rs\u00e4kringskassan?<br><br>L\u00e4s mer p\u00e5 <strong><a href=\"https:\/\/www.forsakringskassan.se\/\" title=\"F\u00f6rs\u00e4kringskassan VT25 pres textlink\" target=\"_blank\" rel=\"noreferrer noopener nofollow\">forsakringskassan.se<\/a><\/strong><br><br><a href=\"https:\/\/www.forsakringskassan.se\/\" title=\"F\u00f6rs\u00e4kringskassan VT25 pres logotype\" target=\"_blank\" rel=\"noreferrer noopener nofollow\"><img loading=\"lazy\" decoding=\"async\" width=\"200\" height=\"26\" class=\"wp-image-8592\" style=\"width: 200px;\" src=\"https:\/\/framtidenskarriar.se\/itdata\/wp-content\/uploads\/sites\/13\/2025\/02\/fkassan-logo-cmyk.png\" alt=\"\" srcset=\"https:\/\/framtidenskarriar.se\/itdata\/wp-content\/uploads\/sites\/13\/2025\/02\/fkassan-logo-cmyk.png 500w, https:\/\/framtidenskarriar.se\/itdata\/wp-content\/uploads\/sites\/13\/2025\/02\/fkassan-logo-cmyk-300x39.png 300w\" sizes=\"auto, (max-width: 200px) 100vw, 200px\" \/><\/a><\/p>\n<\/div><\/div>\n<\/div><\/div>\n\n\n\n<p><\/p>\n","protected":false},"excerpt":{"rendered":"<p>P\u00e5 F\u00f6rs\u00e4kringskassan IT kombineras trygghet, stabilitet och work-life-balance med omfattande utvecklingsm\u00f6jligheter.<\/p>\n","protected":false},"author":2,"featured_media":8742,"comment_status":"closed","ping_status":"closed","sticky":false,"template":"","format":"standard","meta":{"_acf_changed":false,"_monsterinsights_skip_tracking":false,"_monsterinsights_sitenote_active":false,"_monsterinsights_sitenote_note":"","_monsterinsights_sitenote_category":0,"footnotes":""},"categories":[9],"tags":[288],"class_list":["post-8589","post","type-post","status-publish","format-standard","has-post-thumbnail","hentry","category-presentation","tag-forsakringskassan"],"acf":[],"yoast_head":"<!-- This site is optimized with the Yoast SEO plugin v27.3 - https:\/\/yoast.com\/product\/yoast-seo-wordpress\/ -->\n<title>Trygghet, utveckling och work-life-balance - Framtidens karri\u00e4r IT &amp; Data<\/title>\n<meta name=\"robots\" content=\"index, follow, max-snippet:-1, max-image-preview:large, max-video-preview:-1\" \/>\n<link rel=\"canonical\" href=\"https:\/\/framtidenskarriar.se\/itdata\/2025\/02\/17\/trygghet-utveckling-och-work-life-balance\/\" \/>\n<meta property=\"og:locale\" content=\"sv_SE\" \/>\n<meta property=\"og:type\" content=\"article\" \/>\n<meta property=\"og:title\" content=\"Trygghet, utveckling och work-life-balance - Framtidens karri\u00e4r IT &amp; Data\" \/>\n<meta property=\"og:description\" content=\"P\u00e5 F\u00f6rs\u00e4kringskassan IT kombineras trygghet, stabilitet och work-life-balance med omfattande utvecklingsm\u00f6jligheter.\" \/>\n<meta property=\"og:url\" content=\"https:\/\/framtidenskarriar.se\/itdata\/2025\/02\/17\/trygghet-utveckling-och-work-life-balance\/\" \/>\n<meta property=\"og:site_name\" content=\"Framtidens karri\u00e4r IT &amp; Data\" \/>\n<meta property=\"article:published_time\" content=\"2025-02-17T12:30:54+00:00\" \/>\n<meta property=\"article:modified_time\" content=\"2026-02-18T09:33:53+00:00\" \/>\n<meta property=\"og:image\" content=\"https:\/\/framtidenskarriar.se\/itdata\/wp-content\/uploads\/sites\/13\/2025\/02\/fkassan-utvald.jpg\" \/>\n\t<meta property=\"og:image:width\" content=\"1000\" \/>\n\t<meta property=\"og:image:height\" content=\"563\" \/>\n\t<meta property=\"og:image:type\" content=\"image\/jpeg\" \/>\n<meta name=\"author\" content=\"viktorwallen\" \/>\n<meta name=\"twitter:card\" content=\"summary_large_image\" \/>\n<meta name=\"twitter:label1\" content=\"Skriven av\" \/>\n\t<meta name=\"twitter:data1\" content=\"viktorwallen\" \/>\n\t<meta name=\"twitter:label2\" content=\"Ber\u00e4knad l\u00e4stid\" \/>\n\t<meta name=\"twitter:data2\" content=\"3 minuter\" \/>\n<script type=\"application\/ld+json\" class=\"yoast-schema-graph\">{\"@context\":\"https:\\\/\\\/schema.org\",\"@graph\":[{\"@type\":\"Article\",\"@id\":\"https:\\\/\\\/framtidenskarriar.se\\\/itdata\\\/2025\\\/02\\\/17\\\/trygghet-utveckling-och-work-life-balance\\\/#article\",\"isPartOf\":{\"@id\":\"https:\\\/\\\/framtidenskarriar.se\\\/itdata\\\/2025\\\/02\\\/17\\\/trygghet-utveckling-och-work-life-balance\\\/\"},\"author\":{\"name\":\"viktorwallen\",\"@id\":\"https:\\\/\\\/framtidenskarriar.se\\\/itdata\\\/#\\\/schema\\\/person\\\/2a13a849ec7646386c2211f59afe3083\"},\"headline\":\"Trygghet, utveckling och work-life-balance\",\"datePublished\":\"2025-02-17T12:30:54+00:00\",\"dateModified\":\"2026-02-18T09:33:53+00:00\",\"mainEntityOfPage\":{\"@id\":\"https:\\\/\\\/framtidenskarriar.se\\\/itdata\\\/2025\\\/02\\\/17\\\/trygghet-utveckling-och-work-life-balance\\\/\"},\"wordCount\":546,\"image\":{\"@id\":\"https:\\\/\\\/framtidenskarriar.se\\\/itdata\\\/2025\\\/02\\\/17\\\/trygghet-utveckling-och-work-life-balance\\\/#primaryimage\"},\"thumbnailUrl\":\"https:\\\/\\\/framtidenskarriar.se\\\/itdata\\\/wp-content\\\/uploads\\\/sites\\\/13\\\/2025\\\/02\\\/fkassan-utvald.jpg\",\"keywords\":[\"F\u00f6rs\u00e4kringskassan\"],\"articleSection\":[\"Presentation\"],\"inLanguage\":\"sv-SE\"},{\"@type\":\"WebPage\",\"@id\":\"https:\\\/\\\/framtidenskarriar.se\\\/itdata\\\/2025\\\/02\\\/17\\\/trygghet-utveckling-och-work-life-balance\\\/\",\"url\":\"https:\\\/\\\/framtidenskarriar.se\\\/itdata\\\/2025\\\/02\\\/17\\\/trygghet-utveckling-och-work-life-balance\\\/\",\"name\":\"Trygghet, utveckling och work-life-balance - Framtidens karri\u00e4r IT & Data\",\"isPartOf\":{\"@id\":\"https:\\\/\\\/framtidenskarriar.se\\\/itdata\\\/#website\"},\"primaryImageOfPage\":{\"@id\":\"https:\\\/\\\/framtidenskarriar.se\\\/itdata\\\/2025\\\/02\\\/17\\\/trygghet-utveckling-och-work-life-balance\\\/#primaryimage\"},\"image\":{\"@id\":\"https:\\\/\\\/framtidenskarriar.se\\\/itdata\\\/2025\\\/02\\\/17\\\/trygghet-utveckling-och-work-life-balance\\\/#primaryimage\"},\"thumbnailUrl\":\"https:\\\/\\\/framtidenskarriar.se\\\/itdata\\\/wp-content\\\/uploads\\\/sites\\\/13\\\/2025\\\/02\\\/fkassan-utvald.jpg\",\"datePublished\":\"2025-02-17T12:30:54+00:00\",\"dateModified\":\"2026-02-18T09:33:53+00:00\",\"author\":{\"@id\":\"https:\\\/\\\/framtidenskarriar.se\\\/itdata\\\/#\\\/schema\\\/person\\\/2a13a849ec7646386c2211f59afe3083\"},\"breadcrumb\":{\"@id\":\"https:\\\/\\\/framtidenskarriar.se\\\/itdata\\\/2025\\\/02\\\/17\\\/trygghet-utveckling-och-work-life-balance\\\/#breadcrumb\"},\"inLanguage\":\"sv-SE\",\"potentialAction\":[{\"@type\":\"ReadAction\",\"target\":[\"https:\\\/\\\/framtidenskarriar.se\\\/itdata\\\/2025\\\/02\\\/17\\\/trygghet-utveckling-och-work-life-balance\\\/\"]}]},{\"@type\":\"ImageObject\",\"inLanguage\":\"sv-SE\",\"@id\":\"https:\\\/\\\/framtidenskarriar.se\\\/itdata\\\/2025\\\/02\\\/17\\\/trygghet-utveckling-och-work-life-balance\\\/#primaryimage\",\"url\":\"https:\\\/\\\/framtidenskarriar.se\\\/itdata\\\/wp-content\\\/uploads\\\/sites\\\/13\\\/2025\\\/02\\\/fkassan-utvald.jpg\",\"contentUrl\":\"https:\\\/\\\/framtidenskarriar.se\\\/itdata\\\/wp-content\\\/uploads\\\/sites\\\/13\\\/2025\\\/02\\\/fkassan-utvald.jpg\",\"width\":1000,\"height\":563},{\"@type\":\"BreadcrumbList\",\"@id\":\"https:\\\/\\\/framtidenskarriar.se\\\/itdata\\\/2025\\\/02\\\/17\\\/trygghet-utveckling-och-work-life-balance\\\/#breadcrumb\",\"itemListElement\":[{\"@type\":\"ListItem\",\"position\":1,\"name\":\"Home\",\"item\":\"https:\\\/\\\/framtidenskarriar.se\\\/itdata\\\/\"},{\"@type\":\"ListItem\",\"position\":2,\"name\":\"Trygghet, utveckling och work-life-balance\"}]},{\"@type\":\"WebSite\",\"@id\":\"https:\\\/\\\/framtidenskarriar.se\\\/itdata\\\/#website\",\"url\":\"https:\\\/\\\/framtidenskarriar.se\\\/itdata\\\/\",\"name\":\"Framtidens karri\u00e4r IT & Data\",\"description\":\"Just another NMDashboard.se Sites site\",\"potentialAction\":[{\"@type\":\"SearchAction\",\"target\":{\"@type\":\"EntryPoint\",\"urlTemplate\":\"https:\\\/\\\/framtidenskarriar.se\\\/itdata\\\/?s={search_term_string}\"},\"query-input\":{\"@type\":\"PropertyValueSpecification\",\"valueRequired\":true,\"valueName\":\"search_term_string\"}}],\"inLanguage\":\"sv-SE\"},{\"@type\":\"Person\",\"@id\":\"https:\\\/\\\/framtidenskarriar.se\\\/itdata\\\/#\\\/schema\\\/person\\\/2a13a849ec7646386c2211f59afe3083\",\"name\":\"viktorwallen\",\"image\":{\"@type\":\"ImageObject\",\"inLanguage\":\"sv-SE\",\"@id\":\"https:\\\/\\\/secure.gravatar.com\\\/avatar\\\/701701bd36169636031933997c8c6b954f2f635bbb7cd4802e4a007f9c9f4e59?s=96&d=mm&r=g\",\"url\":\"https:\\\/\\\/secure.gravatar.com\\\/avatar\\\/701701bd36169636031933997c8c6b954f2f635bbb7cd4802e4a007f9c9f4e59?s=96&d=mm&r=g\",\"contentUrl\":\"https:\\\/\\\/secure.gravatar.com\\\/avatar\\\/701701bd36169636031933997c8c6b954f2f635bbb7cd4802e4a007f9c9f4e59?s=96&d=mm&r=g\",\"caption\":\"viktorwallen\"},\"url\":\"https:\\\/\\\/framtidenskarriar.se\\\/itdata\\\/author\\\/viktorwallen\\\/\"}]}<\/script>\n<!-- \/ Yoast SEO plugin. -->","yoast_head_json":{"title":"Trygghet, utveckling och work-life-balance - Framtidens karri\u00e4r IT & Data","robots":{"index":"index","follow":"follow","max-snippet":"max-snippet:-1","max-image-preview":"max-image-preview:large","max-video-preview":"max-video-preview:-1"},"canonical":"https:\/\/framtidenskarriar.se\/itdata\/2025\/02\/17\/trygghet-utveckling-och-work-life-balance\/","og_locale":"sv_SE","og_type":"article","og_title":"Trygghet, utveckling och work-life-balance - Framtidens karri\u00e4r IT & Data","og_description":"P\u00e5 F\u00f6rs\u00e4kringskassan IT kombineras trygghet, stabilitet och work-life-balance med omfattande utvecklingsm\u00f6jligheter.","og_url":"https:\/\/framtidenskarriar.se\/itdata\/2025\/02\/17\/trygghet-utveckling-och-work-life-balance\/","og_site_name":"Framtidens karri\u00e4r IT & Data","article_published_time":"2025-02-17T12:30:54+00:00","article_modified_time":"2026-02-18T09:33:53+00:00","og_image":[{"width":1000,"height":563,"url":"https:\/\/framtidenskarriar.se\/itdata\/wp-content\/uploads\/sites\/13\/2025\/02\/fkassan-utvald.jpg","type":"image\/jpeg"}],"author":"viktorwallen","twitter_card":"summary_large_image","twitter_misc":{"Skriven av":"viktorwallen","Ber\u00e4knad l\u00e4stid":"3 minuter"},"schema":{"@context":"https:\/\/schema.org","@graph":[{"@type":"Article","@id":"https:\/\/framtidenskarriar.se\/itdata\/2025\/02\/17\/trygghet-utveckling-och-work-life-balance\/#article","isPartOf":{"@id":"https:\/\/framtidenskarriar.se\/itdata\/2025\/02\/17\/trygghet-utveckling-och-work-life-balance\/"},"author":{"name":"viktorwallen","@id":"https:\/\/framtidenskarriar.se\/itdata\/#\/schema\/person\/2a13a849ec7646386c2211f59afe3083"},"headline":"Trygghet, utveckling och work-life-balance","datePublished":"2025-02-17T12:30:54+00:00","dateModified":"2026-02-18T09:33:53+00:00","mainEntityOfPage":{"@id":"https:\/\/framtidenskarriar.se\/itdata\/2025\/02\/17\/trygghet-utveckling-och-work-life-balance\/"},"wordCount":546,"image":{"@id":"https:\/\/framtidenskarriar.se\/itdata\/2025\/02\/17\/trygghet-utveckling-och-work-life-balance\/#primaryimage"},"thumbnailUrl":"https:\/\/framtidenskarriar.se\/itdata\/wp-content\/uploads\/sites\/13\/2025\/02\/fkassan-utvald.jpg","keywords":["F\u00f6rs\u00e4kringskassan"],"articleSection":["Presentation"],"inLanguage":"sv-SE"},{"@type":"WebPage","@id":"https:\/\/framtidenskarriar.se\/itdata\/2025\/02\/17\/trygghet-utveckling-och-work-life-balance\/","url":"https:\/\/framtidenskarriar.se\/itdata\/2025\/02\/17\/trygghet-utveckling-och-work-life-balance\/","name":"Trygghet, utveckling och work-life-balance - Framtidens karri\u00e4r IT & Data","isPartOf":{"@id":"https:\/\/framtidenskarriar.se\/itdata\/#website"},"primaryImageOfPage":{"@id":"https:\/\/framtidenskarriar.se\/itdata\/2025\/02\/17\/trygghet-utveckling-och-work-life-balance\/#primaryimage"},"image":{"@id":"https:\/\/framtidenskarriar.se\/itdata\/2025\/02\/17\/trygghet-utveckling-och-work-life-balance\/#primaryimage"},"thumbnailUrl":"https:\/\/framtidenskarriar.se\/itdata\/wp-content\/uploads\/sites\/13\/2025\/02\/fkassan-utvald.jpg","datePublished":"2025-02-17T12:30:54+00:00","dateModified":"2026-02-18T09:33:53+00:00","author":{"@id":"https:\/\/framtidenskarriar.se\/itdata\/#\/schema\/person\/2a13a849ec7646386c2211f59afe3083"},"breadcrumb":{"@id":"https:\/\/framtidenskarriar.se\/itdata\/2025\/02\/17\/trygghet-utveckling-och-work-life-balance\/#breadcrumb"},"inLanguage":"sv-SE","potentialAction":[{"@type":"ReadAction","target":["https:\/\/framtidenskarriar.se\/itdata\/2025\/02\/17\/trygghet-utveckling-och-work-life-balance\/"]}]},{"@type":"ImageObject","inLanguage":"sv-SE","@id":"https:\/\/framtidenskarriar.se\/itdata\/2025\/02\/17\/trygghet-utveckling-och-work-life-balance\/#primaryimage","url":"https:\/\/framtidenskarriar.se\/itdata\/wp-content\/uploads\/sites\/13\/2025\/02\/fkassan-utvald.jpg","contentUrl":"https:\/\/framtidenskarriar.se\/itdata\/wp-content\/uploads\/sites\/13\/2025\/02\/fkassan-utvald.jpg","width":1000,"height":563},{"@type":"BreadcrumbList","@id":"https:\/\/framtidenskarriar.se\/itdata\/2025\/02\/17\/trygghet-utveckling-och-work-life-balance\/#breadcrumb","itemListElement":[{"@type":"ListItem","position":1,"name":"Home","item":"https:\/\/framtidenskarriar.se\/itdata\/"},{"@type":"ListItem","position":2,"name":"Trygghet, utveckling och work-life-balance"}]},{"@type":"WebSite","@id":"https:\/\/framtidenskarriar.se\/itdata\/#website","url":"https:\/\/framtidenskarriar.se\/itdata\/","name":"Framtidens karri\u00e4r IT & Data","description":"Just another NMDashboard.se Sites site","potentialAction":[{"@type":"SearchAction","target":{"@type":"EntryPoint","urlTemplate":"https:\/\/framtidenskarriar.se\/itdata\/?s={search_term_string}"},"query-input":{"@type":"PropertyValueSpecification","valueRequired":true,"valueName":"search_term_string"}}],"inLanguage":"sv-SE"},{"@type":"Person","@id":"https:\/\/framtidenskarriar.se\/itdata\/#\/schema\/person\/2a13a849ec7646386c2211f59afe3083","name":"viktorwallen","image":{"@type":"ImageObject","inLanguage":"sv-SE","@id":"https:\/\/secure.gravatar.com\/avatar\/701701bd36169636031933997c8c6b954f2f635bbb7cd4802e4a007f9c9f4e59?s=96&d=mm&r=g","url":"https:\/\/secure.gravatar.com\/avatar\/701701bd36169636031933997c8c6b954f2f635bbb7cd4802e4a007f9c9f4e59?s=96&d=mm&r=g","contentUrl":"https:\/\/secure.gravatar.com\/avatar\/701701bd36169636031933997c8c6b954f2f635bbb7cd4802e4a007f9c9f4e59?s=96&d=mm&r=g","caption":"viktorwallen"},"url":"https:\/\/framtidenskarriar.se\/itdata\/author\/viktorwallen\/"}]}},"_links":{"self":[{"href":"https:\/\/framtidenskarriar.se\/itdata\/wp-json\/wp\/v2\/posts\/8589","targetHints":{"allow":["GET"]}}],"collection":[{"href":"https:\/\/framtidenskarriar.se\/itdata\/wp-json\/wp\/v2\/posts"}],"about":[{"href":"https:\/\/framtidenskarriar.se\/itdata\/wp-json\/wp\/v2\/types\/post"}],"author":[{"embeddable":true,"href":"https:\/\/framtidenskarriar.se\/itdata\/wp-json\/wp\/v2\/users\/2"}],"replies":[{"embeddable":true,"href":"https:\/\/framtidenskarriar.se\/itdata\/wp-json\/wp\/v2\/comments?post=8589"}],"version-history":[{"count":7,"href":"https:\/\/framtidenskarriar.se\/itdata\/wp-json\/wp\/v2\/posts\/8589\/revisions"}],"predecessor-version":[{"id":9050,"href":"https:\/\/framtidenskarriar.se\/itdata\/wp-json\/wp\/v2\/posts\/8589\/revisions\/9050"}],"wp:featuredmedia":[{"embeddable":true,"href":"https:\/\/framtidenskarriar.se\/itdata\/wp-json\/wp\/v2\/media\/8742"}],"wp:attachment":[{"href":"https:\/\/framtidenskarriar.se\/itdata\/wp-json\/wp\/v2\/media?parent=8589"}],"wp:term":[{"taxonomy":"category","embeddable":true,"href":"https:\/\/framtidenskarriar.se\/itdata\/wp-json\/wp\/v2\/categories?post=8589"},{"taxonomy":"post_tag","embeddable":true,"href":"https:\/\/framtidenskarriar.se\/itdata\/wp-json\/wp\/v2\/tags?post=8589"}],"curies":[{"name":"wp","href":"https:\/\/api.w.org\/{rel}","templated":true}]}}