{"id":8608,"date":"2025-02-17T12:43:36","date_gmt":"2025-02-17T12:43:36","guid":{"rendered":"https:\/\/framtidenskarriar.se\/itdata\/?p=8608"},"modified":"2026-02-18T09:30:35","modified_gmt":"2026-02-18T09:30:35","slug":"it-pa-livsmedelsverket-brett-spann-av-mojligheter","status":"publish","type":"post","link":"https:\/\/framtidenskarriar.se\/itdata\/2025\/02\/17\/it-pa-livsmedelsverket-brett-spann-av-mojligheter\/","title":{"rendered":"IT p\u00e5 Livsmedelsverket \u2013 brett spann av m\u00f6jligheter"},"content":{"rendered":"\n<figure class=\"wp-block-image size-full\"><img loading=\"lazy\" decoding=\"async\" width=\"1000\" height=\"563\" src=\"https:\/\/framtidenskarriar.se\/itdata\/wp-content\/uploads\/sites\/13\/2025\/02\/livsmedelsv-5-5811-forbattrad-nr.jpg\" alt=\"Ylva Nordstr\u00f6m, kravanalytiker och Martin Samuelsson, verksamhetsutvecklare p\u00e5 Livsmedelsverket. Foto: Mikael Wallerstedt\" class=\"wp-image-8610\" srcset=\"https:\/\/framtidenskarriar.se\/itdata\/wp-content\/uploads\/sites\/13\/2025\/02\/livsmedelsv-5-5811-forbattrad-nr.jpg 1000w, https:\/\/framtidenskarriar.se\/itdata\/wp-content\/uploads\/sites\/13\/2025\/02\/livsmedelsv-5-5811-forbattrad-nr-300x169.jpg 300w, https:\/\/framtidenskarriar.se\/itdata\/wp-content\/uploads\/sites\/13\/2025\/02\/livsmedelsv-5-5811-forbattrad-nr-768x432.jpg 768w, https:\/\/framtidenskarriar.se\/itdata\/wp-content\/uploads\/sites\/13\/2025\/02\/livsmedelsv-5-5811-forbattrad-nr-284x160.jpg 284w, https:\/\/framtidenskarriar.se\/itdata\/wp-content\/uploads\/sites\/13\/2025\/02\/livsmedelsv-5-5811-forbattrad-nr-80x45.jpg 80w, https:\/\/framtidenskarriar.se\/itdata\/wp-content\/uploads\/sites\/13\/2025\/02\/livsmedelsv-5-5811-forbattrad-nr-720x405.jpg 720w, https:\/\/framtidenskarriar.se\/itdata\/wp-content\/uploads\/sites\/13\/2025\/02\/livsmedelsv-5-5811-forbattrad-nr-960x540.jpg 960w, https:\/\/framtidenskarriar.se\/itdata\/wp-content\/uploads\/sites\/13\/2025\/02\/livsmedelsv-5-5811-forbattrad-nr-526x296.jpg 526w\" sizes=\"auto, (max-width: 1000px) 100vw, 1000px\" \/><figcaption class=\"wp-element-caption\">Ylva Nordstr\u00f6m, kravanalytiker och Martin Samuelsson, verksamhetsutvecklare p\u00e5 Livsmedelsverket. Foto: Mikael Wallerstedt<\/figcaption><\/figure>\n\n\n\n<p><strong>Att arbeta med IT p\u00e5 Livsmedelsverket inneb\u00e4r en sp\u00e4nnande variation i arbetsuppgifter och projekt. Ena dagen handlar det om att utveckla innovativa digitala verktyg f\u00f6r EU:s livsmedelskontroller, n\u00e4sta om att f\u00f6rst\u00e5 utmaningarna hos en lokal pizzarestaurang.<\/strong><\/p>\n\n\n\n<p>Martin Samuelsson, verksamhetsutvecklare med en l\u00e5ng bakgrund inom IT-arkitektur och digital transformation, b\u00f6rjade p\u00e5 Livsmedelsverket 2022. Hans arbete handlar mycket om att skapa en vision f\u00f6r den digitala f\u00f6r\u00e4ndringen.<br>\u2013 Det roligaste \u00e4r att inte bara f\u00e5nga behov och krav utan att verkligen forma m\u00e5lbilden, vad \u00e4r visionen och vart ska vi? Det handlar om transformation, inte bara digitalisering.<br>Martin \u00e4r involverad i flera initiativ p\u00e5 myndigheten, har en roll inom AI-hubben och driver omv\u00e4rldsbevakning f\u00f6r IT och digitalisering.<br>\u2013 Att jobba p\u00e5 en mindre myndighet inneb\u00e4r att man f\u00e5r arbeta med m\u00e5nga olika saker. Alla har sina specialistkompetenser som sedan anv\u00e4nds i olika sammanhang.<\/p>\n\n\n\n<p class=\"has-color-white-01-color has-text-color has-background has-link-color wp-elements-c872b58c3612011d32fe3d6d883c2848\" style=\"background-color:#003148\"><strong><a href=\"https:\/\/www.livsmedelsverket.se\/om-oss\/jobba-hos-oss\" title=\"Livsmedelsverket VT25 pres jobb\" target=\"_blank\" rel=\"noreferrer noopener nofollow\">Jobba med oss p\u00e5 Livsmedelsverket. <span style=\"text-decoration: underline;\">Klicka h\u00e4r f\u00f6r att l\u00e4sa mer och se v\u00e5ra lediga tj\u00e4nster<\/span><\/a><\/strong><\/p>\n\n\n\n<p><strong>Internationellt<\/strong><br>Ylva Nordstr\u00f6m, med ett f\u00f6rflutet som kravanalytiker inom resebranschen, b\u00f6rjade p\u00e5 Livsmedelsverket f\u00f6r tre \u00e5r sedan d\u00e4r hon fortsatt arbeta med kravanalys.<br>\u2013 Jag har bland annat varit involverad i EFSA:s<sup>*<\/sup> projekt, Data Mapping Tool, d\u00e4r vi skapar ett enhetligt s\u00e4tt f\u00f6r alla EU-l\u00e4nder att rapportera data. Nu g\u00e5r vi vidare till utvecklingsfasen d\u00e4r Sverige har en central roll.<br>EFSA har utmaningar med att f\u00e5nga data fr\u00e5n olika l\u00e4nder och arbetar med en omfattande digitaliseringsresa genom projektet EFSA Rebuild. \u00c4ven h\u00e4r har Ylva en roll i utvecklingen.<br>\u2013 Om vi lyckas inf\u00f6ra ett enhetligare rapportsystem f\u00f6r alla 27 medlemsstater kan vi underl\u00e4tta arbetet f\u00f6r m\u00e5nga m\u00e4nniskor, spara resurser och skapa b\u00e4ttre livsmedelss\u00e4kerhet.<\/p>\n\n\n\n<p><strong>Samh\u00e4llsnytta<\/strong><br>B\u00e5de Ylva och Martin lyfter fram det positiva i att arbeta p\u00e5 Livsmedelsverket d\u00e4r innovation och anv\u00e4ndarfokuserad utveckling st\u00e5r i fokus.<br>\u2013 Vi brinner f\u00f6r tj\u00e4nstedesign och att utg\u00e5 fr\u00e5n anv\u00e4ndarnas behov snarare \u00e4n att tekniken ska styra vad vi g\u00f6r, s\u00e4ger Ylva.<br>En stor f\u00f6rdel med arbetet \u00e4r den p\u00e5tagliga samh\u00e4llsnyttan.<br>\u2013 Att bidra till n\u00e5got viktigt k\u00e4nns meningsfullt. Vi jobbar med allt fr\u00e5n EU-lagstiftning till b\u00e4ttre st\u00f6d f\u00f6r lokala f\u00f6retag vilket ger en fantastisk variation i arbetet. H\u00e4r finns ocks\u00e5 en trevlig och v\u00e4lkomnande f\u00f6retagskultur. Jag kan varmt rekommendera andra IT-specialister att s\u00f6ka sig till Livsmedelsverket, avslutar Martin.<\/p>\n\n\n\n<p><sup><em>*Europeiska myndigheten f\u00f6r livsmedelss\u00e4kerhet<\/em><\/sup><\/p>\n\n\n\n<p class=\"has-color-white-01-color has-text-color has-background has-link-color wp-elements-c872b58c3612011d32fe3d6d883c2848\" style=\"background-color:#003148\"><strong><a href=\"https:\/\/www.livsmedelsverket.se\/om-oss\/jobba-hos-oss\" title=\"Livsmedelsverket VT25 pres jobb\" target=\"_blank\" rel=\"noreferrer noopener nofollow\">Jobba med oss p\u00e5 Livsmedelsverket. <span style=\"text-decoration: underline;\">Klicka h\u00e4r f\u00f6r att l\u00e4sa mer och se v\u00e5ra lediga tj\u00e4nster<\/span><\/a><\/strong><\/p>\n\n\n\n<div class=\"wp-block-group\"><div class=\"wp-block-group__inner-container is-layout-constrained wp-block-group-is-layout-constrained\">\n<div class=\"wp-block-group faktaruta\"><div class=\"wp-block-group__inner-container is-layout-constrained wp-block-group-is-layout-constrained\">\n<h6 class=\"wp-block-heading\">Livsmedelsverket<\/h6>\n\n\n\n<p>Livsmedelsverket \u00e4r Sveriges expert- och centrala kontrollmyndighet inom livsmedelsomr\u00e5det. Vi arbetar f\u00f6r s\u00e4ker mat och rent dricksvatten, bra djurh\u00e5llning och h\u00e5llbarhet. Vi driver och samordnar \u00e4ven beredskapsplanering s\u00e5 att f\u00f6rs\u00f6rjningen av livsmedel och dricksvatten fungerar i kris. Det p\u00e5g\u00e5r en snabb digitalisering av verksamheten och flera sp\u00e4nnande IT-projekt lanseras. D\u00e4rf\u00f6r s\u00f6ker vi nu nya duktiga IT-medarbetare.<br><br><strong><a href=\"https:\/\/www.livsmedelsverket.se\/\" title=\"Livsmedelsverket VT25 pres textlink\" target=\"_blank\" rel=\"noreferrer noopener nofollow\">livsmedelsverket.se<\/a><\/strong><br><br><a href=\"https:\/\/www.livsmedelsverket.se\/\" title=\"Livsmedelsverket VT25 pres logotype\" target=\"_blank\" rel=\"noreferrer noopener nofollow\"><img loading=\"lazy\" decoding=\"async\" width=\"150\" height=\"21\" class=\"wp-image-8609\" style=\"width: 150px;\" src=\"https:\/\/framtidenskarriar.se\/itdata\/wp-content\/uploads\/sites\/13\/2025\/02\/livsmedelsverket-cmyk.png\" alt=\"\" srcset=\"https:\/\/framtidenskarriar.se\/itdata\/wp-content\/uploads\/sites\/13\/2025\/02\/livsmedelsverket-cmyk.png 500w, https:\/\/framtidenskarriar.se\/itdata\/wp-content\/uploads\/sites\/13\/2025\/02\/livsmedelsverket-cmyk-300x42.png 300w\" sizes=\"auto, (max-width: 150px) 100vw, 150px\" \/><\/a><\/p>\n<\/div><\/div>\n<\/div><\/div>\n\n\n\n<p><\/p>\n","protected":false},"excerpt":{"rendered":"<p>Att arbeta h\u00e4r inneb\u00e4r en sp\u00e4nnande variation i arbetsuppgifter och projekt. <\/p>\n","protected":false},"author":2,"featured_media":8610,"comment_status":"closed","ping_status":"closed","sticky":false,"template":"","format":"standard","meta":{"_acf_changed":false,"_monsterinsights_skip_tracking":false,"_monsterinsights_sitenote_active":false,"_monsterinsights_sitenote_note":"","_monsterinsights_sitenote_category":0,"footnotes":""},"categories":[9],"tags":[312],"class_list":["post-8608","post","type-post","status-publish","format-standard","has-post-thumbnail","hentry","category-presentation","tag-livsmedelsverket"],"acf":[],"yoast_head":"<!-- This site is optimized with the Yoast SEO plugin v27.3 - https:\/\/yoast.com\/product\/yoast-seo-wordpress\/ -->\n<title>IT p\u00e5 Livsmedelsverket \u2013 brett spann av m\u00f6jligheter - Framtidens karri\u00e4r IT &amp; Data<\/title>\n<meta name=\"robots\" content=\"index, follow, max-snippet:-1, max-image-preview:large, max-video-preview:-1\" \/>\n<link rel=\"canonical\" href=\"https:\/\/framtidenskarriar.se\/itdata\/2025\/02\/17\/it-pa-livsmedelsverket-brett-spann-av-mojligheter\/\" \/>\n<meta property=\"og:locale\" content=\"sv_SE\" \/>\n<meta property=\"og:type\" content=\"article\" \/>\n<meta property=\"og:title\" content=\"IT p\u00e5 Livsmedelsverket \u2013 brett spann av m\u00f6jligheter - Framtidens karri\u00e4r IT &amp; Data\" \/>\n<meta property=\"og:description\" content=\"Att arbeta h\u00e4r inneb\u00e4r en sp\u00e4nnande variation i arbetsuppgifter och projekt.\" \/>\n<meta property=\"og:url\" content=\"https:\/\/framtidenskarriar.se\/itdata\/2025\/02\/17\/it-pa-livsmedelsverket-brett-spann-av-mojligheter\/\" \/>\n<meta property=\"og:site_name\" content=\"Framtidens karri\u00e4r IT &amp; Data\" \/>\n<meta property=\"article:published_time\" content=\"2025-02-17T12:43:36+00:00\" \/>\n<meta property=\"article:modified_time\" content=\"2026-02-18T09:30:35+00:00\" \/>\n<meta property=\"og:image\" content=\"https:\/\/framtidenskarriar.se\/itdata\/wp-content\/uploads\/sites\/13\/2025\/02\/livsmedelsv-5-5811-forbattrad-nr.jpg\" \/>\n\t<meta property=\"og:image:width\" content=\"1000\" \/>\n\t<meta property=\"og:image:height\" content=\"563\" \/>\n\t<meta property=\"og:image:type\" content=\"image\/jpeg\" \/>\n<meta name=\"author\" content=\"viktorwallen\" \/>\n<meta name=\"twitter:card\" content=\"summary_large_image\" \/>\n<meta name=\"twitter:label1\" content=\"Skriven av\" \/>\n\t<meta name=\"twitter:data1\" content=\"viktorwallen\" \/>\n\t<meta name=\"twitter:label2\" content=\"Ber\u00e4knad l\u00e4stid\" \/>\n\t<meta name=\"twitter:data2\" content=\"3 minuter\" \/>\n<script type=\"application\/ld+json\" class=\"yoast-schema-graph\">{\"@context\":\"https:\\\/\\\/schema.org\",\"@graph\":[{\"@type\":\"Article\",\"@id\":\"https:\\\/\\\/framtidenskarriar.se\\\/itdata\\\/2025\\\/02\\\/17\\\/it-pa-livsmedelsverket-brett-spann-av-mojligheter\\\/#article\",\"isPartOf\":{\"@id\":\"https:\\\/\\\/framtidenskarriar.se\\\/itdata\\\/2025\\\/02\\\/17\\\/it-pa-livsmedelsverket-brett-spann-av-mojligheter\\\/\"},\"author\":{\"name\":\"viktorwallen\",\"@id\":\"https:\\\/\\\/framtidenskarriar.se\\\/itdata\\\/#\\\/schema\\\/person\\\/2a13a849ec7646386c2211f59afe3083\"},\"headline\":\"IT p\u00e5 Livsmedelsverket \u2013 brett spann av m\u00f6jligheter\",\"datePublished\":\"2025-02-17T12:43:36+00:00\",\"dateModified\":\"2026-02-18T09:30:35+00:00\",\"mainEntityOfPage\":{\"@id\":\"https:\\\/\\\/framtidenskarriar.se\\\/itdata\\\/2025\\\/02\\\/17\\\/it-pa-livsmedelsverket-brett-spann-av-mojligheter\\\/\"},\"wordCount\":556,\"image\":{\"@id\":\"https:\\\/\\\/framtidenskarriar.se\\\/itdata\\\/2025\\\/02\\\/17\\\/it-pa-livsmedelsverket-brett-spann-av-mojligheter\\\/#primaryimage\"},\"thumbnailUrl\":\"https:\\\/\\\/framtidenskarriar.se\\\/itdata\\\/wp-content\\\/uploads\\\/sites\\\/13\\\/2025\\\/02\\\/livsmedelsv-5-5811-forbattrad-nr.jpg\",\"keywords\":[\"Livsmedelsverket\"],\"articleSection\":[\"Presentation\"],\"inLanguage\":\"sv-SE\"},{\"@type\":\"WebPage\",\"@id\":\"https:\\\/\\\/framtidenskarriar.se\\\/itdata\\\/2025\\\/02\\\/17\\\/it-pa-livsmedelsverket-brett-spann-av-mojligheter\\\/\",\"url\":\"https:\\\/\\\/framtidenskarriar.se\\\/itdata\\\/2025\\\/02\\\/17\\\/it-pa-livsmedelsverket-brett-spann-av-mojligheter\\\/\",\"name\":\"IT p\u00e5 Livsmedelsverket \u2013 brett spann av m\u00f6jligheter - Framtidens karri\u00e4r IT & Data\",\"isPartOf\":{\"@id\":\"https:\\\/\\\/framtidenskarriar.se\\\/itdata\\\/#website\"},\"primaryImageOfPage\":{\"@id\":\"https:\\\/\\\/framtidenskarriar.se\\\/itdata\\\/2025\\\/02\\\/17\\\/it-pa-livsmedelsverket-brett-spann-av-mojligheter\\\/#primaryimage\"},\"image\":{\"@id\":\"https:\\\/\\\/framtidenskarriar.se\\\/itdata\\\/2025\\\/02\\\/17\\\/it-pa-livsmedelsverket-brett-spann-av-mojligheter\\\/#primaryimage\"},\"thumbnailUrl\":\"https:\\\/\\\/framtidenskarriar.se\\\/itdata\\\/wp-content\\\/uploads\\\/sites\\\/13\\\/2025\\\/02\\\/livsmedelsv-5-5811-forbattrad-nr.jpg\",\"datePublished\":\"2025-02-17T12:43:36+00:00\",\"dateModified\":\"2026-02-18T09:30:35+00:00\",\"author\":{\"@id\":\"https:\\\/\\\/framtidenskarriar.se\\\/itdata\\\/#\\\/schema\\\/person\\\/2a13a849ec7646386c2211f59afe3083\"},\"breadcrumb\":{\"@id\":\"https:\\\/\\\/framtidenskarriar.se\\\/itdata\\\/2025\\\/02\\\/17\\\/it-pa-livsmedelsverket-brett-spann-av-mojligheter\\\/#breadcrumb\"},\"inLanguage\":\"sv-SE\",\"potentialAction\":[{\"@type\":\"ReadAction\",\"target\":[\"https:\\\/\\\/framtidenskarriar.se\\\/itdata\\\/2025\\\/02\\\/17\\\/it-pa-livsmedelsverket-brett-spann-av-mojligheter\\\/\"]}]},{\"@type\":\"ImageObject\",\"inLanguage\":\"sv-SE\",\"@id\":\"https:\\\/\\\/framtidenskarriar.se\\\/itdata\\\/2025\\\/02\\\/17\\\/it-pa-livsmedelsverket-brett-spann-av-mojligheter\\\/#primaryimage\",\"url\":\"https:\\\/\\\/framtidenskarriar.se\\\/itdata\\\/wp-content\\\/uploads\\\/sites\\\/13\\\/2025\\\/02\\\/livsmedelsv-5-5811-forbattrad-nr.jpg\",\"contentUrl\":\"https:\\\/\\\/framtidenskarriar.se\\\/itdata\\\/wp-content\\\/uploads\\\/sites\\\/13\\\/2025\\\/02\\\/livsmedelsv-5-5811-forbattrad-nr.jpg\",\"width\":1000,\"height\":563,\"caption\":\"Ylva Nordstr\u00f6m, kravanalytiker och Martin Samuelsson, verksamhetsutvecklare p\u00e5 Livsmedelsverket. Foto: Mikael Wallerstedt\"},{\"@type\":\"BreadcrumbList\",\"@id\":\"https:\\\/\\\/framtidenskarriar.se\\\/itdata\\\/2025\\\/02\\\/17\\\/it-pa-livsmedelsverket-brett-spann-av-mojligheter\\\/#breadcrumb\",\"itemListElement\":[{\"@type\":\"ListItem\",\"position\":1,\"name\":\"Home\",\"item\":\"https:\\\/\\\/framtidenskarriar.se\\\/itdata\\\/\"},{\"@type\":\"ListItem\",\"position\":2,\"name\":\"IT p\u00e5 Livsmedelsverket \u2013 brett spann av m\u00f6jligheter\"}]},{\"@type\":\"WebSite\",\"@id\":\"https:\\\/\\\/framtidenskarriar.se\\\/itdata\\\/#website\",\"url\":\"https:\\\/\\\/framtidenskarriar.se\\\/itdata\\\/\",\"name\":\"Framtidens karri\u00e4r IT & Data\",\"description\":\"Just another NMDashboard.se Sites site\",\"potentialAction\":[{\"@type\":\"SearchAction\",\"target\":{\"@type\":\"EntryPoint\",\"urlTemplate\":\"https:\\\/\\\/framtidenskarriar.se\\\/itdata\\\/?s={search_term_string}\"},\"query-input\":{\"@type\":\"PropertyValueSpecification\",\"valueRequired\":true,\"valueName\":\"search_term_string\"}}],\"inLanguage\":\"sv-SE\"},{\"@type\":\"Person\",\"@id\":\"https:\\\/\\\/framtidenskarriar.se\\\/itdata\\\/#\\\/schema\\\/person\\\/2a13a849ec7646386c2211f59afe3083\",\"name\":\"viktorwallen\",\"image\":{\"@type\":\"ImageObject\",\"inLanguage\":\"sv-SE\",\"@id\":\"https:\\\/\\\/secure.gravatar.com\\\/avatar\\\/701701bd36169636031933997c8c6b954f2f635bbb7cd4802e4a007f9c9f4e59?s=96&d=mm&r=g\",\"url\":\"https:\\\/\\\/secure.gravatar.com\\\/avatar\\\/701701bd36169636031933997c8c6b954f2f635bbb7cd4802e4a007f9c9f4e59?s=96&d=mm&r=g\",\"contentUrl\":\"https:\\\/\\\/secure.gravatar.com\\\/avatar\\\/701701bd36169636031933997c8c6b954f2f635bbb7cd4802e4a007f9c9f4e59?s=96&d=mm&r=g\",\"caption\":\"viktorwallen\"},\"url\":\"https:\\\/\\\/framtidenskarriar.se\\\/itdata\\\/author\\\/viktorwallen\\\/\"}]}<\/script>\n<!-- \/ Yoast SEO plugin. -->","yoast_head_json":{"title":"IT p\u00e5 Livsmedelsverket \u2013 brett spann av m\u00f6jligheter - Framtidens karri\u00e4r IT & Data","robots":{"index":"index","follow":"follow","max-snippet":"max-snippet:-1","max-image-preview":"max-image-preview:large","max-video-preview":"max-video-preview:-1"},"canonical":"https:\/\/framtidenskarriar.se\/itdata\/2025\/02\/17\/it-pa-livsmedelsverket-brett-spann-av-mojligheter\/","og_locale":"sv_SE","og_type":"article","og_title":"IT p\u00e5 Livsmedelsverket \u2013 brett spann av m\u00f6jligheter - Framtidens karri\u00e4r IT & Data","og_description":"Att arbeta h\u00e4r inneb\u00e4r en sp\u00e4nnande variation i arbetsuppgifter och projekt.","og_url":"https:\/\/framtidenskarriar.se\/itdata\/2025\/02\/17\/it-pa-livsmedelsverket-brett-spann-av-mojligheter\/","og_site_name":"Framtidens karri\u00e4r IT & Data","article_published_time":"2025-02-17T12:43:36+00:00","article_modified_time":"2026-02-18T09:30:35+00:00","og_image":[{"width":1000,"height":563,"url":"https:\/\/framtidenskarriar.se\/itdata\/wp-content\/uploads\/sites\/13\/2025\/02\/livsmedelsv-5-5811-forbattrad-nr.jpg","type":"image\/jpeg"}],"author":"viktorwallen","twitter_card":"summary_large_image","twitter_misc":{"Skriven av":"viktorwallen","Ber\u00e4knad l\u00e4stid":"3 minuter"},"schema":{"@context":"https:\/\/schema.org","@graph":[{"@type":"Article","@id":"https:\/\/framtidenskarriar.se\/itdata\/2025\/02\/17\/it-pa-livsmedelsverket-brett-spann-av-mojligheter\/#article","isPartOf":{"@id":"https:\/\/framtidenskarriar.se\/itdata\/2025\/02\/17\/it-pa-livsmedelsverket-brett-spann-av-mojligheter\/"},"author":{"name":"viktorwallen","@id":"https:\/\/framtidenskarriar.se\/itdata\/#\/schema\/person\/2a13a849ec7646386c2211f59afe3083"},"headline":"IT p\u00e5 Livsmedelsverket \u2013 brett spann av m\u00f6jligheter","datePublished":"2025-02-17T12:43:36+00:00","dateModified":"2026-02-18T09:30:35+00:00","mainEntityOfPage":{"@id":"https:\/\/framtidenskarriar.se\/itdata\/2025\/02\/17\/it-pa-livsmedelsverket-brett-spann-av-mojligheter\/"},"wordCount":556,"image":{"@id":"https:\/\/framtidenskarriar.se\/itdata\/2025\/02\/17\/it-pa-livsmedelsverket-brett-spann-av-mojligheter\/#primaryimage"},"thumbnailUrl":"https:\/\/framtidenskarriar.se\/itdata\/wp-content\/uploads\/sites\/13\/2025\/02\/livsmedelsv-5-5811-forbattrad-nr.jpg","keywords":["Livsmedelsverket"],"articleSection":["Presentation"],"inLanguage":"sv-SE"},{"@type":"WebPage","@id":"https:\/\/framtidenskarriar.se\/itdata\/2025\/02\/17\/it-pa-livsmedelsverket-brett-spann-av-mojligheter\/","url":"https:\/\/framtidenskarriar.se\/itdata\/2025\/02\/17\/it-pa-livsmedelsverket-brett-spann-av-mojligheter\/","name":"IT p\u00e5 Livsmedelsverket \u2013 brett spann av m\u00f6jligheter - Framtidens karri\u00e4r IT & Data","isPartOf":{"@id":"https:\/\/framtidenskarriar.se\/itdata\/#website"},"primaryImageOfPage":{"@id":"https:\/\/framtidenskarriar.se\/itdata\/2025\/02\/17\/it-pa-livsmedelsverket-brett-spann-av-mojligheter\/#primaryimage"},"image":{"@id":"https:\/\/framtidenskarriar.se\/itdata\/2025\/02\/17\/it-pa-livsmedelsverket-brett-spann-av-mojligheter\/#primaryimage"},"thumbnailUrl":"https:\/\/framtidenskarriar.se\/itdata\/wp-content\/uploads\/sites\/13\/2025\/02\/livsmedelsv-5-5811-forbattrad-nr.jpg","datePublished":"2025-02-17T12:43:36+00:00","dateModified":"2026-02-18T09:30:35+00:00","author":{"@id":"https:\/\/framtidenskarriar.se\/itdata\/#\/schema\/person\/2a13a849ec7646386c2211f59afe3083"},"breadcrumb":{"@id":"https:\/\/framtidenskarriar.se\/itdata\/2025\/02\/17\/it-pa-livsmedelsverket-brett-spann-av-mojligheter\/#breadcrumb"},"inLanguage":"sv-SE","potentialAction":[{"@type":"ReadAction","target":["https:\/\/framtidenskarriar.se\/itdata\/2025\/02\/17\/it-pa-livsmedelsverket-brett-spann-av-mojligheter\/"]}]},{"@type":"ImageObject","inLanguage":"sv-SE","@id":"https:\/\/framtidenskarriar.se\/itdata\/2025\/02\/17\/it-pa-livsmedelsverket-brett-spann-av-mojligheter\/#primaryimage","url":"https:\/\/framtidenskarriar.se\/itdata\/wp-content\/uploads\/sites\/13\/2025\/02\/livsmedelsv-5-5811-forbattrad-nr.jpg","contentUrl":"https:\/\/framtidenskarriar.se\/itdata\/wp-content\/uploads\/sites\/13\/2025\/02\/livsmedelsv-5-5811-forbattrad-nr.jpg","width":1000,"height":563,"caption":"Ylva Nordstr\u00f6m, kravanalytiker och Martin Samuelsson, verksamhetsutvecklare p\u00e5 Livsmedelsverket. Foto: Mikael Wallerstedt"},{"@type":"BreadcrumbList","@id":"https:\/\/framtidenskarriar.se\/itdata\/2025\/02\/17\/it-pa-livsmedelsverket-brett-spann-av-mojligheter\/#breadcrumb","itemListElement":[{"@type":"ListItem","position":1,"name":"Home","item":"https:\/\/framtidenskarriar.se\/itdata\/"},{"@type":"ListItem","position":2,"name":"IT p\u00e5 Livsmedelsverket \u2013 brett spann av m\u00f6jligheter"}]},{"@type":"WebSite","@id":"https:\/\/framtidenskarriar.se\/itdata\/#website","url":"https:\/\/framtidenskarriar.se\/itdata\/","name":"Framtidens karri\u00e4r IT & Data","description":"Just another NMDashboard.se Sites site","potentialAction":[{"@type":"SearchAction","target":{"@type":"EntryPoint","urlTemplate":"https:\/\/framtidenskarriar.se\/itdata\/?s={search_term_string}"},"query-input":{"@type":"PropertyValueSpecification","valueRequired":true,"valueName":"search_term_string"}}],"inLanguage":"sv-SE"},{"@type":"Person","@id":"https:\/\/framtidenskarriar.se\/itdata\/#\/schema\/person\/2a13a849ec7646386c2211f59afe3083","name":"viktorwallen","image":{"@type":"ImageObject","inLanguage":"sv-SE","@id":"https:\/\/secure.gravatar.com\/avatar\/701701bd36169636031933997c8c6b954f2f635bbb7cd4802e4a007f9c9f4e59?s=96&d=mm&r=g","url":"https:\/\/secure.gravatar.com\/avatar\/701701bd36169636031933997c8c6b954f2f635bbb7cd4802e4a007f9c9f4e59?s=96&d=mm&r=g","contentUrl":"https:\/\/secure.gravatar.com\/avatar\/701701bd36169636031933997c8c6b954f2f635bbb7cd4802e4a007f9c9f4e59?s=96&d=mm&r=g","caption":"viktorwallen"},"url":"https:\/\/framtidenskarriar.se\/itdata\/author\/viktorwallen\/"}]}},"_links":{"self":[{"href":"https:\/\/framtidenskarriar.se\/itdata\/wp-json\/wp\/v2\/posts\/8608","targetHints":{"allow":["GET"]}}],"collection":[{"href":"https:\/\/framtidenskarriar.se\/itdata\/wp-json\/wp\/v2\/posts"}],"about":[{"href":"https:\/\/framtidenskarriar.se\/itdata\/wp-json\/wp\/v2\/types\/post"}],"author":[{"embeddable":true,"href":"https:\/\/framtidenskarriar.se\/itdata\/wp-json\/wp\/v2\/users\/2"}],"replies":[{"embeddable":true,"href":"https:\/\/framtidenskarriar.se\/itdata\/wp-json\/wp\/v2\/comments?post=8608"}],"version-history":[{"count":5,"href":"https:\/\/framtidenskarriar.se\/itdata\/wp-json\/wp\/v2\/posts\/8608\/revisions"}],"predecessor-version":[{"id":9037,"href":"https:\/\/framtidenskarriar.se\/itdata\/wp-json\/wp\/v2\/posts\/8608\/revisions\/9037"}],"wp:featuredmedia":[{"embeddable":true,"href":"https:\/\/framtidenskarriar.se\/itdata\/wp-json\/wp\/v2\/media\/8610"}],"wp:attachment":[{"href":"https:\/\/framtidenskarriar.se\/itdata\/wp-json\/wp\/v2\/media?parent=8608"}],"wp:term":[{"taxonomy":"category","embeddable":true,"href":"https:\/\/framtidenskarriar.se\/itdata\/wp-json\/wp\/v2\/categories?post=8608"},{"taxonomy":"post_tag","embeddable":true,"href":"https:\/\/framtidenskarriar.se\/itdata\/wp-json\/wp\/v2\/tags?post=8608"}],"curies":[{"name":"wp","href":"https:\/\/api.w.org\/{rel}","templated":true}]}}