{"id":8632,"date":"2025-02-17T13:50:10","date_gmt":"2025-02-17T13:50:10","guid":{"rendered":"https:\/\/framtidenskarriar.se\/itdata\/?p=8632"},"modified":"2026-01-27T09:04:00","modified_gmt":"2026-01-27T09:04:00","slug":"rustar-for-en-foranderlig-omvarld","status":"publish","type":"post","link":"https:\/\/framtidenskarriar.se\/itdata\/2025\/02\/17\/rustar-for-en-foranderlig-omvarld\/","title":{"rendered":"Rustar f\u00f6r en f\u00f6r\u00e4nderlig omv\u00e4rld"},"content":{"rendered":"\n<figure class=\"wp-block-image size-full\"><img loading=\"lazy\" decoding=\"async\" width=\"1000\" height=\"562\" src=\"https:\/\/framtidenskarriar.se\/itdata\/wp-content\/uploads\/sites\/13\/2025\/02\/myndighet1-fredrik-lundstrom-foto-bjorn-dalinj.jpg\" alt=\"Fredrik Lundstr\u00f6m, it-chef p\u00e5 Tullverket. Foto: Bj\u00f6rn Dalin \/ Tullverket\" class=\"wp-image-8633\" srcset=\"https:\/\/framtidenskarriar.se\/itdata\/wp-content\/uploads\/sites\/13\/2025\/02\/myndighet1-fredrik-lundstrom-foto-bjorn-dalinj.jpg 1000w, https:\/\/framtidenskarriar.se\/itdata\/wp-content\/uploads\/sites\/13\/2025\/02\/myndighet1-fredrik-lundstrom-foto-bjorn-dalinj-300x169.jpg 300w, https:\/\/framtidenskarriar.se\/itdata\/wp-content\/uploads\/sites\/13\/2025\/02\/myndighet1-fredrik-lundstrom-foto-bjorn-dalinj-768x432.jpg 768w, https:\/\/framtidenskarriar.se\/itdata\/wp-content\/uploads\/sites\/13\/2025\/02\/myndighet1-fredrik-lundstrom-foto-bjorn-dalinj-285x160.jpg 285w, https:\/\/framtidenskarriar.se\/itdata\/wp-content\/uploads\/sites\/13\/2025\/02\/myndighet1-fredrik-lundstrom-foto-bjorn-dalinj-80x45.jpg 80w, https:\/\/framtidenskarriar.se\/itdata\/wp-content\/uploads\/sites\/13\/2025\/02\/myndighet1-fredrik-lundstrom-foto-bjorn-dalinj-720x405.jpg 720w, https:\/\/framtidenskarriar.se\/itdata\/wp-content\/uploads\/sites\/13\/2025\/02\/myndighet1-fredrik-lundstrom-foto-bjorn-dalinj-960x540.jpg 960w, https:\/\/framtidenskarriar.se\/itdata\/wp-content\/uploads\/sites\/13\/2025\/02\/myndighet1-fredrik-lundstrom-foto-bjorn-dalinj-526x296.jpg 526w\" sizes=\"auto, (max-width: 1000px) 100vw, 1000px\" \/><figcaption class=\"wp-element-caption\">Fredrik Lundstr\u00f6m, it-chef p\u00e5 Tullverket. Foto: Bj\u00f6rn Dalin \/ Tullverket<\/figcaption><\/figure>\n\n\n\n<p><strong>Tullverket spelar en avg\u00f6rande roll i att s\u00e4kerst\u00e4lla en trygg och effektiv handel \u00f6ver Sveriges gr\u00e4nser. Digitalisering och teknikutveckling \u00e4r avg\u00f6rande f\u00f6r att m\u00f6ta utmaningar som e-handelns tillv\u00e4xt och organiserad brottslighet.<\/strong><\/p>\n\n\n\n<p>Med ett brett uppdrag, som omfattar att b\u00e5de underl\u00e4tta laglig import och export samt att bek\u00e4mpa illegal verksamhet, st\u00e5r Tullverket mitt i en komplex och st\u00e4ndigt f\u00f6r\u00e4nderlig verklighet. Fredrik Lundstr\u00f6m, it-chef p\u00e5 Tullverket, beskriver hur digitalisering och teknikutveckling spelar en central roll f\u00f6r myndighetens framg\u00e5ngar.<br>\u2013 V\u00e5r it-avdelning \u00e4r en klassisk verksamhet som levererar hela infrastrukturen och de tekniska verktygen som Tullverket beh\u00f6ver. Det handlar om allt fr\u00e5n ett eget datacenter till egenutvecklade system och samarbete med externa akt\u00f6rer, s\u00e4ger Fredrik Lundstr\u00f6m.<br>Myndigheten har knappt andats ut efter en omfattande digitaliseringssatsning som ska harmonisera tullhanteringen inom EU, n\u00e4r den nu riktar \u00f6kat fokus p\u00e5 brottsbek\u00e4mpning genom avancerad dataanalys och artificiell intelligens.<br>\u2013 Vi har tillg\u00e5ng till enorma datam\u00e4ngder om Sveriges varufl\u00f6den och annan underr\u00e4ttelseinformation. Genom att utnyttja tekniker som maskininl\u00e4rning och AI kan vi \u00f6ka precisionen i v\u00e5ra analyser och identifiera potentiella hot snabbare och mer effektivt, f\u00f6rklarar Fredrik.<br>Bildanalys, b\u00e5de av stillbilder och r\u00f6rligt material, \u00e4r ett omr\u00e5de d\u00e4r tekniken har stor potential. Det handlar inte bara om att uppt\u00e4cka illegala aktiviteter utan \u00e4ven om att f\u00f6rst\u00e4rka Tullverkets underr\u00e4ttelse- och spaningsf\u00f6rm\u00e5ga. Samtidigt skapar den \u00f6kade e-handeln nya utmaningar. Varje transaktion genererar stora datam\u00e4ngder som m\u00e5ste hanteras p\u00e5 ett effektivt och s\u00e4kert s\u00e4tt.<br>\u2013 Pandemin accelererade e-handelns utveckling, vilket kr\u00e4ver anpassning fr\u00e5n v\u00e5r sida. Fr\u00e5n ett enda k\u00f6p, till exempel en h\u00e5rsnodd, kan det genereras stora m\u00e4ngder data som vi beh\u00f6ver hantera, s\u00e4ger han.<\/p>\n\n\n\n<blockquote class=\"wp-block-quote is-layout-flow wp-block-quote-is-layout-flow\">\n<p>&#8221;Genom att utnyttja tekniker som maskininl\u00e4rning och AI kan vi \u00f6ka precisionen i v\u00e5ra analyser och identifiera potentiella hot snabbare och mer effektivt.&#8221;<\/p>\n<\/blockquote>\n\n\n\n<p><strong>S\u00e4kerhet en avg\u00f6rande faktor<\/strong><br>Som gr\u00e4nsvakt st\u00e5r Tullverket inf\u00f6r hot fr\u00e5n b\u00e5de organiserad brottslighet och fr\u00e4mmande makter. Restriktiv anv\u00e4ndning av molntj\u00e4nster har hittills varit normen p\u00e5 grund av s\u00e4kerhetsrisker, men med \u00f6kande datam\u00e4ngder och krav fr\u00e5n leverant\u00f6rer kan det bli n\u00f6dv\u00e4ndigt att ompr\u00f6va denna h\u00e5llning.<br>\u2013 Vi m\u00e5ste alltid balansera mellan att utveckla nya f\u00f6rm\u00e5gor och f\u00f6rvalta det vi redan har. Att g\u00f6ra detta s\u00e4kert och r\u00e4ttss\u00e4kert \u00e4r avg\u00f6rande.<br>Med omkring 300 medarbetare och 100 konsulter p\u00e5 it-avdelningen \u00e4r omfattningen av Tullverkets arbete imponerande. Trots detta st\u00e5r myndigheten inf\u00f6r stora behov av att v\u00e4xa och utvecklas ytterligare. Framtidens Tullverk kommer att kr\u00e4va en kombination av teknisk innovation, strategiska prioriteringar och en fortsatt satsning p\u00e5 s\u00e4kerhet f\u00f6r att kunna m\u00f6ta omv\u00e4rldens utmaningar.<br>\u2013 Vi har kommit l\u00e5ngt, men det \u00e5terst\u00e5r mycket arbete. Digitalisering \u00e4r inte bara ett st\u00f6d f\u00f6r verksamheten, det \u00e4r en f\u00f6ruts\u00e4ttning f\u00f6r att vi ska kunna fullf\u00f6lja v\u00e5rt uppdrag, s\u00e4ger Fredrik Lundstr\u00f6m.<\/p>\n","protected":false},"excerpt":{"rendered":"<p>Digitalisering och teknikutveckling \u00e4r avg\u00f6rande f\u00f6r att m\u00f6ta utmaningar som e-handelns tillv\u00e4xt och organiserad brottslighet.<\/p>\n","protected":false},"author":3,"featured_media":8633,"comment_status":"closed","ping_status":"closed","sticky":false,"template":"","format":"standard","meta":{"_acf_changed":false,"_monsterinsights_skip_tracking":false,"_monsterinsights_sitenote_active":false,"_monsterinsights_sitenote_note":"","_monsterinsights_sitenote_category":0,"footnotes":""},"categories":[1],"tags":[181,252],"class_list":["post-8632","post","type-post","status-publish","format-standard","has-post-thumbnail","hentry","category-artikel","tag-myndighet","tag-tullverket"],"acf":[],"yoast_head":"<!-- This site is optimized with the Yoast SEO plugin v27.3 - https:\/\/yoast.com\/product\/yoast-seo-wordpress\/ -->\n<title>Rustar f\u00f6r en f\u00f6r\u00e4nderlig omv\u00e4rld - Framtidens karri\u00e4r IT &amp; Data<\/title>\n<meta name=\"robots\" content=\"index, follow, max-snippet:-1, max-image-preview:large, max-video-preview:-1\" \/>\n<link rel=\"canonical\" href=\"https:\/\/framtidenskarriar.se\/itdata\/2025\/02\/17\/rustar-for-en-foranderlig-omvarld\/\" \/>\n<meta property=\"og:locale\" content=\"sv_SE\" \/>\n<meta property=\"og:type\" content=\"article\" \/>\n<meta property=\"og:title\" content=\"Rustar f\u00f6r en f\u00f6r\u00e4nderlig omv\u00e4rld - Framtidens karri\u00e4r IT &amp; Data\" \/>\n<meta property=\"og:description\" content=\"Digitalisering och teknikutveckling \u00e4r avg\u00f6rande f\u00f6r att m\u00f6ta utmaningar som e-handelns tillv\u00e4xt och organiserad brottslighet.\" \/>\n<meta property=\"og:url\" content=\"https:\/\/framtidenskarriar.se\/itdata\/2025\/02\/17\/rustar-for-en-foranderlig-omvarld\/\" \/>\n<meta property=\"og:site_name\" content=\"Framtidens karri\u00e4r IT &amp; Data\" \/>\n<meta property=\"article:published_time\" content=\"2025-02-17T13:50:10+00:00\" \/>\n<meta property=\"article:modified_time\" content=\"2026-01-27T09:04:00+00:00\" \/>\n<meta property=\"og:image\" content=\"https:\/\/framtidenskarriar.se\/itdata\/wp-content\/uploads\/sites\/13\/2025\/02\/myndighet1-fredrik-lundstrom-foto-bjorn-dalinj.jpg\" \/>\n\t<meta property=\"og:image:width\" content=\"1000\" \/>\n\t<meta property=\"og:image:height\" content=\"562\" \/>\n\t<meta property=\"og:image:type\" content=\"image\/jpeg\" \/>\n<meta name=\"author\" content=\"stellanstal\" \/>\n<meta name=\"twitter:card\" content=\"summary_large_image\" \/>\n<meta name=\"twitter:label1\" content=\"Skriven av\" \/>\n\t<meta name=\"twitter:data1\" content=\"stellanstal\" \/>\n\t<meta name=\"twitter:label2\" content=\"Ber\u00e4knad l\u00e4stid\" \/>\n\t<meta name=\"twitter:data2\" content=\"3 minuter\" \/>\n<script type=\"application\/ld+json\" class=\"yoast-schema-graph\">{\"@context\":\"https:\\\/\\\/schema.org\",\"@graph\":[{\"@type\":\"Article\",\"@id\":\"https:\\\/\\\/framtidenskarriar.se\\\/itdata\\\/2025\\\/02\\\/17\\\/rustar-for-en-foranderlig-omvarld\\\/#article\",\"isPartOf\":{\"@id\":\"https:\\\/\\\/framtidenskarriar.se\\\/itdata\\\/2025\\\/02\\\/17\\\/rustar-for-en-foranderlig-omvarld\\\/\"},\"author\":{\"name\":\"stellanstal\",\"@id\":\"https:\\\/\\\/framtidenskarriar.se\\\/itdata\\\/#\\\/schema\\\/person\\\/c8a43eb855191e573b73ecf8987a3b99\"},\"headline\":\"Rustar f\u00f6r en f\u00f6r\u00e4nderlig omv\u00e4rld\",\"datePublished\":\"2025-02-17T13:50:10+00:00\",\"dateModified\":\"2026-01-27T09:04:00+00:00\",\"mainEntityOfPage\":{\"@id\":\"https:\\\/\\\/framtidenskarriar.se\\\/itdata\\\/2025\\\/02\\\/17\\\/rustar-for-en-foranderlig-omvarld\\\/\"},\"wordCount\":559,\"image\":{\"@id\":\"https:\\\/\\\/framtidenskarriar.se\\\/itdata\\\/2025\\\/02\\\/17\\\/rustar-for-en-foranderlig-omvarld\\\/#primaryimage\"},\"thumbnailUrl\":\"https:\\\/\\\/framtidenskarriar.se\\\/itdata\\\/wp-content\\\/uploads\\\/sites\\\/13\\\/2025\\\/02\\\/myndighet1-fredrik-lundstrom-foto-bjorn-dalinj.jpg\",\"keywords\":[\"Myndighet\",\"Tullverket\"],\"articleSection\":[\"Artikel\"],\"inLanguage\":\"sv-SE\"},{\"@type\":\"WebPage\",\"@id\":\"https:\\\/\\\/framtidenskarriar.se\\\/itdata\\\/2025\\\/02\\\/17\\\/rustar-for-en-foranderlig-omvarld\\\/\",\"url\":\"https:\\\/\\\/framtidenskarriar.se\\\/itdata\\\/2025\\\/02\\\/17\\\/rustar-for-en-foranderlig-omvarld\\\/\",\"name\":\"Rustar f\u00f6r en f\u00f6r\u00e4nderlig omv\u00e4rld - Framtidens karri\u00e4r IT & Data\",\"isPartOf\":{\"@id\":\"https:\\\/\\\/framtidenskarriar.se\\\/itdata\\\/#website\"},\"primaryImageOfPage\":{\"@id\":\"https:\\\/\\\/framtidenskarriar.se\\\/itdata\\\/2025\\\/02\\\/17\\\/rustar-for-en-foranderlig-omvarld\\\/#primaryimage\"},\"image\":{\"@id\":\"https:\\\/\\\/framtidenskarriar.se\\\/itdata\\\/2025\\\/02\\\/17\\\/rustar-for-en-foranderlig-omvarld\\\/#primaryimage\"},\"thumbnailUrl\":\"https:\\\/\\\/framtidenskarriar.se\\\/itdata\\\/wp-content\\\/uploads\\\/sites\\\/13\\\/2025\\\/02\\\/myndighet1-fredrik-lundstrom-foto-bjorn-dalinj.jpg\",\"datePublished\":\"2025-02-17T13:50:10+00:00\",\"dateModified\":\"2026-01-27T09:04:00+00:00\",\"author\":{\"@id\":\"https:\\\/\\\/framtidenskarriar.se\\\/itdata\\\/#\\\/schema\\\/person\\\/c8a43eb855191e573b73ecf8987a3b99\"},\"breadcrumb\":{\"@id\":\"https:\\\/\\\/framtidenskarriar.se\\\/itdata\\\/2025\\\/02\\\/17\\\/rustar-for-en-foranderlig-omvarld\\\/#breadcrumb\"},\"inLanguage\":\"sv-SE\",\"potentialAction\":[{\"@type\":\"ReadAction\",\"target\":[\"https:\\\/\\\/framtidenskarriar.se\\\/itdata\\\/2025\\\/02\\\/17\\\/rustar-for-en-foranderlig-omvarld\\\/\"]}]},{\"@type\":\"ImageObject\",\"inLanguage\":\"sv-SE\",\"@id\":\"https:\\\/\\\/framtidenskarriar.se\\\/itdata\\\/2025\\\/02\\\/17\\\/rustar-for-en-foranderlig-omvarld\\\/#primaryimage\",\"url\":\"https:\\\/\\\/framtidenskarriar.se\\\/itdata\\\/wp-content\\\/uploads\\\/sites\\\/13\\\/2025\\\/02\\\/myndighet1-fredrik-lundstrom-foto-bjorn-dalinj.jpg\",\"contentUrl\":\"https:\\\/\\\/framtidenskarriar.se\\\/itdata\\\/wp-content\\\/uploads\\\/sites\\\/13\\\/2025\\\/02\\\/myndighet1-fredrik-lundstrom-foto-bjorn-dalinj.jpg\",\"width\":1000,\"height\":562,\"caption\":\"Fredrik Lundstr\u00f6m, it-chef p\u00e5 Tullverket. Foto: Bj\u00f6rn Dalin \\\/ Tullverket\"},{\"@type\":\"BreadcrumbList\",\"@id\":\"https:\\\/\\\/framtidenskarriar.se\\\/itdata\\\/2025\\\/02\\\/17\\\/rustar-for-en-foranderlig-omvarld\\\/#breadcrumb\",\"itemListElement\":[{\"@type\":\"ListItem\",\"position\":1,\"name\":\"Home\",\"item\":\"https:\\\/\\\/framtidenskarriar.se\\\/itdata\\\/\"},{\"@type\":\"ListItem\",\"position\":2,\"name\":\"Rustar f\u00f6r en f\u00f6r\u00e4nderlig omv\u00e4rld\"}]},{\"@type\":\"WebSite\",\"@id\":\"https:\\\/\\\/framtidenskarriar.se\\\/itdata\\\/#website\",\"url\":\"https:\\\/\\\/framtidenskarriar.se\\\/itdata\\\/\",\"name\":\"Framtidens karri\u00e4r IT & Data\",\"description\":\"Just another NMDashboard.se Sites site\",\"potentialAction\":[{\"@type\":\"SearchAction\",\"target\":{\"@type\":\"EntryPoint\",\"urlTemplate\":\"https:\\\/\\\/framtidenskarriar.se\\\/itdata\\\/?s={search_term_string}\"},\"query-input\":{\"@type\":\"PropertyValueSpecification\",\"valueRequired\":true,\"valueName\":\"search_term_string\"}}],\"inLanguage\":\"sv-SE\"},{\"@type\":\"Person\",\"@id\":\"https:\\\/\\\/framtidenskarriar.se\\\/itdata\\\/#\\\/schema\\\/person\\\/c8a43eb855191e573b73ecf8987a3b99\",\"name\":\"stellanstal\",\"image\":{\"@type\":\"ImageObject\",\"inLanguage\":\"sv-SE\",\"@id\":\"https:\\\/\\\/secure.gravatar.com\\\/avatar\\\/cd330fa6bb17f598124b2068ee0b189e4fe0987a50af9d53b78410836060d0c9?s=96&d=mm&r=g\",\"url\":\"https:\\\/\\\/secure.gravatar.com\\\/avatar\\\/cd330fa6bb17f598124b2068ee0b189e4fe0987a50af9d53b78410836060d0c9?s=96&d=mm&r=g\",\"contentUrl\":\"https:\\\/\\\/secure.gravatar.com\\\/avatar\\\/cd330fa6bb17f598124b2068ee0b189e4fe0987a50af9d53b78410836060d0c9?s=96&d=mm&r=g\",\"caption\":\"stellanstal\"},\"url\":\"https:\\\/\\\/framtidenskarriar.se\\\/itdata\\\/author\\\/stellanstal\\\/\"}]}<\/script>\n<!-- \/ Yoast SEO plugin. -->","yoast_head_json":{"title":"Rustar f\u00f6r en f\u00f6r\u00e4nderlig omv\u00e4rld - Framtidens karri\u00e4r IT & Data","robots":{"index":"index","follow":"follow","max-snippet":"max-snippet:-1","max-image-preview":"max-image-preview:large","max-video-preview":"max-video-preview:-1"},"canonical":"https:\/\/framtidenskarriar.se\/itdata\/2025\/02\/17\/rustar-for-en-foranderlig-omvarld\/","og_locale":"sv_SE","og_type":"article","og_title":"Rustar f\u00f6r en f\u00f6r\u00e4nderlig omv\u00e4rld - Framtidens karri\u00e4r IT & Data","og_description":"Digitalisering och teknikutveckling \u00e4r avg\u00f6rande f\u00f6r att m\u00f6ta utmaningar som e-handelns tillv\u00e4xt och organiserad brottslighet.","og_url":"https:\/\/framtidenskarriar.se\/itdata\/2025\/02\/17\/rustar-for-en-foranderlig-omvarld\/","og_site_name":"Framtidens karri\u00e4r IT & Data","article_published_time":"2025-02-17T13:50:10+00:00","article_modified_time":"2026-01-27T09:04:00+00:00","og_image":[{"width":1000,"height":562,"url":"https:\/\/framtidenskarriar.se\/itdata\/wp-content\/uploads\/sites\/13\/2025\/02\/myndighet1-fredrik-lundstrom-foto-bjorn-dalinj.jpg","type":"image\/jpeg"}],"author":"stellanstal","twitter_card":"summary_large_image","twitter_misc":{"Skriven av":"stellanstal","Ber\u00e4knad l\u00e4stid":"3 minuter"},"schema":{"@context":"https:\/\/schema.org","@graph":[{"@type":"Article","@id":"https:\/\/framtidenskarriar.se\/itdata\/2025\/02\/17\/rustar-for-en-foranderlig-omvarld\/#article","isPartOf":{"@id":"https:\/\/framtidenskarriar.se\/itdata\/2025\/02\/17\/rustar-for-en-foranderlig-omvarld\/"},"author":{"name":"stellanstal","@id":"https:\/\/framtidenskarriar.se\/itdata\/#\/schema\/person\/c8a43eb855191e573b73ecf8987a3b99"},"headline":"Rustar f\u00f6r en f\u00f6r\u00e4nderlig omv\u00e4rld","datePublished":"2025-02-17T13:50:10+00:00","dateModified":"2026-01-27T09:04:00+00:00","mainEntityOfPage":{"@id":"https:\/\/framtidenskarriar.se\/itdata\/2025\/02\/17\/rustar-for-en-foranderlig-omvarld\/"},"wordCount":559,"image":{"@id":"https:\/\/framtidenskarriar.se\/itdata\/2025\/02\/17\/rustar-for-en-foranderlig-omvarld\/#primaryimage"},"thumbnailUrl":"https:\/\/framtidenskarriar.se\/itdata\/wp-content\/uploads\/sites\/13\/2025\/02\/myndighet1-fredrik-lundstrom-foto-bjorn-dalinj.jpg","keywords":["Myndighet","Tullverket"],"articleSection":["Artikel"],"inLanguage":"sv-SE"},{"@type":"WebPage","@id":"https:\/\/framtidenskarriar.se\/itdata\/2025\/02\/17\/rustar-for-en-foranderlig-omvarld\/","url":"https:\/\/framtidenskarriar.se\/itdata\/2025\/02\/17\/rustar-for-en-foranderlig-omvarld\/","name":"Rustar f\u00f6r en f\u00f6r\u00e4nderlig omv\u00e4rld - Framtidens karri\u00e4r IT & Data","isPartOf":{"@id":"https:\/\/framtidenskarriar.se\/itdata\/#website"},"primaryImageOfPage":{"@id":"https:\/\/framtidenskarriar.se\/itdata\/2025\/02\/17\/rustar-for-en-foranderlig-omvarld\/#primaryimage"},"image":{"@id":"https:\/\/framtidenskarriar.se\/itdata\/2025\/02\/17\/rustar-for-en-foranderlig-omvarld\/#primaryimage"},"thumbnailUrl":"https:\/\/framtidenskarriar.se\/itdata\/wp-content\/uploads\/sites\/13\/2025\/02\/myndighet1-fredrik-lundstrom-foto-bjorn-dalinj.jpg","datePublished":"2025-02-17T13:50:10+00:00","dateModified":"2026-01-27T09:04:00+00:00","author":{"@id":"https:\/\/framtidenskarriar.se\/itdata\/#\/schema\/person\/c8a43eb855191e573b73ecf8987a3b99"},"breadcrumb":{"@id":"https:\/\/framtidenskarriar.se\/itdata\/2025\/02\/17\/rustar-for-en-foranderlig-omvarld\/#breadcrumb"},"inLanguage":"sv-SE","potentialAction":[{"@type":"ReadAction","target":["https:\/\/framtidenskarriar.se\/itdata\/2025\/02\/17\/rustar-for-en-foranderlig-omvarld\/"]}]},{"@type":"ImageObject","inLanguage":"sv-SE","@id":"https:\/\/framtidenskarriar.se\/itdata\/2025\/02\/17\/rustar-for-en-foranderlig-omvarld\/#primaryimage","url":"https:\/\/framtidenskarriar.se\/itdata\/wp-content\/uploads\/sites\/13\/2025\/02\/myndighet1-fredrik-lundstrom-foto-bjorn-dalinj.jpg","contentUrl":"https:\/\/framtidenskarriar.se\/itdata\/wp-content\/uploads\/sites\/13\/2025\/02\/myndighet1-fredrik-lundstrom-foto-bjorn-dalinj.jpg","width":1000,"height":562,"caption":"Fredrik Lundstr\u00f6m, it-chef p\u00e5 Tullverket. Foto: Bj\u00f6rn Dalin \/ Tullverket"},{"@type":"BreadcrumbList","@id":"https:\/\/framtidenskarriar.se\/itdata\/2025\/02\/17\/rustar-for-en-foranderlig-omvarld\/#breadcrumb","itemListElement":[{"@type":"ListItem","position":1,"name":"Home","item":"https:\/\/framtidenskarriar.se\/itdata\/"},{"@type":"ListItem","position":2,"name":"Rustar f\u00f6r en f\u00f6r\u00e4nderlig omv\u00e4rld"}]},{"@type":"WebSite","@id":"https:\/\/framtidenskarriar.se\/itdata\/#website","url":"https:\/\/framtidenskarriar.se\/itdata\/","name":"Framtidens karri\u00e4r IT & Data","description":"Just another NMDashboard.se Sites site","potentialAction":[{"@type":"SearchAction","target":{"@type":"EntryPoint","urlTemplate":"https:\/\/framtidenskarriar.se\/itdata\/?s={search_term_string}"},"query-input":{"@type":"PropertyValueSpecification","valueRequired":true,"valueName":"search_term_string"}}],"inLanguage":"sv-SE"},{"@type":"Person","@id":"https:\/\/framtidenskarriar.se\/itdata\/#\/schema\/person\/c8a43eb855191e573b73ecf8987a3b99","name":"stellanstal","image":{"@type":"ImageObject","inLanguage":"sv-SE","@id":"https:\/\/secure.gravatar.com\/avatar\/cd330fa6bb17f598124b2068ee0b189e4fe0987a50af9d53b78410836060d0c9?s=96&d=mm&r=g","url":"https:\/\/secure.gravatar.com\/avatar\/cd330fa6bb17f598124b2068ee0b189e4fe0987a50af9d53b78410836060d0c9?s=96&d=mm&r=g","contentUrl":"https:\/\/secure.gravatar.com\/avatar\/cd330fa6bb17f598124b2068ee0b189e4fe0987a50af9d53b78410836060d0c9?s=96&d=mm&r=g","caption":"stellanstal"},"url":"https:\/\/framtidenskarriar.se\/itdata\/author\/stellanstal\/"}]}},"_links":{"self":[{"href":"https:\/\/framtidenskarriar.se\/itdata\/wp-json\/wp\/v2\/posts\/8632","targetHints":{"allow":["GET"]}}],"collection":[{"href":"https:\/\/framtidenskarriar.se\/itdata\/wp-json\/wp\/v2\/posts"}],"about":[{"href":"https:\/\/framtidenskarriar.se\/itdata\/wp-json\/wp\/v2\/types\/post"}],"author":[{"embeddable":true,"href":"https:\/\/framtidenskarriar.se\/itdata\/wp-json\/wp\/v2\/users\/3"}],"replies":[{"embeddable":true,"href":"https:\/\/framtidenskarriar.se\/itdata\/wp-json\/wp\/v2\/comments?post=8632"}],"version-history":[{"count":2,"href":"https:\/\/framtidenskarriar.se\/itdata\/wp-json\/wp\/v2\/posts\/8632\/revisions"}],"predecessor-version":[{"id":8635,"href":"https:\/\/framtidenskarriar.se\/itdata\/wp-json\/wp\/v2\/posts\/8632\/revisions\/8635"}],"wp:featuredmedia":[{"embeddable":true,"href":"https:\/\/framtidenskarriar.se\/itdata\/wp-json\/wp\/v2\/media\/8633"}],"wp:attachment":[{"href":"https:\/\/framtidenskarriar.se\/itdata\/wp-json\/wp\/v2\/media?parent=8632"}],"wp:term":[{"taxonomy":"category","embeddable":true,"href":"https:\/\/framtidenskarriar.se\/itdata\/wp-json\/wp\/v2\/categories?post=8632"},{"taxonomy":"post_tag","embeddable":true,"href":"https:\/\/framtidenskarriar.se\/itdata\/wp-json\/wp\/v2\/tags?post=8632"}],"curies":[{"name":"wp","href":"https:\/\/api.w.org\/{rel}","templated":true}]}}