{"id":8641,"date":"2025-02-17T13:50:24","date_gmt":"2025-02-17T13:50:24","guid":{"rendered":"https:\/\/framtidenskarriar.se\/itdata\/?p=8641"},"modified":"2026-01-27T09:04:00","modified_gmt":"2026-01-27T09:04:00","slug":"techbranschen-fortsatter-vaxa","status":"publish","type":"post","link":"https:\/\/framtidenskarriar.se\/itdata\/2025\/02\/17\/techbranschen-fortsatter-vaxa\/","title":{"rendered":"Techbranschen forts\u00e4tter v\u00e4xa"},"content":{"rendered":"\n<figure class=\"wp-block-image size-full\"><img loading=\"lazy\" decoding=\"async\" width=\"1000\" height=\"562\" src=\"https:\/\/framtidenskarriar.se\/itdata\/wp-content\/uploads\/sites\/13\/2025\/02\/techsverige-7eb1ae03-7eac-4757-a493-4be896bc86be.jpg\" alt=\"\u00c5sa Zetterberg, f\u00f6rbundsdirekt\u00f6r f\u00f6r TechSverige. Foto: Jenny Hammar\" class=\"wp-image-8642\" srcset=\"https:\/\/framtidenskarriar.se\/itdata\/wp-content\/uploads\/sites\/13\/2025\/02\/techsverige-7eb1ae03-7eac-4757-a493-4be896bc86be.jpg 1000w, https:\/\/framtidenskarriar.se\/itdata\/wp-content\/uploads\/sites\/13\/2025\/02\/techsverige-7eb1ae03-7eac-4757-a493-4be896bc86be-300x169.jpg 300w, https:\/\/framtidenskarriar.se\/itdata\/wp-content\/uploads\/sites\/13\/2025\/02\/techsverige-7eb1ae03-7eac-4757-a493-4be896bc86be-768x432.jpg 768w, https:\/\/framtidenskarriar.se\/itdata\/wp-content\/uploads\/sites\/13\/2025\/02\/techsverige-7eb1ae03-7eac-4757-a493-4be896bc86be-285x160.jpg 285w, https:\/\/framtidenskarriar.se\/itdata\/wp-content\/uploads\/sites\/13\/2025\/02\/techsverige-7eb1ae03-7eac-4757-a493-4be896bc86be-80x45.jpg 80w, https:\/\/framtidenskarriar.se\/itdata\/wp-content\/uploads\/sites\/13\/2025\/02\/techsverige-7eb1ae03-7eac-4757-a493-4be896bc86be-720x405.jpg 720w, https:\/\/framtidenskarriar.se\/itdata\/wp-content\/uploads\/sites\/13\/2025\/02\/techsverige-7eb1ae03-7eac-4757-a493-4be896bc86be-960x540.jpg 960w, https:\/\/framtidenskarriar.se\/itdata\/wp-content\/uploads\/sites\/13\/2025\/02\/techsverige-7eb1ae03-7eac-4757-a493-4be896bc86be-526x296.jpg 526w\" sizes=\"auto, (max-width: 1000px) 100vw, 1000px\" \/><figcaption class=\"wp-element-caption\">\u00c5sa Zetterberg, f\u00f6rbundsdirekt\u00f6r f\u00f6r TechSverige. Foto: Jenny Hammar<\/figcaption><\/figure>\n\n\n\n<p><strong>Techbranschen har fortsatt v\u00e4xa om \u00e4n i l\u00e5ngsammare takt \u00e4n tidigare. Fram\u00f6ver f\u00f6rv\u00e4ntar sig TechSverige en h\u00f6g tillv\u00e4xt inom bland annat AI och molntj\u00e4nster. Techbranschen kan v\u00e4xa med 18\u201325 procent fram till 2027 om efterfr\u00e5gan blir h\u00f6g inom 5G och cybers\u00e4kerhet.<\/strong><\/p>\n\n\n\n<p>Sverige har ett mycket starkt utg\u00e5ngsl\u00e4ge som technation och TechSveriges f\u00f6rbundsdirekt\u00f6r \u00c5sa Zetterberg betraktar techbranschen som Sveriges nya basindustri. Men det kr\u00e4vs krafttag och r\u00e4tt f\u00f6ruts\u00e4ttningar f\u00f6r att tech ska forts\u00e4tta vara en drivkraft f\u00f6r svensk tillv\u00e4xt, jobb och v\u00e4lf\u00e4rd. TechSveriges recept f\u00f6r att v\u00e4nda utvecklingen \u00e4r att \u00f6ka antalet techspecialister, locka tillbaka riskkapitalet till Sverige och minska regelkr\u00e5nglet.<br>\u2013 F\u00e4rre v\u00e4ljer att bli entrepren\u00f6rer inom tech och Stockholm, som historiskt utm\u00e4rkt sig som en ytterst stark hubb inom tech, tappar mark i den globala konkurrensen. Det har bidragit till att m\u00e5nga andra l\u00e4nder springer fortare \u00e4n vi g\u00f6r. Vi m\u00e5ste till\u00e5ta oss att ha h\u00f6ga ambitioner, t\u00e4nka stort och agera kraftfullt f\u00f6r att \u00e5terigen f\u00f6rtj\u00e4na v\u00e5r plats bland stj\u00e4rnorna, s\u00e4ger \u00c5sa Zetterberg.<\/p>\n\n\n\n<blockquote class=\"wp-block-quote is-layout-flow wp-block-quote-is-layout-flow\">\n<p>&#8221;Fram\u00f6ver hoppas vi p\u00e5 en god utv\u00e4xling i samspelet mellan det offentliga och privata, inte minst n\u00e4r det g\u00e4ller AI-utveckling.&#8221;<\/p>\n<\/blockquote>\n\n\n\n<p><strong>18\u00a0000 nya techspecialister \u00e5rligen<\/strong><br>H\u00f6sten 2024 bestod den svenska techbranschen av 59\u00a0000 aktiva f\u00f6retag. F\u00f6retagen inom programvara och it-tj\u00e4nster v\u00e4xer snabbast, enligt TechSveriges rapport Svenska techbranschen 2024. Under det andra kvartalet 2024 sysselsatte techbranschen ungef\u00e4r 265\u00a0000 personer. Samtidigt har 32\u00a0000 nya techjobb skapats sedan pandemi\u00e5ret 2020. Mellan 2025 och 2028 kommer det \u00e5rligen beh\u00f6vas omkring 18000 nya techspecialister i Sverige.<br>N\u00e5gra viktiga m\u00f6jligg\u00f6rare f\u00f6r framtidens techbransch \u00e4r, enligt \u00c5sa Zetterberg, \u00f6kad riskaptit till f\u00f6ljd av sjunkande r\u00e4ntor och inflation, investeringar i cybers\u00e4kerhet som s\u00e4kerst\u00e4ller en robust infrastruktur och starkare l\u00f6nsamhetsfokus som genererar en mer uth\u00e5llig tillv\u00e4xt. Ytterligare en m\u00f6jligg\u00f6rare \u00e4r nya teknikomr\u00e5den med potential att \u00f6ka produktiviteten, exempelvis generativ AI.<br>AI-utvecklingen g\u00e5r mycket snabbt och Sverige ligger redan efter i det globala AI-racet.<br>\u2013 Sverige har flera strategiska f\u00f6rdelar inom AI-ekonomin, exempelvis h\u00f6gkvalitativa data, f\u00f6rm\u00e5gan att skapa lokala och specialiserade AI-till\u00e4mpningar, tech-entrepren\u00f6rskap och omst\u00e4llningsf\u00f6rm\u00e5ga. Men vi efterlyser en \u00f6kad samordning av AI-arbetet i s\u00e5v\u00e4l organisationer som p\u00e5 regeringsniv\u00e5, s\u00e4ger \u00c5sa Zetterberg.<\/p>\n\n\n\n<p><strong>V\u00e4lkomnar AI-utvecklingen<\/strong><br>I rapporterna \u201dNutid och framtid f\u00f6r AI i Sverige\u201d och \u201dMed AI som medel\u201d efterlyser TechSverige ett nationellt helhetsgrepp, bland annat i form av en AI-task force f\u00f6r snabb implementering och f\u00f6r att s\u00e4kerst\u00e4lla tillg\u00e5ngen till offentliga data f\u00f6r framtida innovationer.<br>\u2013 Det \u00f6kade fokuset p\u00e5 cybers\u00e4kerhet har inneburit att de modiga besluten kring storskaliga teknikspr\u00e5ng p\u00e5 senare \u00e5r har uteblivit, inte minst i offentlig sektor. Fram\u00f6ver hoppas vi p\u00e5 en god utv\u00e4xling i samspelet mellan det offentliga och privata, inte minst n\u00e4r det g\u00e4ller AI-utveckling. Vi v\u00e4lkomnar de AI-satsningar regeringen hittills har gjort, men under de kommande \u00e5ren kr\u00e4vs en kraftsamling p\u00e5 en helt annan niv\u00e5. F\u00f6r att f\u00e5 verklig fart p\u00e5 den svenska AI-utvecklingen kr\u00e4vs n\u00e5gon form av katalysator, avslutar \u00c5sa Zetterberg.<\/p>\n","protected":false},"excerpt":{"rendered":"<p>Techbranschen kan v\u00e4xa med 18\u201325 procent fram till 2027 om efterfr\u00e5gan blir h\u00f6g inom 5G och cybers\u00e4kerhet.<\/p>\n","protected":false},"author":3,"featured_media":8642,"comment_status":"closed","ping_status":"closed","sticky":false,"template":"","format":"standard","meta":{"_acf_changed":false,"_monsterinsights_skip_tracking":false,"_monsterinsights_sitenote_active":false,"_monsterinsights_sitenote_note":"","_monsterinsights_sitenote_category":0,"footnotes":""},"categories":[1],"tags":[29,304,262],"class_list":["post-8641","post","type-post","status-publish","format-standard","has-post-thumbnail","hentry","category-artikel","tag-artificiell-intelligens","tag-techsverige","tag-utveckling"],"acf":[],"yoast_head":"<!-- This site is optimized with the Yoast SEO plugin v27.3 - https:\/\/yoast.com\/product\/yoast-seo-wordpress\/ -->\n<title>Techbranschen forts\u00e4tter v\u00e4xa - Framtidens karri\u00e4r IT &amp; Data<\/title>\n<meta name=\"robots\" content=\"index, follow, max-snippet:-1, max-image-preview:large, max-video-preview:-1\" \/>\n<link rel=\"canonical\" href=\"https:\/\/framtidenskarriar.se\/itdata\/2025\/02\/17\/techbranschen-fortsatter-vaxa\/\" \/>\n<meta property=\"og:locale\" content=\"sv_SE\" \/>\n<meta property=\"og:type\" content=\"article\" \/>\n<meta property=\"og:title\" content=\"Techbranschen forts\u00e4tter v\u00e4xa - Framtidens karri\u00e4r IT &amp; Data\" \/>\n<meta property=\"og:description\" content=\"Techbranschen kan v\u00e4xa med 18\u201325 procent fram till 2027 om efterfr\u00e5gan blir h\u00f6g inom 5G och cybers\u00e4kerhet.\" \/>\n<meta property=\"og:url\" content=\"https:\/\/framtidenskarriar.se\/itdata\/2025\/02\/17\/techbranschen-fortsatter-vaxa\/\" \/>\n<meta property=\"og:site_name\" content=\"Framtidens karri\u00e4r IT &amp; Data\" \/>\n<meta property=\"article:published_time\" content=\"2025-02-17T13:50:24+00:00\" \/>\n<meta property=\"article:modified_time\" content=\"2026-01-27T09:04:00+00:00\" \/>\n<meta property=\"og:image\" content=\"https:\/\/framtidenskarriar.se\/itdata\/wp-content\/uploads\/sites\/13\/2025\/02\/techsverige-7eb1ae03-7eac-4757-a493-4be896bc86be.jpg\" \/>\n\t<meta property=\"og:image:width\" content=\"1000\" \/>\n\t<meta property=\"og:image:height\" content=\"562\" \/>\n\t<meta property=\"og:image:type\" content=\"image\/jpeg\" \/>\n<meta name=\"author\" content=\"stellanstal\" \/>\n<meta name=\"twitter:card\" content=\"summary_large_image\" \/>\n<meta name=\"twitter:label1\" content=\"Skriven av\" \/>\n\t<meta name=\"twitter:data1\" content=\"stellanstal\" \/>\n\t<meta name=\"twitter:label2\" content=\"Ber\u00e4knad l\u00e4stid\" \/>\n\t<meta name=\"twitter:data2\" content=\"3 minuter\" \/>\n<script type=\"application\/ld+json\" class=\"yoast-schema-graph\">{\"@context\":\"https:\\\/\\\/schema.org\",\"@graph\":[{\"@type\":\"Article\",\"@id\":\"https:\\\/\\\/framtidenskarriar.se\\\/itdata\\\/2025\\\/02\\\/17\\\/techbranschen-fortsatter-vaxa\\\/#article\",\"isPartOf\":{\"@id\":\"https:\\\/\\\/framtidenskarriar.se\\\/itdata\\\/2025\\\/02\\\/17\\\/techbranschen-fortsatter-vaxa\\\/\"},\"author\":{\"name\":\"stellanstal\",\"@id\":\"https:\\\/\\\/framtidenskarriar.se\\\/itdata\\\/#\\\/schema\\\/person\\\/c8a43eb855191e573b73ecf8987a3b99\"},\"headline\":\"Techbranschen forts\u00e4tter v\u00e4xa\",\"datePublished\":\"2025-02-17T13:50:24+00:00\",\"dateModified\":\"2026-01-27T09:04:00+00:00\",\"mainEntityOfPage\":{\"@id\":\"https:\\\/\\\/framtidenskarriar.se\\\/itdata\\\/2025\\\/02\\\/17\\\/techbranschen-fortsatter-vaxa\\\/\"},\"wordCount\":576,\"image\":{\"@id\":\"https:\\\/\\\/framtidenskarriar.se\\\/itdata\\\/2025\\\/02\\\/17\\\/techbranschen-fortsatter-vaxa\\\/#primaryimage\"},\"thumbnailUrl\":\"https:\\\/\\\/framtidenskarriar.se\\\/itdata\\\/wp-content\\\/uploads\\\/sites\\\/13\\\/2025\\\/02\\\/techsverige-7eb1ae03-7eac-4757-a493-4be896bc86be.jpg\",\"keywords\":[\"Artificiell intelligens\",\"TechSverige\",\"Utveckling\"],\"articleSection\":[\"Artikel\"],\"inLanguage\":\"sv-SE\"},{\"@type\":\"WebPage\",\"@id\":\"https:\\\/\\\/framtidenskarriar.se\\\/itdata\\\/2025\\\/02\\\/17\\\/techbranschen-fortsatter-vaxa\\\/\",\"url\":\"https:\\\/\\\/framtidenskarriar.se\\\/itdata\\\/2025\\\/02\\\/17\\\/techbranschen-fortsatter-vaxa\\\/\",\"name\":\"Techbranschen forts\u00e4tter v\u00e4xa - Framtidens karri\u00e4r IT & Data\",\"isPartOf\":{\"@id\":\"https:\\\/\\\/framtidenskarriar.se\\\/itdata\\\/#website\"},\"primaryImageOfPage\":{\"@id\":\"https:\\\/\\\/framtidenskarriar.se\\\/itdata\\\/2025\\\/02\\\/17\\\/techbranschen-fortsatter-vaxa\\\/#primaryimage\"},\"image\":{\"@id\":\"https:\\\/\\\/framtidenskarriar.se\\\/itdata\\\/2025\\\/02\\\/17\\\/techbranschen-fortsatter-vaxa\\\/#primaryimage\"},\"thumbnailUrl\":\"https:\\\/\\\/framtidenskarriar.se\\\/itdata\\\/wp-content\\\/uploads\\\/sites\\\/13\\\/2025\\\/02\\\/techsverige-7eb1ae03-7eac-4757-a493-4be896bc86be.jpg\",\"datePublished\":\"2025-02-17T13:50:24+00:00\",\"dateModified\":\"2026-01-27T09:04:00+00:00\",\"author\":{\"@id\":\"https:\\\/\\\/framtidenskarriar.se\\\/itdata\\\/#\\\/schema\\\/person\\\/c8a43eb855191e573b73ecf8987a3b99\"},\"breadcrumb\":{\"@id\":\"https:\\\/\\\/framtidenskarriar.se\\\/itdata\\\/2025\\\/02\\\/17\\\/techbranschen-fortsatter-vaxa\\\/#breadcrumb\"},\"inLanguage\":\"sv-SE\",\"potentialAction\":[{\"@type\":\"ReadAction\",\"target\":[\"https:\\\/\\\/framtidenskarriar.se\\\/itdata\\\/2025\\\/02\\\/17\\\/techbranschen-fortsatter-vaxa\\\/\"]}]},{\"@type\":\"ImageObject\",\"inLanguage\":\"sv-SE\",\"@id\":\"https:\\\/\\\/framtidenskarriar.se\\\/itdata\\\/2025\\\/02\\\/17\\\/techbranschen-fortsatter-vaxa\\\/#primaryimage\",\"url\":\"https:\\\/\\\/framtidenskarriar.se\\\/itdata\\\/wp-content\\\/uploads\\\/sites\\\/13\\\/2025\\\/02\\\/techsverige-7eb1ae03-7eac-4757-a493-4be896bc86be.jpg\",\"contentUrl\":\"https:\\\/\\\/framtidenskarriar.se\\\/itdata\\\/wp-content\\\/uploads\\\/sites\\\/13\\\/2025\\\/02\\\/techsverige-7eb1ae03-7eac-4757-a493-4be896bc86be.jpg\",\"width\":1000,\"height\":562,\"caption\":\"\u00c5sa Zetterberg, f\u00f6rbundsdirekt\u00f6r f\u00f6r TechSverige. Foto: Jenny Hammar\"},{\"@type\":\"BreadcrumbList\",\"@id\":\"https:\\\/\\\/framtidenskarriar.se\\\/itdata\\\/2025\\\/02\\\/17\\\/techbranschen-fortsatter-vaxa\\\/#breadcrumb\",\"itemListElement\":[{\"@type\":\"ListItem\",\"position\":1,\"name\":\"Home\",\"item\":\"https:\\\/\\\/framtidenskarriar.se\\\/itdata\\\/\"},{\"@type\":\"ListItem\",\"position\":2,\"name\":\"Techbranschen forts\u00e4tter v\u00e4xa\"}]},{\"@type\":\"WebSite\",\"@id\":\"https:\\\/\\\/framtidenskarriar.se\\\/itdata\\\/#website\",\"url\":\"https:\\\/\\\/framtidenskarriar.se\\\/itdata\\\/\",\"name\":\"Framtidens karri\u00e4r IT & Data\",\"description\":\"Just another NMDashboard.se Sites site\",\"potentialAction\":[{\"@type\":\"SearchAction\",\"target\":{\"@type\":\"EntryPoint\",\"urlTemplate\":\"https:\\\/\\\/framtidenskarriar.se\\\/itdata\\\/?s={search_term_string}\"},\"query-input\":{\"@type\":\"PropertyValueSpecification\",\"valueRequired\":true,\"valueName\":\"search_term_string\"}}],\"inLanguage\":\"sv-SE\"},{\"@type\":\"Person\",\"@id\":\"https:\\\/\\\/framtidenskarriar.se\\\/itdata\\\/#\\\/schema\\\/person\\\/c8a43eb855191e573b73ecf8987a3b99\",\"name\":\"stellanstal\",\"image\":{\"@type\":\"ImageObject\",\"inLanguage\":\"sv-SE\",\"@id\":\"https:\\\/\\\/secure.gravatar.com\\\/avatar\\\/cd330fa6bb17f598124b2068ee0b189e4fe0987a50af9d53b78410836060d0c9?s=96&d=mm&r=g\",\"url\":\"https:\\\/\\\/secure.gravatar.com\\\/avatar\\\/cd330fa6bb17f598124b2068ee0b189e4fe0987a50af9d53b78410836060d0c9?s=96&d=mm&r=g\",\"contentUrl\":\"https:\\\/\\\/secure.gravatar.com\\\/avatar\\\/cd330fa6bb17f598124b2068ee0b189e4fe0987a50af9d53b78410836060d0c9?s=96&d=mm&r=g\",\"caption\":\"stellanstal\"},\"url\":\"https:\\\/\\\/framtidenskarriar.se\\\/itdata\\\/author\\\/stellanstal\\\/\"}]}<\/script>\n<!-- \/ Yoast SEO plugin. -->","yoast_head_json":{"title":"Techbranschen forts\u00e4tter v\u00e4xa - Framtidens karri\u00e4r IT & Data","robots":{"index":"index","follow":"follow","max-snippet":"max-snippet:-1","max-image-preview":"max-image-preview:large","max-video-preview":"max-video-preview:-1"},"canonical":"https:\/\/framtidenskarriar.se\/itdata\/2025\/02\/17\/techbranschen-fortsatter-vaxa\/","og_locale":"sv_SE","og_type":"article","og_title":"Techbranschen forts\u00e4tter v\u00e4xa - Framtidens karri\u00e4r IT & Data","og_description":"Techbranschen kan v\u00e4xa med 18\u201325 procent fram till 2027 om efterfr\u00e5gan blir h\u00f6g inom 5G och cybers\u00e4kerhet.","og_url":"https:\/\/framtidenskarriar.se\/itdata\/2025\/02\/17\/techbranschen-fortsatter-vaxa\/","og_site_name":"Framtidens karri\u00e4r IT & Data","article_published_time":"2025-02-17T13:50:24+00:00","article_modified_time":"2026-01-27T09:04:00+00:00","og_image":[{"width":1000,"height":562,"url":"https:\/\/framtidenskarriar.se\/itdata\/wp-content\/uploads\/sites\/13\/2025\/02\/techsverige-7eb1ae03-7eac-4757-a493-4be896bc86be.jpg","type":"image\/jpeg"}],"author":"stellanstal","twitter_card":"summary_large_image","twitter_misc":{"Skriven av":"stellanstal","Ber\u00e4knad l\u00e4stid":"3 minuter"},"schema":{"@context":"https:\/\/schema.org","@graph":[{"@type":"Article","@id":"https:\/\/framtidenskarriar.se\/itdata\/2025\/02\/17\/techbranschen-fortsatter-vaxa\/#article","isPartOf":{"@id":"https:\/\/framtidenskarriar.se\/itdata\/2025\/02\/17\/techbranschen-fortsatter-vaxa\/"},"author":{"name":"stellanstal","@id":"https:\/\/framtidenskarriar.se\/itdata\/#\/schema\/person\/c8a43eb855191e573b73ecf8987a3b99"},"headline":"Techbranschen forts\u00e4tter v\u00e4xa","datePublished":"2025-02-17T13:50:24+00:00","dateModified":"2026-01-27T09:04:00+00:00","mainEntityOfPage":{"@id":"https:\/\/framtidenskarriar.se\/itdata\/2025\/02\/17\/techbranschen-fortsatter-vaxa\/"},"wordCount":576,"image":{"@id":"https:\/\/framtidenskarriar.se\/itdata\/2025\/02\/17\/techbranschen-fortsatter-vaxa\/#primaryimage"},"thumbnailUrl":"https:\/\/framtidenskarriar.se\/itdata\/wp-content\/uploads\/sites\/13\/2025\/02\/techsverige-7eb1ae03-7eac-4757-a493-4be896bc86be.jpg","keywords":["Artificiell intelligens","TechSverige","Utveckling"],"articleSection":["Artikel"],"inLanguage":"sv-SE"},{"@type":"WebPage","@id":"https:\/\/framtidenskarriar.se\/itdata\/2025\/02\/17\/techbranschen-fortsatter-vaxa\/","url":"https:\/\/framtidenskarriar.se\/itdata\/2025\/02\/17\/techbranschen-fortsatter-vaxa\/","name":"Techbranschen forts\u00e4tter v\u00e4xa - Framtidens karri\u00e4r IT & Data","isPartOf":{"@id":"https:\/\/framtidenskarriar.se\/itdata\/#website"},"primaryImageOfPage":{"@id":"https:\/\/framtidenskarriar.se\/itdata\/2025\/02\/17\/techbranschen-fortsatter-vaxa\/#primaryimage"},"image":{"@id":"https:\/\/framtidenskarriar.se\/itdata\/2025\/02\/17\/techbranschen-fortsatter-vaxa\/#primaryimage"},"thumbnailUrl":"https:\/\/framtidenskarriar.se\/itdata\/wp-content\/uploads\/sites\/13\/2025\/02\/techsverige-7eb1ae03-7eac-4757-a493-4be896bc86be.jpg","datePublished":"2025-02-17T13:50:24+00:00","dateModified":"2026-01-27T09:04:00+00:00","author":{"@id":"https:\/\/framtidenskarriar.se\/itdata\/#\/schema\/person\/c8a43eb855191e573b73ecf8987a3b99"},"breadcrumb":{"@id":"https:\/\/framtidenskarriar.se\/itdata\/2025\/02\/17\/techbranschen-fortsatter-vaxa\/#breadcrumb"},"inLanguage":"sv-SE","potentialAction":[{"@type":"ReadAction","target":["https:\/\/framtidenskarriar.se\/itdata\/2025\/02\/17\/techbranschen-fortsatter-vaxa\/"]}]},{"@type":"ImageObject","inLanguage":"sv-SE","@id":"https:\/\/framtidenskarriar.se\/itdata\/2025\/02\/17\/techbranschen-fortsatter-vaxa\/#primaryimage","url":"https:\/\/framtidenskarriar.se\/itdata\/wp-content\/uploads\/sites\/13\/2025\/02\/techsverige-7eb1ae03-7eac-4757-a493-4be896bc86be.jpg","contentUrl":"https:\/\/framtidenskarriar.se\/itdata\/wp-content\/uploads\/sites\/13\/2025\/02\/techsverige-7eb1ae03-7eac-4757-a493-4be896bc86be.jpg","width":1000,"height":562,"caption":"\u00c5sa Zetterberg, f\u00f6rbundsdirekt\u00f6r f\u00f6r TechSverige. Foto: Jenny Hammar"},{"@type":"BreadcrumbList","@id":"https:\/\/framtidenskarriar.se\/itdata\/2025\/02\/17\/techbranschen-fortsatter-vaxa\/#breadcrumb","itemListElement":[{"@type":"ListItem","position":1,"name":"Home","item":"https:\/\/framtidenskarriar.se\/itdata\/"},{"@type":"ListItem","position":2,"name":"Techbranschen forts\u00e4tter v\u00e4xa"}]},{"@type":"WebSite","@id":"https:\/\/framtidenskarriar.se\/itdata\/#website","url":"https:\/\/framtidenskarriar.se\/itdata\/","name":"Framtidens karri\u00e4r IT & Data","description":"Just another NMDashboard.se Sites site","potentialAction":[{"@type":"SearchAction","target":{"@type":"EntryPoint","urlTemplate":"https:\/\/framtidenskarriar.se\/itdata\/?s={search_term_string}"},"query-input":{"@type":"PropertyValueSpecification","valueRequired":true,"valueName":"search_term_string"}}],"inLanguage":"sv-SE"},{"@type":"Person","@id":"https:\/\/framtidenskarriar.se\/itdata\/#\/schema\/person\/c8a43eb855191e573b73ecf8987a3b99","name":"stellanstal","image":{"@type":"ImageObject","inLanguage":"sv-SE","@id":"https:\/\/secure.gravatar.com\/avatar\/cd330fa6bb17f598124b2068ee0b189e4fe0987a50af9d53b78410836060d0c9?s=96&d=mm&r=g","url":"https:\/\/secure.gravatar.com\/avatar\/cd330fa6bb17f598124b2068ee0b189e4fe0987a50af9d53b78410836060d0c9?s=96&d=mm&r=g","contentUrl":"https:\/\/secure.gravatar.com\/avatar\/cd330fa6bb17f598124b2068ee0b189e4fe0987a50af9d53b78410836060d0c9?s=96&d=mm&r=g","caption":"stellanstal"},"url":"https:\/\/framtidenskarriar.se\/itdata\/author\/stellanstal\/"}]}},"_links":{"self":[{"href":"https:\/\/framtidenskarriar.se\/itdata\/wp-json\/wp\/v2\/posts\/8641","targetHints":{"allow":["GET"]}}],"collection":[{"href":"https:\/\/framtidenskarriar.se\/itdata\/wp-json\/wp\/v2\/posts"}],"about":[{"href":"https:\/\/framtidenskarriar.se\/itdata\/wp-json\/wp\/v2\/types\/post"}],"author":[{"embeddable":true,"href":"https:\/\/framtidenskarriar.se\/itdata\/wp-json\/wp\/v2\/users\/3"}],"replies":[{"embeddable":true,"href":"https:\/\/framtidenskarriar.se\/itdata\/wp-json\/wp\/v2\/comments?post=8641"}],"version-history":[{"count":2,"href":"https:\/\/framtidenskarriar.se\/itdata\/wp-json\/wp\/v2\/posts\/8641\/revisions"}],"predecessor-version":[{"id":8644,"href":"https:\/\/framtidenskarriar.se\/itdata\/wp-json\/wp\/v2\/posts\/8641\/revisions\/8644"}],"wp:featuredmedia":[{"embeddable":true,"href":"https:\/\/framtidenskarriar.se\/itdata\/wp-json\/wp\/v2\/media\/8642"}],"wp:attachment":[{"href":"https:\/\/framtidenskarriar.se\/itdata\/wp-json\/wp\/v2\/media?parent=8641"}],"wp:term":[{"taxonomy":"category","embeddable":true,"href":"https:\/\/framtidenskarriar.se\/itdata\/wp-json\/wp\/v2\/categories?post=8641"},{"taxonomy":"post_tag","embeddable":true,"href":"https:\/\/framtidenskarriar.se\/itdata\/wp-json\/wp\/v2\/tags?post=8641"}],"curies":[{"name":"wp","href":"https:\/\/api.w.org\/{rel}","templated":true}]}}