{"id":8652,"date":"2025-02-17T13:36:43","date_gmt":"2025-02-17T13:36:43","guid":{"rendered":"https:\/\/framtidenskarriar.se\/itdata\/?p=8652"},"modified":"2026-02-18T09:29:02","modified_gmt":"2026-02-18T09:29:02","slug":"avancerade-it-formagor-skapar-ett-sakrare-samhalle","status":"publish","type":"post","link":"https:\/\/framtidenskarriar.se\/itdata\/2025\/02\/17\/avancerade-it-formagor-skapar-ett-sakrare-samhalle\/","title":{"rendered":"Avancerade IT-f\u00f6rm\u00e5gor skapar ett s\u00e4krare samh\u00e4lle"},"content":{"rendered":"\n<figure class=\"wp-block-image size-full\"><img loading=\"lazy\" decoding=\"async\" width=\"1000\" height=\"563\" src=\"https:\/\/framtidenskarriar.se\/itdata\/wp-content\/uploads\/sites\/13\/2025\/02\/polisen-010-henrik-nelly.jpg\" alt=\"Henrik, gruppchef och Nelly, IT-s\u00e4kerhetsanalytiker, tycker att arbetet p\u00e5 polisens IT-avdelning \u00e4r b\u00e5de stimulerande och kul. Foto: Fredrik Hjerling\" class=\"wp-image-8664\" srcset=\"https:\/\/framtidenskarriar.se\/itdata\/wp-content\/uploads\/sites\/13\/2025\/02\/polisen-010-henrik-nelly.jpg 1000w, https:\/\/framtidenskarriar.se\/itdata\/wp-content\/uploads\/sites\/13\/2025\/02\/polisen-010-henrik-nelly-300x169.jpg 300w, https:\/\/framtidenskarriar.se\/itdata\/wp-content\/uploads\/sites\/13\/2025\/02\/polisen-010-henrik-nelly-768x432.jpg 768w, https:\/\/framtidenskarriar.se\/itdata\/wp-content\/uploads\/sites\/13\/2025\/02\/polisen-010-henrik-nelly-284x160.jpg 284w, https:\/\/framtidenskarriar.se\/itdata\/wp-content\/uploads\/sites\/13\/2025\/02\/polisen-010-henrik-nelly-80x45.jpg 80w, https:\/\/framtidenskarriar.se\/itdata\/wp-content\/uploads\/sites\/13\/2025\/02\/polisen-010-henrik-nelly-720x405.jpg 720w, https:\/\/framtidenskarriar.se\/itdata\/wp-content\/uploads\/sites\/13\/2025\/02\/polisen-010-henrik-nelly-960x540.jpg 960w, https:\/\/framtidenskarriar.se\/itdata\/wp-content\/uploads\/sites\/13\/2025\/02\/polisen-010-henrik-nelly-526x296.jpg 526w\" sizes=\"auto, (max-width: 1000px) 100vw, 1000px\" \/><figcaption class=\"wp-element-caption\">Henrik, gruppchef och Nelly, IT-s\u00e4kerhetsanalytiker, tycker att arbetet p\u00e5 polisens IT-avdelning \u00e4r b\u00e5de stimulerande och kul. Foto: Fredrik Hjerling<\/figcaption><\/figure>\n\n\n\n<p><strong>P\u00e5 polisens IT-avdelning jobbar medarbetarna i team med att utveckla olika IT-f\u00f6rm\u00e5gor som starkt bidrar till att f\u00f6rebygga och l\u00f6sa brott. Det \u00e4r viktigt att skaffa sig ett \u00f6vertag mot brottsligheten och d\u00e5 blir utveckling av nya IT-f\u00f6rm\u00e5gor avg\u00f6rande.<\/strong><\/p>\n\n\n\n<p>IT-avdelningen \u00e4r organiserad i team som motsvarar polisens verksamhetsomr\u00e5den. Henrik \u00e4r gruppchef f\u00f6r ett team som jobbar tillsammans med polisens underr\u00e4ttelsetj\u00e4nst. N\u00e4r han var klar med milit\u00e4rtj\u00e4nstg\u00f6ringen ville han bli polis men just de \u00e5ren togs inga studenter in p\u00e5 polish\u00f6gskolan.<br>\u2013 D\u00e5 blev jag civilekonom i st\u00e4llet och b\u00f6rjade jobba inom IT och d\u00e5 fr\u00e4mst business intelligence och analytics-omr\u00e5det, b\u00e5de som specialist och som chef. Men jag tr\u00f6ttnade p\u00e5 den privata sektorn som bara jagade kvartalsvinster och k\u00e4nde att jag ville g\u00f6ra n\u00e5got som var mer samh\u00e4llsnyttigt. Jag s\u00f6kte d\u00e5 jobbet som gruppchef h\u00e4r p\u00e5 IT-avdelningen. Det \u00e4r otroligt stimulerande att se hur vi varje dag g\u00f6r skillnad f\u00f6r brottsbek\u00e4mpningen, att vi bidrar konkret till att skapa ett s\u00e4krare samh\u00e4lle, f\u00f6rklarar han.<br>I hans grupp finns m\u00e5nga olika kompetenser som kravanalytiker, systemutvecklare, testare, tekniska produktspecialister och uppdragsledare.<br>\u2013 Det inneb\u00e4r att vi kan hantera helheten och bygga IT-f\u00f6rm\u00e5gor som hj\u00e4lper underr\u00e4ttelseverksamheten att g\u00f6ra sitt jobb p\u00e5 ett mer effektivt s\u00e4tt. Vi sitter tillsammans och jobbar n\u00e4ra ihop vilket inneb\u00e4r att vi f\u00e5r tydliga \u00e5terkopplingar fr\u00e5n verksamheten p\u00e5 det vi g\u00f6r, vilket \u00e4r b\u00e5de stimulerande och kul, ber\u00e4ttar han vidare.<\/p>\n\n\n\n<p class=\"has-color-white-01-color has-text-color has-background has-link-color wp-elements-0850e056d51b56a892f324f310a167e5\" style=\"background-color:#003148\"><strong><span style=\"text-decoration: underline;\"><a href=\"https:\/\/polisen.se\/jobb-och-utbildning\/jobba-hos-polisen\/jobb-it-avdelningen\/\" title=\"Polisen VT25 pres jobb\" target=\"_blank\" rel=\"noreferrer noopener nofollow\">Klicka h\u00e4r f\u00f6r att l\u00e4sa mer om polisens IT<\/a><\/span><\/strong><\/p>\n\n\n\n<p><strong>Lockande traineeprogram<\/strong><br>Till skillnad fr\u00e5n Henrik kommer Nelly direkt fr\u00e5n sina universitetsstudier inom systemvetenskap. Hon hade t\u00e4nkt forts\u00e4tta med en master men gick \u00e4nd\u00e5 av nyfikenhet p\u00e5 en rekryteringstr\u00e4ff till polisens IT-traineeprogram.<br>\u2013 Jag blev helt s\u00e5ld och tyckte att det verkade vara en sp\u00e4nnande arbetsplats och ett bra steg mellan studier och jobb, s\u00e5 jag s\u00f6kte dit. Traineeprogrammet var v\u00e4ldigt intressant, inte minst genom att vi fick g\u00f6ra m\u00e5nga bes\u00f6k ute i verksamheten och fick en f\u00f6rst\u00e5else f\u00f6r deras behov, ber\u00e4ttar hon.<br>Idag arbetar Nelly som IT-s\u00e4kerhetsanalytiker p\u00e5 avdelningens s\u00e4kerhets\u00f6vervakning. D\u00e4r \u00f6vervakar, analyserar och hanterar de cybers\u00e4kerhetshot f\u00f6r att skydda polisens IT-milj\u00f6<br>\u2013 Jag \u00e5ngrar inte att jag valde bort mastern, den finns alltid kvar och h\u00e4r finns v\u00e4ldigt goda m\u00f6jligheter att vidareutbilda sig inom det som \u00e4r intressant. IT-avdelningens verksamhet \u00e4r bred s\u00e5 det finns m\u00e5nga karri\u00e4rm\u00f6jligheter att v\u00e4lja mellan, forts\u00e4tter hon.<br>Eftersom polisens interna IT-milj\u00f6er \u00e4r komplexa med en m\u00e4ngd olika system m\u00e5ste de ha en \u00f6vergripande koll p\u00e5 mycket.<br>\u2013 Det inneb\u00e4r att vi har m\u00e5nga kontaktytor ute i verksamheten och samarbetar med olika team.<\/p>\n\n\n\n<p><strong>Uppmuntras till vidareutveckling<\/strong><br>Samuel gick ocks\u00e5 traineeprogrammet f\u00f6r ett antal \u00e5r sedan och har hunnit prova p\u00e5 m\u00f6jligheterna att testa olika jobb inom polisen.<br>\u2013 Innan jag b\u00f6rjade traineeprogrammet hade jag g\u00e5tt en civilingenj\u00f6rsutbildning i teknisk fysik och d\u00e4refter p\u00e5b\u00f6rjat en doktorandutbildning p\u00e5 KTH. Men efter ett par \u00e5r k\u00e4ndes det fel f\u00f6r mig och en kompis ber\u00e4ttade om traineeprogrammet p\u00e5 polisen som l\u00e4t sp\u00e4nnande.<br>Hans f\u00f6rsta jobb efter traineeprogrammet var i ett annat team men efter ett par \u00e5r ville han testa n\u00e5got nytt och s\u00f6kte sig vidare internt.<br>\u2013 Nu jobbar jag som systemutvecklare i ett team som utvecklar olika appar f\u00f6r poliser i yttre tj\u00e4nst och trivs fantastiskt bra. Vi utvecklar st\u00f6d som snabbt kan tillg\u00e4ngligg\u00f6ra information i polisernas mobiltelefoner. Det g\u00f6r att de kan agera betydligt snabbare i sitt dagliga jobb, vilket skapar ett s\u00e4krare samh\u00e4lle, ber\u00e4ttar han.<br>Det han uppskattar mest med jobbet \u00e4r dels att det finns en s\u00e5 bred kompetens p\u00e5 IT-avdelningen som b\u00e5de bygger och sj\u00f6s\u00e4tter egna system, dels att de s\u00e5 konkret skapar samh\u00e4llsnytta.<br>\u2013 Vi sitter i samma hus som poliser i yttre tj\u00e4nst och f\u00e5r direkt \u00e5terkoppling p\u00e5 v\u00e5rt arbete. De kan komma och ber\u00e4tta att de just gripit en person tack vare informationen de f\u00e5tt i en app. Vi \u00e5ker ocks\u00e5 ofta ut tillsammans med patrull och f\u00e5r en direkt k\u00e4nsla av vilka behov som finns i verkligheten.<\/p>\n\n\n<div class=\"wp-block-image\">\n<figure class=\"aligncenter size-full\"><img loading=\"lazy\" decoding=\"async\" width=\"1000\" height=\"563\" src=\"https:\/\/framtidenskarriar.se\/itdata\/wp-content\/uploads\/sites\/13\/2025\/02\/polisen-020-samuel.jpg\" alt=\"Samuel, systemutvecklare gillar att han skapar konkret samh\u00e4llsnytta genom sitt jobb p\u00e5 polisens IT-avdelning. Foto: Fredrik Hjerling\" class=\"wp-image-8666\" srcset=\"https:\/\/framtidenskarriar.se\/itdata\/wp-content\/uploads\/sites\/13\/2025\/02\/polisen-020-samuel.jpg 1000w, https:\/\/framtidenskarriar.se\/itdata\/wp-content\/uploads\/sites\/13\/2025\/02\/polisen-020-samuel-300x169.jpg 300w, https:\/\/framtidenskarriar.se\/itdata\/wp-content\/uploads\/sites\/13\/2025\/02\/polisen-020-samuel-768x432.jpg 768w, https:\/\/framtidenskarriar.se\/itdata\/wp-content\/uploads\/sites\/13\/2025\/02\/polisen-020-samuel-284x160.jpg 284w, https:\/\/framtidenskarriar.se\/itdata\/wp-content\/uploads\/sites\/13\/2025\/02\/polisen-020-samuel-80x45.jpg 80w, https:\/\/framtidenskarriar.se\/itdata\/wp-content\/uploads\/sites\/13\/2025\/02\/polisen-020-samuel-720x405.jpg 720w, https:\/\/framtidenskarriar.se\/itdata\/wp-content\/uploads\/sites\/13\/2025\/02\/polisen-020-samuel-960x540.jpg 960w, https:\/\/framtidenskarriar.se\/itdata\/wp-content\/uploads\/sites\/13\/2025\/02\/polisen-020-samuel-526x296.jpg 526w\" sizes=\"auto, (max-width: 1000px) 100vw, 1000px\" \/><figcaption class=\"wp-element-caption\">Samuel, systemutvecklare gillar att han skapar konkret samh\u00e4llsnytta genom sitt jobb p\u00e5 polisens IT-avdelning. Foto: Fredrik Hjerling<\/figcaption><\/figure>\n<\/div>\n\n\n<p class=\"has-color-white-01-color has-text-color has-background has-link-color wp-elements-0850e056d51b56a892f324f310a167e5\" style=\"background-color:#003148\"><strong><span style=\"text-decoration: underline;\"><a href=\"https:\/\/polisen.se\/jobb-och-utbildning\/jobba-hos-polisen\/jobb-it-avdelningen\/\" title=\"Polisen VT25 pres jobb\" target=\"_blank\" rel=\"noreferrer noopener nofollow\">Klicka h\u00e4r f\u00f6r att l\u00e4sa mer om polisens IT<\/a><\/span><\/strong><\/p>\n\n\n\n<div class=\"wp-block-group faktaruta\"><div class=\"wp-block-group__inner-container is-layout-constrained wp-block-group-is-layout-constrained\">\n<h6 class=\"wp-block-heading\">Polisens IT-avdelning<\/h6>\n\n\n\n<p>P\u00e5 polisens IT-avdelning bidrar cirka 1300 medarbetare dagligen till samh\u00e4llsnytta genom att utveckla och f\u00f6rvalta IT-system som f\u00f6rebygger brottslighet och underl\u00e4ttar polisens samh\u00e4llsviktiga verksamhet. Polisens IT-avdelning karakteriseras av ett agilt arbetss\u00e4tt, en n\u00e4ra verksamhetsanknytning och en prestigel\u00f6s arbetsplatskultur med m\u00e5nga utvecklingsm\u00f6jligheter. Just nu finns ett behov av nya medarbetare inom ett stort antal omr\u00e5den.<br><br><strong><a href=\"https:\/\/polisen.se\/jobb-och-utbildning\/jobba-hos-polisen\/jobb-it-avdelningen\/\" title=\"Polisen VT25 pres textlink\" target=\"_blank\" rel=\"noreferrer noopener nofollow\">polisen.se\/it<\/a><\/strong><br><br><a href=\"https:\/\/polisen.se\/jobb-och-utbildning\/jobba-hos-polisen\/jobb-it-avdelningen\/\" title=\"Polisen VT25 pres logotype\" target=\"_blank\" rel=\"noreferrer noopener nofollow\"><img loading=\"lazy\" decoding=\"async\" width=\"100\" height=\"139\" class=\"wp-image-8669\" style=\"width: 100px;\" src=\"https:\/\/framtidenskarriar.se\/itdata\/wp-content\/uploads\/sites\/13\/2025\/02\/polisen-2upol-cmy-1.png\" alt=\"\" srcset=\"https:\/\/framtidenskarriar.se\/itdata\/wp-content\/uploads\/sites\/13\/2025\/02\/polisen-2upol-cmy-1.png 500w, https:\/\/framtidenskarriar.se\/itdata\/wp-content\/uploads\/sites\/13\/2025\/02\/polisen-2upol-cmy-1-216x300.png 216w, https:\/\/framtidenskarriar.se\/itdata\/wp-content\/uploads\/sites\/13\/2025\/02\/polisen-2upol-cmy-1-115x160.png 115w\" sizes=\"auto, (max-width: 100px) 100vw, 100px\" \/><\/a><\/p>\n<\/div><\/div>\n","protected":false},"excerpt":{"rendered":"<p>H\u00e4r jobbar medarbetarna i team med att utveckla olika IT-f\u00f6rm\u00e5gor som starkt bidrar till att f\u00f6rebygga och l\u00f6sa brott. Det \u00e4r viktigt att skaffa sig ett \u00f6vertag mot brottsligheten och d\u00e5 blir utveckling av nya IT-f\u00f6rm\u00e5gor avg\u00f6rande.<\/p>\n","protected":false},"author":2,"featured_media":8757,"comment_status":"closed","ping_status":"closed","sticky":false,"template":"","format":"standard","meta":{"_acf_changed":false,"_monsterinsights_skip_tracking":false,"_monsterinsights_sitenote_active":false,"_monsterinsights_sitenote_note":"","_monsterinsights_sitenote_category":0,"footnotes":""},"categories":[9],"tags":[194],"class_list":["post-8652","post","type-post","status-publish","format-standard","has-post-thumbnail","hentry","category-presentation","tag-polisen"],"acf":[],"yoast_head":"<!-- This site is optimized with the Yoast SEO plugin v27.3 - https:\/\/yoast.com\/product\/yoast-seo-wordpress\/ -->\n<title>Avancerade IT-f\u00f6rm\u00e5gor skapar ett s\u00e4krare samh\u00e4lle - Framtidens karri\u00e4r IT &amp; Data<\/title>\n<meta name=\"robots\" content=\"index, follow, max-snippet:-1, max-image-preview:large, max-video-preview:-1\" \/>\n<link rel=\"canonical\" href=\"https:\/\/framtidenskarriar.se\/itdata\/2025\/02\/17\/avancerade-it-formagor-skapar-ett-sakrare-samhalle\/\" \/>\n<meta property=\"og:locale\" content=\"sv_SE\" \/>\n<meta property=\"og:type\" content=\"article\" \/>\n<meta property=\"og:title\" content=\"Avancerade IT-f\u00f6rm\u00e5gor skapar ett s\u00e4krare samh\u00e4lle - Framtidens karri\u00e4r IT &amp; Data\" \/>\n<meta property=\"og:description\" content=\"H\u00e4r jobbar medarbetarna i team med att utveckla olika IT-f\u00f6rm\u00e5gor som starkt bidrar till att f\u00f6rebygga och l\u00f6sa brott. Det \u00e4r viktigt att skaffa sig ett \u00f6vertag mot brottsligheten och d\u00e5 blir utveckling av nya IT-f\u00f6rm\u00e5gor avg\u00f6rande.\" \/>\n<meta property=\"og:url\" content=\"https:\/\/framtidenskarriar.se\/itdata\/2025\/02\/17\/avancerade-it-formagor-skapar-ett-sakrare-samhalle\/\" \/>\n<meta property=\"og:site_name\" content=\"Framtidens karri\u00e4r IT &amp; Data\" \/>\n<meta property=\"article:published_time\" content=\"2025-02-17T13:36:43+00:00\" \/>\n<meta property=\"article:modified_time\" content=\"2026-02-18T09:29:02+00:00\" \/>\n<meta property=\"og:image\" content=\"https:\/\/framtidenskarriar.se\/itdata\/wp-content\/uploads\/sites\/13\/2025\/02\/polisen-utvald.jpg\" \/>\n\t<meta property=\"og:image:width\" content=\"1000\" \/>\n\t<meta property=\"og:image:height\" content=\"563\" \/>\n\t<meta property=\"og:image:type\" content=\"image\/jpeg\" \/>\n<meta name=\"author\" content=\"viktorwallen\" \/>\n<meta name=\"twitter:card\" content=\"summary_large_image\" \/>\n<meta name=\"twitter:label1\" content=\"Skriven av\" \/>\n\t<meta name=\"twitter:data1\" content=\"viktorwallen\" \/>\n\t<meta name=\"twitter:label2\" content=\"Ber\u00e4knad l\u00e4stid\" \/>\n\t<meta name=\"twitter:data2\" content=\"5 minuter\" \/>\n<script type=\"application\/ld+json\" class=\"yoast-schema-graph\">{\"@context\":\"https:\\\/\\\/schema.org\",\"@graph\":[{\"@type\":\"Article\",\"@id\":\"https:\\\/\\\/framtidenskarriar.se\\\/itdata\\\/2025\\\/02\\\/17\\\/avancerade-it-formagor-skapar-ett-sakrare-samhalle\\\/#article\",\"isPartOf\":{\"@id\":\"https:\\\/\\\/framtidenskarriar.se\\\/itdata\\\/2025\\\/02\\\/17\\\/avancerade-it-formagor-skapar-ett-sakrare-samhalle\\\/\"},\"author\":{\"name\":\"viktorwallen\",\"@id\":\"https:\\\/\\\/framtidenskarriar.se\\\/itdata\\\/#\\\/schema\\\/person\\\/2a13a849ec7646386c2211f59afe3083\"},\"headline\":\"Avancerade IT-f\u00f6rm\u00e5gor skapar ett s\u00e4krare samh\u00e4lle\",\"datePublished\":\"2025-02-17T13:36:43+00:00\",\"dateModified\":\"2026-02-18T09:29:02+00:00\",\"mainEntityOfPage\":{\"@id\":\"https:\\\/\\\/framtidenskarriar.se\\\/itdata\\\/2025\\\/02\\\/17\\\/avancerade-it-formagor-skapar-ett-sakrare-samhalle\\\/\"},\"wordCount\":892,\"image\":{\"@id\":\"https:\\\/\\\/framtidenskarriar.se\\\/itdata\\\/2025\\\/02\\\/17\\\/avancerade-it-formagor-skapar-ett-sakrare-samhalle\\\/#primaryimage\"},\"thumbnailUrl\":\"https:\\\/\\\/framtidenskarriar.se\\\/itdata\\\/wp-content\\\/uploads\\\/sites\\\/13\\\/2025\\\/02\\\/polisen-utvald.jpg\",\"keywords\":[\"Polisen\"],\"articleSection\":[\"Presentation\"],\"inLanguage\":\"sv-SE\"},{\"@type\":\"WebPage\",\"@id\":\"https:\\\/\\\/framtidenskarriar.se\\\/itdata\\\/2025\\\/02\\\/17\\\/avancerade-it-formagor-skapar-ett-sakrare-samhalle\\\/\",\"url\":\"https:\\\/\\\/framtidenskarriar.se\\\/itdata\\\/2025\\\/02\\\/17\\\/avancerade-it-formagor-skapar-ett-sakrare-samhalle\\\/\",\"name\":\"Avancerade IT-f\u00f6rm\u00e5gor skapar ett s\u00e4krare samh\u00e4lle - Framtidens karri\u00e4r IT & Data\",\"isPartOf\":{\"@id\":\"https:\\\/\\\/framtidenskarriar.se\\\/itdata\\\/#website\"},\"primaryImageOfPage\":{\"@id\":\"https:\\\/\\\/framtidenskarriar.se\\\/itdata\\\/2025\\\/02\\\/17\\\/avancerade-it-formagor-skapar-ett-sakrare-samhalle\\\/#primaryimage\"},\"image\":{\"@id\":\"https:\\\/\\\/framtidenskarriar.se\\\/itdata\\\/2025\\\/02\\\/17\\\/avancerade-it-formagor-skapar-ett-sakrare-samhalle\\\/#primaryimage\"},\"thumbnailUrl\":\"https:\\\/\\\/framtidenskarriar.se\\\/itdata\\\/wp-content\\\/uploads\\\/sites\\\/13\\\/2025\\\/02\\\/polisen-utvald.jpg\",\"datePublished\":\"2025-02-17T13:36:43+00:00\",\"dateModified\":\"2026-02-18T09:29:02+00:00\",\"author\":{\"@id\":\"https:\\\/\\\/framtidenskarriar.se\\\/itdata\\\/#\\\/schema\\\/person\\\/2a13a849ec7646386c2211f59afe3083\"},\"breadcrumb\":{\"@id\":\"https:\\\/\\\/framtidenskarriar.se\\\/itdata\\\/2025\\\/02\\\/17\\\/avancerade-it-formagor-skapar-ett-sakrare-samhalle\\\/#breadcrumb\"},\"inLanguage\":\"sv-SE\",\"potentialAction\":[{\"@type\":\"ReadAction\",\"target\":[\"https:\\\/\\\/framtidenskarriar.se\\\/itdata\\\/2025\\\/02\\\/17\\\/avancerade-it-formagor-skapar-ett-sakrare-samhalle\\\/\"]}]},{\"@type\":\"ImageObject\",\"inLanguage\":\"sv-SE\",\"@id\":\"https:\\\/\\\/framtidenskarriar.se\\\/itdata\\\/2025\\\/02\\\/17\\\/avancerade-it-formagor-skapar-ett-sakrare-samhalle\\\/#primaryimage\",\"url\":\"https:\\\/\\\/framtidenskarriar.se\\\/itdata\\\/wp-content\\\/uploads\\\/sites\\\/13\\\/2025\\\/02\\\/polisen-utvald.jpg\",\"contentUrl\":\"https:\\\/\\\/framtidenskarriar.se\\\/itdata\\\/wp-content\\\/uploads\\\/sites\\\/13\\\/2025\\\/02\\\/polisen-utvald.jpg\",\"width\":1000,\"height\":563},{\"@type\":\"BreadcrumbList\",\"@id\":\"https:\\\/\\\/framtidenskarriar.se\\\/itdata\\\/2025\\\/02\\\/17\\\/avancerade-it-formagor-skapar-ett-sakrare-samhalle\\\/#breadcrumb\",\"itemListElement\":[{\"@type\":\"ListItem\",\"position\":1,\"name\":\"Home\",\"item\":\"https:\\\/\\\/framtidenskarriar.se\\\/itdata\\\/\"},{\"@type\":\"ListItem\",\"position\":2,\"name\":\"Avancerade IT-f\u00f6rm\u00e5gor skapar ett s\u00e4krare samh\u00e4lle\"}]},{\"@type\":\"WebSite\",\"@id\":\"https:\\\/\\\/framtidenskarriar.se\\\/itdata\\\/#website\",\"url\":\"https:\\\/\\\/framtidenskarriar.se\\\/itdata\\\/\",\"name\":\"Framtidens karri\u00e4r IT & Data\",\"description\":\"Just another NMDashboard.se Sites site\",\"potentialAction\":[{\"@type\":\"SearchAction\",\"target\":{\"@type\":\"EntryPoint\",\"urlTemplate\":\"https:\\\/\\\/framtidenskarriar.se\\\/itdata\\\/?s={search_term_string}\"},\"query-input\":{\"@type\":\"PropertyValueSpecification\",\"valueRequired\":true,\"valueName\":\"search_term_string\"}}],\"inLanguage\":\"sv-SE\"},{\"@type\":\"Person\",\"@id\":\"https:\\\/\\\/framtidenskarriar.se\\\/itdata\\\/#\\\/schema\\\/person\\\/2a13a849ec7646386c2211f59afe3083\",\"name\":\"viktorwallen\",\"image\":{\"@type\":\"ImageObject\",\"inLanguage\":\"sv-SE\",\"@id\":\"https:\\\/\\\/secure.gravatar.com\\\/avatar\\\/701701bd36169636031933997c8c6b954f2f635bbb7cd4802e4a007f9c9f4e59?s=96&d=mm&r=g\",\"url\":\"https:\\\/\\\/secure.gravatar.com\\\/avatar\\\/701701bd36169636031933997c8c6b954f2f635bbb7cd4802e4a007f9c9f4e59?s=96&d=mm&r=g\",\"contentUrl\":\"https:\\\/\\\/secure.gravatar.com\\\/avatar\\\/701701bd36169636031933997c8c6b954f2f635bbb7cd4802e4a007f9c9f4e59?s=96&d=mm&r=g\",\"caption\":\"viktorwallen\"},\"url\":\"https:\\\/\\\/framtidenskarriar.se\\\/itdata\\\/author\\\/viktorwallen\\\/\"}]}<\/script>\n<!-- \/ Yoast SEO plugin. -->","yoast_head_json":{"title":"Avancerade IT-f\u00f6rm\u00e5gor skapar ett s\u00e4krare samh\u00e4lle - Framtidens karri\u00e4r IT & Data","robots":{"index":"index","follow":"follow","max-snippet":"max-snippet:-1","max-image-preview":"max-image-preview:large","max-video-preview":"max-video-preview:-1"},"canonical":"https:\/\/framtidenskarriar.se\/itdata\/2025\/02\/17\/avancerade-it-formagor-skapar-ett-sakrare-samhalle\/","og_locale":"sv_SE","og_type":"article","og_title":"Avancerade IT-f\u00f6rm\u00e5gor skapar ett s\u00e4krare samh\u00e4lle - Framtidens karri\u00e4r IT & Data","og_description":"H\u00e4r jobbar medarbetarna i team med att utveckla olika IT-f\u00f6rm\u00e5gor som starkt bidrar till att f\u00f6rebygga och l\u00f6sa brott. Det \u00e4r viktigt att skaffa sig ett \u00f6vertag mot brottsligheten och d\u00e5 blir utveckling av nya IT-f\u00f6rm\u00e5gor avg\u00f6rande.","og_url":"https:\/\/framtidenskarriar.se\/itdata\/2025\/02\/17\/avancerade-it-formagor-skapar-ett-sakrare-samhalle\/","og_site_name":"Framtidens karri\u00e4r IT & Data","article_published_time":"2025-02-17T13:36:43+00:00","article_modified_time":"2026-02-18T09:29:02+00:00","og_image":[{"width":1000,"height":563,"url":"https:\/\/framtidenskarriar.se\/itdata\/wp-content\/uploads\/sites\/13\/2025\/02\/polisen-utvald.jpg","type":"image\/jpeg"}],"author":"viktorwallen","twitter_card":"summary_large_image","twitter_misc":{"Skriven av":"viktorwallen","Ber\u00e4knad l\u00e4stid":"5 minuter"},"schema":{"@context":"https:\/\/schema.org","@graph":[{"@type":"Article","@id":"https:\/\/framtidenskarriar.se\/itdata\/2025\/02\/17\/avancerade-it-formagor-skapar-ett-sakrare-samhalle\/#article","isPartOf":{"@id":"https:\/\/framtidenskarriar.se\/itdata\/2025\/02\/17\/avancerade-it-formagor-skapar-ett-sakrare-samhalle\/"},"author":{"name":"viktorwallen","@id":"https:\/\/framtidenskarriar.se\/itdata\/#\/schema\/person\/2a13a849ec7646386c2211f59afe3083"},"headline":"Avancerade IT-f\u00f6rm\u00e5gor skapar ett s\u00e4krare samh\u00e4lle","datePublished":"2025-02-17T13:36:43+00:00","dateModified":"2026-02-18T09:29:02+00:00","mainEntityOfPage":{"@id":"https:\/\/framtidenskarriar.se\/itdata\/2025\/02\/17\/avancerade-it-formagor-skapar-ett-sakrare-samhalle\/"},"wordCount":892,"image":{"@id":"https:\/\/framtidenskarriar.se\/itdata\/2025\/02\/17\/avancerade-it-formagor-skapar-ett-sakrare-samhalle\/#primaryimage"},"thumbnailUrl":"https:\/\/framtidenskarriar.se\/itdata\/wp-content\/uploads\/sites\/13\/2025\/02\/polisen-utvald.jpg","keywords":["Polisen"],"articleSection":["Presentation"],"inLanguage":"sv-SE"},{"@type":"WebPage","@id":"https:\/\/framtidenskarriar.se\/itdata\/2025\/02\/17\/avancerade-it-formagor-skapar-ett-sakrare-samhalle\/","url":"https:\/\/framtidenskarriar.se\/itdata\/2025\/02\/17\/avancerade-it-formagor-skapar-ett-sakrare-samhalle\/","name":"Avancerade IT-f\u00f6rm\u00e5gor skapar ett s\u00e4krare samh\u00e4lle - Framtidens karri\u00e4r IT & Data","isPartOf":{"@id":"https:\/\/framtidenskarriar.se\/itdata\/#website"},"primaryImageOfPage":{"@id":"https:\/\/framtidenskarriar.se\/itdata\/2025\/02\/17\/avancerade-it-formagor-skapar-ett-sakrare-samhalle\/#primaryimage"},"image":{"@id":"https:\/\/framtidenskarriar.se\/itdata\/2025\/02\/17\/avancerade-it-formagor-skapar-ett-sakrare-samhalle\/#primaryimage"},"thumbnailUrl":"https:\/\/framtidenskarriar.se\/itdata\/wp-content\/uploads\/sites\/13\/2025\/02\/polisen-utvald.jpg","datePublished":"2025-02-17T13:36:43+00:00","dateModified":"2026-02-18T09:29:02+00:00","author":{"@id":"https:\/\/framtidenskarriar.se\/itdata\/#\/schema\/person\/2a13a849ec7646386c2211f59afe3083"},"breadcrumb":{"@id":"https:\/\/framtidenskarriar.se\/itdata\/2025\/02\/17\/avancerade-it-formagor-skapar-ett-sakrare-samhalle\/#breadcrumb"},"inLanguage":"sv-SE","potentialAction":[{"@type":"ReadAction","target":["https:\/\/framtidenskarriar.se\/itdata\/2025\/02\/17\/avancerade-it-formagor-skapar-ett-sakrare-samhalle\/"]}]},{"@type":"ImageObject","inLanguage":"sv-SE","@id":"https:\/\/framtidenskarriar.se\/itdata\/2025\/02\/17\/avancerade-it-formagor-skapar-ett-sakrare-samhalle\/#primaryimage","url":"https:\/\/framtidenskarriar.se\/itdata\/wp-content\/uploads\/sites\/13\/2025\/02\/polisen-utvald.jpg","contentUrl":"https:\/\/framtidenskarriar.se\/itdata\/wp-content\/uploads\/sites\/13\/2025\/02\/polisen-utvald.jpg","width":1000,"height":563},{"@type":"BreadcrumbList","@id":"https:\/\/framtidenskarriar.se\/itdata\/2025\/02\/17\/avancerade-it-formagor-skapar-ett-sakrare-samhalle\/#breadcrumb","itemListElement":[{"@type":"ListItem","position":1,"name":"Home","item":"https:\/\/framtidenskarriar.se\/itdata\/"},{"@type":"ListItem","position":2,"name":"Avancerade IT-f\u00f6rm\u00e5gor skapar ett s\u00e4krare samh\u00e4lle"}]},{"@type":"WebSite","@id":"https:\/\/framtidenskarriar.se\/itdata\/#website","url":"https:\/\/framtidenskarriar.se\/itdata\/","name":"Framtidens karri\u00e4r IT & Data","description":"Just another NMDashboard.se Sites site","potentialAction":[{"@type":"SearchAction","target":{"@type":"EntryPoint","urlTemplate":"https:\/\/framtidenskarriar.se\/itdata\/?s={search_term_string}"},"query-input":{"@type":"PropertyValueSpecification","valueRequired":true,"valueName":"search_term_string"}}],"inLanguage":"sv-SE"},{"@type":"Person","@id":"https:\/\/framtidenskarriar.se\/itdata\/#\/schema\/person\/2a13a849ec7646386c2211f59afe3083","name":"viktorwallen","image":{"@type":"ImageObject","inLanguage":"sv-SE","@id":"https:\/\/secure.gravatar.com\/avatar\/701701bd36169636031933997c8c6b954f2f635bbb7cd4802e4a007f9c9f4e59?s=96&d=mm&r=g","url":"https:\/\/secure.gravatar.com\/avatar\/701701bd36169636031933997c8c6b954f2f635bbb7cd4802e4a007f9c9f4e59?s=96&d=mm&r=g","contentUrl":"https:\/\/secure.gravatar.com\/avatar\/701701bd36169636031933997c8c6b954f2f635bbb7cd4802e4a007f9c9f4e59?s=96&d=mm&r=g","caption":"viktorwallen"},"url":"https:\/\/framtidenskarriar.se\/itdata\/author\/viktorwallen\/"}]}},"_links":{"self":[{"href":"https:\/\/framtidenskarriar.se\/itdata\/wp-json\/wp\/v2\/posts\/8652","targetHints":{"allow":["GET"]}}],"collection":[{"href":"https:\/\/framtidenskarriar.se\/itdata\/wp-json\/wp\/v2\/posts"}],"about":[{"href":"https:\/\/framtidenskarriar.se\/itdata\/wp-json\/wp\/v2\/types\/post"}],"author":[{"embeddable":true,"href":"https:\/\/framtidenskarriar.se\/itdata\/wp-json\/wp\/v2\/users\/2"}],"replies":[{"embeddable":true,"href":"https:\/\/framtidenskarriar.se\/itdata\/wp-json\/wp\/v2\/comments?post=8652"}],"version-history":[{"count":6,"href":"https:\/\/framtidenskarriar.se\/itdata\/wp-json\/wp\/v2\/posts\/8652\/revisions"}],"predecessor-version":[{"id":9025,"href":"https:\/\/framtidenskarriar.se\/itdata\/wp-json\/wp\/v2\/posts\/8652\/revisions\/9025"}],"wp:featuredmedia":[{"embeddable":true,"href":"https:\/\/framtidenskarriar.se\/itdata\/wp-json\/wp\/v2\/media\/8757"}],"wp:attachment":[{"href":"https:\/\/framtidenskarriar.se\/itdata\/wp-json\/wp\/v2\/media?parent=8652"}],"wp:term":[{"taxonomy":"category","embeddable":true,"href":"https:\/\/framtidenskarriar.se\/itdata\/wp-json\/wp\/v2\/categories?post=8652"},{"taxonomy":"post_tag","embeddable":true,"href":"https:\/\/framtidenskarriar.se\/itdata\/wp-json\/wp\/v2\/tags?post=8652"}],"curies":[{"name":"wp","href":"https:\/\/api.w.org\/{rel}","templated":true}]}}