{"id":8690,"date":"2025-02-17T13:20:48","date_gmt":"2025-02-17T13:20:48","guid":{"rendered":"https:\/\/framtidenskarriar.se\/itdata\/?p=8690"},"modified":"2026-02-18T09:29:59","modified_gmt":"2026-02-18T09:29:59","slug":"ett-it-jobb-i-samhallsutvecklingens-centrum","status":"publish","type":"post","link":"https:\/\/framtidenskarriar.se\/itdata\/2025\/02\/17\/ett-it-jobb-i-samhallsutvecklingens-centrum\/","title":{"rendered":"Ett IT-jobb i samh\u00e4llsutvecklingens centrum"},"content":{"rendered":"\n<figure class=\"wp-block-image size-full\"><img loading=\"lazy\" decoding=\"async\" width=\"1000\" height=\"563\" src=\"https:\/\/framtidenskarriar.se\/itdata\/wp-content\/uploads\/sites\/13\/2025\/02\/regeringskansliet-3.jpg\" alt=\"Niklas Bj\u00f6rk, teknisk systemf\u00f6rvaltare och Linda Nystr\u00f6m, f\u00f6rvaltningsledare IT, p\u00e5 Regeringskansliets IT-avdelning. Foto: Johan Marklund\" class=\"wp-image-8693\" srcset=\"https:\/\/framtidenskarriar.se\/itdata\/wp-content\/uploads\/sites\/13\/2025\/02\/regeringskansliet-3.jpg 1000w, https:\/\/framtidenskarriar.se\/itdata\/wp-content\/uploads\/sites\/13\/2025\/02\/regeringskansliet-3-300x169.jpg 300w, https:\/\/framtidenskarriar.se\/itdata\/wp-content\/uploads\/sites\/13\/2025\/02\/regeringskansliet-3-768x432.jpg 768w, https:\/\/framtidenskarriar.se\/itdata\/wp-content\/uploads\/sites\/13\/2025\/02\/regeringskansliet-3-284x160.jpg 284w, https:\/\/framtidenskarriar.se\/itdata\/wp-content\/uploads\/sites\/13\/2025\/02\/regeringskansliet-3-80x45.jpg 80w, https:\/\/framtidenskarriar.se\/itdata\/wp-content\/uploads\/sites\/13\/2025\/02\/regeringskansliet-3-720x405.jpg 720w, https:\/\/framtidenskarriar.se\/itdata\/wp-content\/uploads\/sites\/13\/2025\/02\/regeringskansliet-3-960x540.jpg 960w, https:\/\/framtidenskarriar.se\/itdata\/wp-content\/uploads\/sites\/13\/2025\/02\/regeringskansliet-3-526x296.jpg 526w\" sizes=\"auto, (max-width: 1000px) 100vw, 1000px\" \/><figcaption class=\"wp-element-caption\">Niklas Bj\u00f6rk, teknisk systemf\u00f6rvaltare och Linda Nystr\u00f6m, f\u00f6rvaltningsledare IT, p\u00e5 Regeringskansliets IT-avdelning. Foto: Johan Marklund<\/figcaption><\/figure>\n\n\n\n<p><strong>\u2013 Det b\u00e4sta med mitt jobb \u00e4r att varje dag \u00e4r en ny utmaning, att bidra till samh\u00e4llsutvecklingen och vara en del av n\u00e5got st\u00f6rre. Hos oss \u00e4r arbetsdagen Sveriges morgondag, s\u00e4ger Linda Nystr\u00f6m, f\u00f6rvaltningsledare IT p\u00e5 Regeringskansliet.<\/strong><\/p>\n\n\n\n<p>P\u00e5 Regeringskansliets Digitaliseringsavdelning finns en m\u00e5ngfald av erfarenheter och kompetenser.<br>B\u00e5de Linda Nystr\u00f6m, f\u00f6rvaltningsledare IT och Niklas Bj\u00f6rk, teknisk systemf\u00f6rvaltare, har en bakgrund som skiljer sig lite fr\u00e5n den typiska IT-medarbetaren. Deras breda erfarenheter g\u00f6r dem till viktiga kuggar i IT-maskineriet. Linda, som har en magisterexamen i f\u00f6retagsekonomi, en bakgrund som flygledare och \u00f6ver tio \u00e5rs erfarenhet av systemf\u00f6rvaltning i olika roller, ser sin yrkesroll som ett nav d\u00e4r tekniksidan m\u00f6ter verksamhetens behov.<br>\u2013 Jag gillar att vara spindeln i n\u00e4tet och att kommunicera med b\u00e5de tekniksida och verksamhet. Det g\u00e4ller att h\u00e5lla m\u00e5nga bollar i luften samtidigt och vara en brygga mellan olika perspektiv.<br>Niklas b\u00f6rjade sin resa inom IT redan 1996 och har varit en del av Regeringskansliet sedan 2007.<br>\u2013 Som tekniskt intresserad utmanas jag av komplexiteten i v\u00e5r IT-milj\u00f6 och att vara med och bidra till samh\u00e4llsnyttan.<br>Linda beskriver Regeringskansliets IT-enheter som en dr\u00f6marbetsplats.<br>\u2013 Det \u00e4r sp\u00e4nnande att vara en del av en plats d\u00e4r politik och samh\u00e4llsfr\u00e5gor st\u00e5r i centrum och att det jag ser p\u00e5 nyheterna p\u00e5 fredagen sannolikt kommer att p\u00e5verka min m\u00e5ndag.<\/p>\n\n\n\n<p class=\"has-color-white-01-color has-text-color has-background has-link-color wp-elements-7b5a3cb3e901eb906ffbedd60a82fb68\" style=\"background-color:#003148\"><strong><a href=\"https:\/\/www.regeringen.se\/jobba-hos-oss\/lediga-jobb\/\" title=\"Regeringskansliet VT25 pres jobb\" target=\"_blank\" rel=\"noreferrer noopener nofollow\">Jobba hos oss. <span style=\"text-decoration: underline;\">Klicka h\u00e4r f\u00f6r att se v\u00e5ra lediga tj\u00e4nster<\/span><\/a><\/strong><\/p>\n\n\n\n<p><strong>S\u00e4kerhet \u00e4r allt<\/strong><br>En r\u00f6d tr\u00e5d genom allt arbete p\u00e5 Regeringskansliets IT-enheter \u00e4r s\u00e4kerhet \u2013 b\u00e5de intern och extern. Linda understryker att det \u00e4r en konstant prioritering att h\u00e5lla systemen s\u00e4kra och att varje f\u00f6r\u00e4ndring eller nytt system g\u00e5r igenom noggranna s\u00e4kerhetskontroller.<br>\u2013 Vi har ett n\u00e4ra samarbete med v\u00e5r s\u00e4kerhetsavdelning. Det g\u00f6rs inga f\u00f6r\u00e4ndringar utan att de \u00e4r involverade.<br>Niklas p\u00e5pekar att \u00e4ven r\u00e4ttss\u00e4kerheten spelar en stor roll i deras arbete. Offentlighetsprincipen och andra lagar som styr hur information hanteras \u00e4r st\u00e4ndigt n\u00e4rvarande.<br>\u2013 Vi m\u00e5ste hela tiden se till att v\u00e5ra l\u00f6sningar \u00e4r IT-, informations- och r\u00e4ttss\u00e4kra. Under senare \u00e5r har det ocks\u00e5 varit stort fokus p\u00e5 att f\u00f6rbereda IT-strukturen inf\u00f6r Sveriges intr\u00e4de i NATO vilket bland annat har inneburit anpassning av system och s\u00e4kerhet till nya krav.<\/p>\n\n\n\n<p><strong>Utvecklingsm\u00f6jligheter<\/strong><br>En stor f\u00f6rdel med att jobba p\u00e5 Digitaliseringsavdelningen \u00e4r de utvecklingsm\u00f6jligheter som erbjuds i form av b\u00e5de interna och externa kurser. Det finns \u00e4ven m\u00f6jlighet att rotera mellan de olika IT-enheterna.<br>\u2013 Vi uppmuntras att testa nya saker. Att jobba p\u00e5 Regeringskansliet ger goda m\u00f6jligheter till att bygga p\u00e5 sin kompetens b\u00e5de djupt och brett, s\u00e4ger Niklas.<br>Linda ser stora m\u00f6jligheter f\u00f6r den som vill bredda sina kunskaper, s\u00e4rskilt n\u00e4r det g\u00e4ller moderna teknologier som AI och digitalisering i stort.<br>\u2013 Vi har en ny digitaliseringsstrategi som togs fram i h\u00f6stas som ska fungera som ledstj\u00e4rna f\u00f6r utvecklingen p\u00e5 IT-sidan. Verksamheten \u00e4r p\u00e5 v\u00e4g in i en helt ny IT-era och det \u00e4r sp\u00e4nnande att vara en del av den resan.<\/p>\n\n\n\n<p><strong>M\u00e5nga karri\u00e4rv\u00e4gar<\/strong><br>B\u00e5de Linda och Niklas rekommenderar g\u00e4rna andra med intresse f\u00f6r IT och samh\u00e4llsfr\u00e5gor att s\u00f6ka sig till Regeringskansliets IT-enheter.<br>\u2013 Det \u00e4r roligt att vara med i h\u00e4ndelsernas centrum och vi har fantastiska kollegor d\u00e4r alla bara \u00e4r en fr\u00e5ga bort, s\u00e4ger Linda.<br>Niklas h\u00e5ller med och p\u00e5pekar \u00e4ven m\u00f6jligheten till utlandstj\u00e4nstg\u00f6ring.<br>\u2013 Vi har ansvar f\u00f6r f\u00f6rvaltningen av alla utlandsmyndigheter och mycket kontakt med Bryssel, d\u00e4r b\u00e5de NATO och EU huserar. F\u00f6r oss p\u00e5 IT-sidan ger det stora m\u00f6jligheter att g\u00f6ra roliga saker, b\u00e5de h\u00e4r och utomlands. Jag trivs v\u00e4ldigt bra och har f\u00e5tt v\u00e4xa i min roll under alla dessa \u00e5r.<br>\u2013 Ja, avslutar Linda, f\u00f6r den som vill arbeta med IT i en st\u00e4ndigt utvecklande milj\u00f6 med fokus p\u00e5 samh\u00e4llsnytta och s\u00e4kerhet \u00e4r Regeringskansliet helt klart en arbetsplats att satsa p\u00e5.<\/p>\n\n\n\n<p class=\"has-color-white-01-color has-text-color has-background has-link-color wp-elements-7b5a3cb3e901eb906ffbedd60a82fb68\" style=\"background-color:#003148\"><strong><a href=\"https:\/\/www.regeringen.se\/jobba-hos-oss\/lediga-jobb\/\" title=\"Regeringskansliet VT25 pres jobb\" target=\"_blank\" rel=\"noreferrer noopener nofollow\">Jobba hos oss. <span style=\"text-decoration: underline;\">Klicka h\u00e4r f\u00f6r att se v\u00e5ra lediga tj\u00e4nster<\/span><\/a><\/strong><\/p>\n\n\n\n<div class=\"wp-block-group\"><div class=\"wp-block-group__inner-container is-layout-constrained wp-block-group-is-layout-constrained\">\n<div class=\"wp-block-group faktaruta\"><div class=\"wp-block-group__inner-container is-layout-constrained wp-block-group-is-layout-constrained\">\n<h6 class=\"wp-block-heading\">Regeringskansliet<\/h6>\n\n\n\n<p>IT-verksamheten inom Regeringskansliet har en global verksamhet med h\u00f6gt samh\u00e4llsv\u00e4rde som p\u00e5verkas av och agerar p\u00e5 omv\u00e4rldsh\u00e4ndelser. H\u00e4r arbetar du i en komplex IT-milj\u00f6 med h\u00f6gt st\u00e4llda s\u00e4kerhets- och kontinuitetskrav. Du f\u00e5r inblick och f\u00f6rst\u00e5else f\u00f6r politikers vardag f\u00f6r att kunna f\u00f6renkla deras arbete och ge dem b\u00e4ttre f\u00f6ruts\u00e4ttningar att f\u00f6rverkliga regeringens politik.<br><br><strong><a href=\"https:\/\/regeringen.se\/\" title=\"Regeringskansliet VT25 pres textlink\" target=\"_blank\" rel=\"noreferrer noopener nofollow\">regeringen.se<\/a><\/strong><br><br><a href=\"https:\/\/regeringen.se\/\" title=\"Regeringskansliet VT25 pres logotype\" target=\"_blank\" rel=\"noreferrer noopener nofollow\"><img loading=\"lazy\" decoding=\"async\" width=\"200\" height=\"57\" class=\"wp-image-8691\" style=\"width: 200px;\" src=\"https:\/\/framtidenskarriar.se\/itdata\/wp-content\/uploads\/sites\/13\/2025\/02\/regeringskansliet-rk-logo-sv-cmyk-c.png\" alt=\"\" srcset=\"https:\/\/framtidenskarriar.se\/itdata\/wp-content\/uploads\/sites\/13\/2025\/02\/regeringskansliet-rk-logo-sv-cmyk-c.png 500w, https:\/\/framtidenskarriar.se\/itdata\/wp-content\/uploads\/sites\/13\/2025\/02\/regeringskansliet-rk-logo-sv-cmyk-c-300x85.png 300w\" sizes=\"auto, (max-width: 200px) 100vw, 200px\" \/><\/a><\/p>\n<\/div><\/div>\n<\/div><\/div>\n\n\n\n<p><\/p>\n","protected":false},"excerpt":{"rendered":"<p>P\u00e5 Regeringskansliet finns en m\u00e5ngfald av erfarenheter och kompetenser.<\/p>\n","protected":false},"author":2,"featured_media":8693,"comment_status":"closed","ping_status":"closed","sticky":false,"template":"","format":"standard","meta":{"_acf_changed":false,"_monsterinsights_skip_tracking":false,"_monsterinsights_sitenote_active":false,"_monsterinsights_sitenote_note":"","_monsterinsights_sitenote_category":0,"footnotes":""},"categories":[9],"tags":[367],"class_list":["post-8690","post","type-post","status-publish","format-standard","has-post-thumbnail","hentry","category-presentation","tag-regeringskansliet"],"acf":[],"yoast_head":"<!-- This site is optimized with the Yoast SEO plugin v27.3 - https:\/\/yoast.com\/product\/yoast-seo-wordpress\/ -->\n<title>Ett IT-jobb i samh\u00e4llsutvecklingens centrum - Framtidens karri\u00e4r IT &amp; Data<\/title>\n<meta name=\"robots\" content=\"index, follow, max-snippet:-1, max-image-preview:large, max-video-preview:-1\" \/>\n<link rel=\"canonical\" href=\"https:\/\/framtidenskarriar.se\/itdata\/2025\/02\/17\/ett-it-jobb-i-samhallsutvecklingens-centrum\/\" \/>\n<meta property=\"og:locale\" content=\"sv_SE\" \/>\n<meta property=\"og:type\" content=\"article\" \/>\n<meta property=\"og:title\" content=\"Ett IT-jobb i samh\u00e4llsutvecklingens centrum - Framtidens karri\u00e4r IT &amp; Data\" \/>\n<meta property=\"og:description\" content=\"P\u00e5 Regeringskansliet finns en m\u00e5ngfald av erfarenheter och kompetenser.\" \/>\n<meta property=\"og:url\" content=\"https:\/\/framtidenskarriar.se\/itdata\/2025\/02\/17\/ett-it-jobb-i-samhallsutvecklingens-centrum\/\" \/>\n<meta property=\"og:site_name\" content=\"Framtidens karri\u00e4r IT &amp; Data\" \/>\n<meta property=\"article:published_time\" content=\"2025-02-17T13:20:48+00:00\" \/>\n<meta property=\"article:modified_time\" content=\"2026-02-18T09:29:59+00:00\" \/>\n<meta property=\"og:image\" content=\"https:\/\/framtidenskarriar.se\/itdata\/wp-content\/uploads\/sites\/13\/2025\/02\/regeringskansliet-3.jpg\" \/>\n\t<meta property=\"og:image:width\" content=\"1000\" \/>\n\t<meta property=\"og:image:height\" content=\"563\" \/>\n\t<meta property=\"og:image:type\" content=\"image\/jpeg\" \/>\n<meta name=\"author\" content=\"viktorwallen\" \/>\n<meta name=\"twitter:card\" content=\"summary_large_image\" \/>\n<meta name=\"twitter:label1\" content=\"Skriven av\" \/>\n\t<meta name=\"twitter:data1\" content=\"viktorwallen\" \/>\n\t<meta name=\"twitter:label2\" content=\"Ber\u00e4knad l\u00e4stid\" \/>\n\t<meta name=\"twitter:data2\" content=\"5 minuter\" \/>\n<script type=\"application\/ld+json\" class=\"yoast-schema-graph\">{\"@context\":\"https:\\\/\\\/schema.org\",\"@graph\":[{\"@type\":\"Article\",\"@id\":\"https:\\\/\\\/framtidenskarriar.se\\\/itdata\\\/2025\\\/02\\\/17\\\/ett-it-jobb-i-samhallsutvecklingens-centrum\\\/#article\",\"isPartOf\":{\"@id\":\"https:\\\/\\\/framtidenskarriar.se\\\/itdata\\\/2025\\\/02\\\/17\\\/ett-it-jobb-i-samhallsutvecklingens-centrum\\\/\"},\"author\":{\"name\":\"viktorwallen\",\"@id\":\"https:\\\/\\\/framtidenskarriar.se\\\/itdata\\\/#\\\/schema\\\/person\\\/2a13a849ec7646386c2211f59afe3083\"},\"headline\":\"Ett IT-jobb i samh\u00e4llsutvecklingens centrum\",\"datePublished\":\"2025-02-17T13:20:48+00:00\",\"dateModified\":\"2026-02-18T09:29:59+00:00\",\"mainEntityOfPage\":{\"@id\":\"https:\\\/\\\/framtidenskarriar.se\\\/itdata\\\/2025\\\/02\\\/17\\\/ett-it-jobb-i-samhallsutvecklingens-centrum\\\/\"},\"wordCount\":842,\"image\":{\"@id\":\"https:\\\/\\\/framtidenskarriar.se\\\/itdata\\\/2025\\\/02\\\/17\\\/ett-it-jobb-i-samhallsutvecklingens-centrum\\\/#primaryimage\"},\"thumbnailUrl\":\"https:\\\/\\\/framtidenskarriar.se\\\/itdata\\\/wp-content\\\/uploads\\\/sites\\\/13\\\/2025\\\/02\\\/regeringskansliet-3.jpg\",\"keywords\":[\"Regeringskansliet\"],\"articleSection\":[\"Presentation\"],\"inLanguage\":\"sv-SE\"},{\"@type\":\"WebPage\",\"@id\":\"https:\\\/\\\/framtidenskarriar.se\\\/itdata\\\/2025\\\/02\\\/17\\\/ett-it-jobb-i-samhallsutvecklingens-centrum\\\/\",\"url\":\"https:\\\/\\\/framtidenskarriar.se\\\/itdata\\\/2025\\\/02\\\/17\\\/ett-it-jobb-i-samhallsutvecklingens-centrum\\\/\",\"name\":\"Ett IT-jobb i samh\u00e4llsutvecklingens centrum - Framtidens karri\u00e4r IT & Data\",\"isPartOf\":{\"@id\":\"https:\\\/\\\/framtidenskarriar.se\\\/itdata\\\/#website\"},\"primaryImageOfPage\":{\"@id\":\"https:\\\/\\\/framtidenskarriar.se\\\/itdata\\\/2025\\\/02\\\/17\\\/ett-it-jobb-i-samhallsutvecklingens-centrum\\\/#primaryimage\"},\"image\":{\"@id\":\"https:\\\/\\\/framtidenskarriar.se\\\/itdata\\\/2025\\\/02\\\/17\\\/ett-it-jobb-i-samhallsutvecklingens-centrum\\\/#primaryimage\"},\"thumbnailUrl\":\"https:\\\/\\\/framtidenskarriar.se\\\/itdata\\\/wp-content\\\/uploads\\\/sites\\\/13\\\/2025\\\/02\\\/regeringskansliet-3.jpg\",\"datePublished\":\"2025-02-17T13:20:48+00:00\",\"dateModified\":\"2026-02-18T09:29:59+00:00\",\"author\":{\"@id\":\"https:\\\/\\\/framtidenskarriar.se\\\/itdata\\\/#\\\/schema\\\/person\\\/2a13a849ec7646386c2211f59afe3083\"},\"breadcrumb\":{\"@id\":\"https:\\\/\\\/framtidenskarriar.se\\\/itdata\\\/2025\\\/02\\\/17\\\/ett-it-jobb-i-samhallsutvecklingens-centrum\\\/#breadcrumb\"},\"inLanguage\":\"sv-SE\",\"potentialAction\":[{\"@type\":\"ReadAction\",\"target\":[\"https:\\\/\\\/framtidenskarriar.se\\\/itdata\\\/2025\\\/02\\\/17\\\/ett-it-jobb-i-samhallsutvecklingens-centrum\\\/\"]}]},{\"@type\":\"ImageObject\",\"inLanguage\":\"sv-SE\",\"@id\":\"https:\\\/\\\/framtidenskarriar.se\\\/itdata\\\/2025\\\/02\\\/17\\\/ett-it-jobb-i-samhallsutvecklingens-centrum\\\/#primaryimage\",\"url\":\"https:\\\/\\\/framtidenskarriar.se\\\/itdata\\\/wp-content\\\/uploads\\\/sites\\\/13\\\/2025\\\/02\\\/regeringskansliet-3.jpg\",\"contentUrl\":\"https:\\\/\\\/framtidenskarriar.se\\\/itdata\\\/wp-content\\\/uploads\\\/sites\\\/13\\\/2025\\\/02\\\/regeringskansliet-3.jpg\",\"width\":1000,\"height\":563,\"caption\":\"Niklas Bj\u00f6rk, teknisk systemf\u00f6rvaltare och Linda Nystr\u00f6m, f\u00f6rvaltningsledare IT, p\u00e5 Regeringskansliets IT-avdelning. Foto: Johan Marklund\"},{\"@type\":\"BreadcrumbList\",\"@id\":\"https:\\\/\\\/framtidenskarriar.se\\\/itdata\\\/2025\\\/02\\\/17\\\/ett-it-jobb-i-samhallsutvecklingens-centrum\\\/#breadcrumb\",\"itemListElement\":[{\"@type\":\"ListItem\",\"position\":1,\"name\":\"Home\",\"item\":\"https:\\\/\\\/framtidenskarriar.se\\\/itdata\\\/\"},{\"@type\":\"ListItem\",\"position\":2,\"name\":\"Ett IT-jobb i samh\u00e4llsutvecklingens centrum\"}]},{\"@type\":\"WebSite\",\"@id\":\"https:\\\/\\\/framtidenskarriar.se\\\/itdata\\\/#website\",\"url\":\"https:\\\/\\\/framtidenskarriar.se\\\/itdata\\\/\",\"name\":\"Framtidens karri\u00e4r IT & Data\",\"description\":\"Just another NMDashboard.se Sites site\",\"potentialAction\":[{\"@type\":\"SearchAction\",\"target\":{\"@type\":\"EntryPoint\",\"urlTemplate\":\"https:\\\/\\\/framtidenskarriar.se\\\/itdata\\\/?s={search_term_string}\"},\"query-input\":{\"@type\":\"PropertyValueSpecification\",\"valueRequired\":true,\"valueName\":\"search_term_string\"}}],\"inLanguage\":\"sv-SE\"},{\"@type\":\"Person\",\"@id\":\"https:\\\/\\\/framtidenskarriar.se\\\/itdata\\\/#\\\/schema\\\/person\\\/2a13a849ec7646386c2211f59afe3083\",\"name\":\"viktorwallen\",\"image\":{\"@type\":\"ImageObject\",\"inLanguage\":\"sv-SE\",\"@id\":\"https:\\\/\\\/secure.gravatar.com\\\/avatar\\\/701701bd36169636031933997c8c6b954f2f635bbb7cd4802e4a007f9c9f4e59?s=96&d=mm&r=g\",\"url\":\"https:\\\/\\\/secure.gravatar.com\\\/avatar\\\/701701bd36169636031933997c8c6b954f2f635bbb7cd4802e4a007f9c9f4e59?s=96&d=mm&r=g\",\"contentUrl\":\"https:\\\/\\\/secure.gravatar.com\\\/avatar\\\/701701bd36169636031933997c8c6b954f2f635bbb7cd4802e4a007f9c9f4e59?s=96&d=mm&r=g\",\"caption\":\"viktorwallen\"},\"url\":\"https:\\\/\\\/framtidenskarriar.se\\\/itdata\\\/author\\\/viktorwallen\\\/\"}]}<\/script>\n<!-- \/ Yoast SEO plugin. -->","yoast_head_json":{"title":"Ett IT-jobb i samh\u00e4llsutvecklingens centrum - Framtidens karri\u00e4r IT & Data","robots":{"index":"index","follow":"follow","max-snippet":"max-snippet:-1","max-image-preview":"max-image-preview:large","max-video-preview":"max-video-preview:-1"},"canonical":"https:\/\/framtidenskarriar.se\/itdata\/2025\/02\/17\/ett-it-jobb-i-samhallsutvecklingens-centrum\/","og_locale":"sv_SE","og_type":"article","og_title":"Ett IT-jobb i samh\u00e4llsutvecklingens centrum - Framtidens karri\u00e4r IT & Data","og_description":"P\u00e5 Regeringskansliet finns en m\u00e5ngfald av erfarenheter och kompetenser.","og_url":"https:\/\/framtidenskarriar.se\/itdata\/2025\/02\/17\/ett-it-jobb-i-samhallsutvecklingens-centrum\/","og_site_name":"Framtidens karri\u00e4r IT & Data","article_published_time":"2025-02-17T13:20:48+00:00","article_modified_time":"2026-02-18T09:29:59+00:00","og_image":[{"width":1000,"height":563,"url":"https:\/\/framtidenskarriar.se\/itdata\/wp-content\/uploads\/sites\/13\/2025\/02\/regeringskansliet-3.jpg","type":"image\/jpeg"}],"author":"viktorwallen","twitter_card":"summary_large_image","twitter_misc":{"Skriven av":"viktorwallen","Ber\u00e4knad l\u00e4stid":"5 minuter"},"schema":{"@context":"https:\/\/schema.org","@graph":[{"@type":"Article","@id":"https:\/\/framtidenskarriar.se\/itdata\/2025\/02\/17\/ett-it-jobb-i-samhallsutvecklingens-centrum\/#article","isPartOf":{"@id":"https:\/\/framtidenskarriar.se\/itdata\/2025\/02\/17\/ett-it-jobb-i-samhallsutvecklingens-centrum\/"},"author":{"name":"viktorwallen","@id":"https:\/\/framtidenskarriar.se\/itdata\/#\/schema\/person\/2a13a849ec7646386c2211f59afe3083"},"headline":"Ett IT-jobb i samh\u00e4llsutvecklingens centrum","datePublished":"2025-02-17T13:20:48+00:00","dateModified":"2026-02-18T09:29:59+00:00","mainEntityOfPage":{"@id":"https:\/\/framtidenskarriar.se\/itdata\/2025\/02\/17\/ett-it-jobb-i-samhallsutvecklingens-centrum\/"},"wordCount":842,"image":{"@id":"https:\/\/framtidenskarriar.se\/itdata\/2025\/02\/17\/ett-it-jobb-i-samhallsutvecklingens-centrum\/#primaryimage"},"thumbnailUrl":"https:\/\/framtidenskarriar.se\/itdata\/wp-content\/uploads\/sites\/13\/2025\/02\/regeringskansliet-3.jpg","keywords":["Regeringskansliet"],"articleSection":["Presentation"],"inLanguage":"sv-SE"},{"@type":"WebPage","@id":"https:\/\/framtidenskarriar.se\/itdata\/2025\/02\/17\/ett-it-jobb-i-samhallsutvecklingens-centrum\/","url":"https:\/\/framtidenskarriar.se\/itdata\/2025\/02\/17\/ett-it-jobb-i-samhallsutvecklingens-centrum\/","name":"Ett IT-jobb i samh\u00e4llsutvecklingens centrum - Framtidens karri\u00e4r IT & Data","isPartOf":{"@id":"https:\/\/framtidenskarriar.se\/itdata\/#website"},"primaryImageOfPage":{"@id":"https:\/\/framtidenskarriar.se\/itdata\/2025\/02\/17\/ett-it-jobb-i-samhallsutvecklingens-centrum\/#primaryimage"},"image":{"@id":"https:\/\/framtidenskarriar.se\/itdata\/2025\/02\/17\/ett-it-jobb-i-samhallsutvecklingens-centrum\/#primaryimage"},"thumbnailUrl":"https:\/\/framtidenskarriar.se\/itdata\/wp-content\/uploads\/sites\/13\/2025\/02\/regeringskansliet-3.jpg","datePublished":"2025-02-17T13:20:48+00:00","dateModified":"2026-02-18T09:29:59+00:00","author":{"@id":"https:\/\/framtidenskarriar.se\/itdata\/#\/schema\/person\/2a13a849ec7646386c2211f59afe3083"},"breadcrumb":{"@id":"https:\/\/framtidenskarriar.se\/itdata\/2025\/02\/17\/ett-it-jobb-i-samhallsutvecklingens-centrum\/#breadcrumb"},"inLanguage":"sv-SE","potentialAction":[{"@type":"ReadAction","target":["https:\/\/framtidenskarriar.se\/itdata\/2025\/02\/17\/ett-it-jobb-i-samhallsutvecklingens-centrum\/"]}]},{"@type":"ImageObject","inLanguage":"sv-SE","@id":"https:\/\/framtidenskarriar.se\/itdata\/2025\/02\/17\/ett-it-jobb-i-samhallsutvecklingens-centrum\/#primaryimage","url":"https:\/\/framtidenskarriar.se\/itdata\/wp-content\/uploads\/sites\/13\/2025\/02\/regeringskansliet-3.jpg","contentUrl":"https:\/\/framtidenskarriar.se\/itdata\/wp-content\/uploads\/sites\/13\/2025\/02\/regeringskansliet-3.jpg","width":1000,"height":563,"caption":"Niklas Bj\u00f6rk, teknisk systemf\u00f6rvaltare och Linda Nystr\u00f6m, f\u00f6rvaltningsledare IT, p\u00e5 Regeringskansliets IT-avdelning. Foto: Johan Marklund"},{"@type":"BreadcrumbList","@id":"https:\/\/framtidenskarriar.se\/itdata\/2025\/02\/17\/ett-it-jobb-i-samhallsutvecklingens-centrum\/#breadcrumb","itemListElement":[{"@type":"ListItem","position":1,"name":"Home","item":"https:\/\/framtidenskarriar.se\/itdata\/"},{"@type":"ListItem","position":2,"name":"Ett IT-jobb i samh\u00e4llsutvecklingens centrum"}]},{"@type":"WebSite","@id":"https:\/\/framtidenskarriar.se\/itdata\/#website","url":"https:\/\/framtidenskarriar.se\/itdata\/","name":"Framtidens karri\u00e4r IT & Data","description":"Just another NMDashboard.se Sites site","potentialAction":[{"@type":"SearchAction","target":{"@type":"EntryPoint","urlTemplate":"https:\/\/framtidenskarriar.se\/itdata\/?s={search_term_string}"},"query-input":{"@type":"PropertyValueSpecification","valueRequired":true,"valueName":"search_term_string"}}],"inLanguage":"sv-SE"},{"@type":"Person","@id":"https:\/\/framtidenskarriar.se\/itdata\/#\/schema\/person\/2a13a849ec7646386c2211f59afe3083","name":"viktorwallen","image":{"@type":"ImageObject","inLanguage":"sv-SE","@id":"https:\/\/secure.gravatar.com\/avatar\/701701bd36169636031933997c8c6b954f2f635bbb7cd4802e4a007f9c9f4e59?s=96&d=mm&r=g","url":"https:\/\/secure.gravatar.com\/avatar\/701701bd36169636031933997c8c6b954f2f635bbb7cd4802e4a007f9c9f4e59?s=96&d=mm&r=g","contentUrl":"https:\/\/secure.gravatar.com\/avatar\/701701bd36169636031933997c8c6b954f2f635bbb7cd4802e4a007f9c9f4e59?s=96&d=mm&r=g","caption":"viktorwallen"},"url":"https:\/\/framtidenskarriar.se\/itdata\/author\/viktorwallen\/"}]}},"_links":{"self":[{"href":"https:\/\/framtidenskarriar.se\/itdata\/wp-json\/wp\/v2\/posts\/8690","targetHints":{"allow":["GET"]}}],"collection":[{"href":"https:\/\/framtidenskarriar.se\/itdata\/wp-json\/wp\/v2\/posts"}],"about":[{"href":"https:\/\/framtidenskarriar.se\/itdata\/wp-json\/wp\/v2\/types\/post"}],"author":[{"embeddable":true,"href":"https:\/\/framtidenskarriar.se\/itdata\/wp-json\/wp\/v2\/users\/2"}],"replies":[{"embeddable":true,"href":"https:\/\/framtidenskarriar.se\/itdata\/wp-json\/wp\/v2\/comments?post=8690"}],"version-history":[{"count":7,"href":"https:\/\/framtidenskarriar.se\/itdata\/wp-json\/wp\/v2\/posts\/8690\/revisions"}],"predecessor-version":[{"id":9033,"href":"https:\/\/framtidenskarriar.se\/itdata\/wp-json\/wp\/v2\/posts\/8690\/revisions\/9033"}],"wp:featuredmedia":[{"embeddable":true,"href":"https:\/\/framtidenskarriar.se\/itdata\/wp-json\/wp\/v2\/media\/8693"}],"wp:attachment":[{"href":"https:\/\/framtidenskarriar.se\/itdata\/wp-json\/wp\/v2\/media?parent=8690"}],"wp:term":[{"taxonomy":"category","embeddable":true,"href":"https:\/\/framtidenskarriar.se\/itdata\/wp-json\/wp\/v2\/categories?post=8690"},{"taxonomy":"post_tag","embeddable":true,"href":"https:\/\/framtidenskarriar.se\/itdata\/wp-json\/wp\/v2\/tags?post=8690"}],"curies":[{"name":"wp","href":"https:\/\/api.w.org\/{rel}","templated":true}]}}