{"id":8705,"date":"2025-02-17T13:56:42","date_gmt":"2025-02-17T13:56:42","guid":{"rendered":"https:\/\/framtidenskarriar.se\/itdata\/?p=8705"},"modified":"2026-01-27T09:03:59","modified_gmt":"2026-01-27T09:03:59","slug":"banar-vag-for-framtidens-kommunikation","status":"publish","type":"post","link":"https:\/\/framtidenskarriar.se\/itdata\/2025\/02\/17\/banar-vag-for-framtidens-kommunikation\/","title":{"rendered":"Banar v\u00e4g f\u00f6r framtidens kommunikation"},"content":{"rendered":"\n<figure class=\"wp-block-image size-full\"><img loading=\"lazy\" decoding=\"async\" width=\"1000\" height=\"562\" src=\"https:\/\/framtidenskarriar.se\/itdata\/wp-content\/uploads\/sites\/13\/2025\/02\/framtid-annadicander2.jpg\" alt=\"Anna Dicander, produktutvecklingschef p\u00e5 Ericsson. Foto: Johan Marklund\" class=\"wp-image-8706\" srcset=\"https:\/\/framtidenskarriar.se\/itdata\/wp-content\/uploads\/sites\/13\/2025\/02\/framtid-annadicander2.jpg 1000w, https:\/\/framtidenskarriar.se\/itdata\/wp-content\/uploads\/sites\/13\/2025\/02\/framtid-annadicander2-300x169.jpg 300w, https:\/\/framtidenskarriar.se\/itdata\/wp-content\/uploads\/sites\/13\/2025\/02\/framtid-annadicander2-768x432.jpg 768w, https:\/\/framtidenskarriar.se\/itdata\/wp-content\/uploads\/sites\/13\/2025\/02\/framtid-annadicander2-285x160.jpg 285w, https:\/\/framtidenskarriar.se\/itdata\/wp-content\/uploads\/sites\/13\/2025\/02\/framtid-annadicander2-80x45.jpg 80w, https:\/\/framtidenskarriar.se\/itdata\/wp-content\/uploads\/sites\/13\/2025\/02\/framtid-annadicander2-720x405.jpg 720w, https:\/\/framtidenskarriar.se\/itdata\/wp-content\/uploads\/sites\/13\/2025\/02\/framtid-annadicander2-960x540.jpg 960w, https:\/\/framtidenskarriar.se\/itdata\/wp-content\/uploads\/sites\/13\/2025\/02\/framtid-annadicander2-526x296.jpg 526w\" sizes=\"auto, (max-width: 1000px) 100vw, 1000px\" \/><figcaption class=\"wp-element-caption\">Anna Dicander, produktutvecklingschef p\u00e5 Ericsson. Foto: Johan Marklund<\/figcaption><\/figure>\n\n\n\n<p><strong>Ericsson \u00e4r en global teknikledare som st\u00e4ndigt driver utvecklingen fram\u00e5t inom telekommunikation. Deras forskning, innovation och produktutveckling m\u00f6jligg\u00f6r snabbare, mer energieffektiva och h\u00e5llbara l\u00f6sningar. Anna Dicander, produktutvecklingschef, ber\u00e4ttar om den tekniska utvecklingen och framtidens utmaningar.<\/strong><\/p>\n\n\n\n<p>Anna Dicander \u00e4r civilingenj\u00f6r fr\u00e5n Chalmers. Hon b\u00f6rjade sin karri\u00e4r p\u00e5 Ericsson redan under sin utbildning och har axlat olika roller inom produktutveckling, b\u00e5de i Sverige och internationellt, bland annat i Kina och USA. Idag leder hon en organisation med fokus p\u00e5 teknisk produktutveckling och innovation.<br>\u2013 Den st\u00f6rsta fronten inom v\u00e5r produktutveckling \u00e4r fokuserad p\u00e5 h\u00e5rdvara f\u00f6r att bygga mobiln\u00e4t. H\u00e5rdvaruutvecklingen t\u00e4cker alla discipliner inom omr\u00e5det, inklusive de mjukvarul\u00f6sningar som beh\u00f6vs f\u00f6r att maximera prestanda, s\u00e4ger Anna.<\/p>\n\n\n\n<p><strong>5G \u2013 en teknisk revolution<\/strong><br>Under de senaste \u00e5ren har Ericsson lagt stor kraft p\u00e5 att utveckla och f\u00f6rb\u00e4ttra 5G-tekniken. F\u00f6retaget har etablerat en ledande position globalt och driver idag mer \u00e4n 180 5G-n\u00e4tverk i n\u00e4ra 80 l\u00e4nder, mer \u00e4n 40 av dessa \u00e4r frist\u00e5ende 5G-n\u00e4tverk.<br>\u2013 N\u00e4r 5G kom f\u00f6r\u00e4ndrades allt. Tidigare byggde vi radioprodukter p\u00e5 ett och samma s\u00e4tt, men med 5G tillkom flera nya segment. De f\u00f6rsta massiva MIMO-produkterna vi lanserade 2018 v\u00e4gde 65 kilo vilket s\u00e5klart var en stor utmaning f\u00f6r b\u00e5de installation och hantering. Genom innovativ utveckling har vi lyckats integrera mer funktionalitet, inf\u00f6ra komponenter med h\u00f6gre verkningsgrad, smarta byggs\u00e4tt och kyll\u00f6sningar. Idag sl\u00e4pper vi produkter som har dubbel kapacitet, drar h\u00e4lften s\u00e5 mycket str\u00f6m och v\u00e4ger endast 12 kilo, ber\u00e4ttar hon.<br>Med mindre, l\u00e4ttare och kraftfullare produkter effektiviseras utbyggnaden av n\u00e4tverk i b\u00e5de t\u00e4tbefolkade och avl\u00e4gsna omr\u00e5den. D\u00e4rtill inneb\u00e4r utvecklingen betydande energibesparingar och l\u00e4gre driftskostnader.<\/p>\n\n\n\n<blockquote class=\"wp-block-quote is-layout-flow wp-block-quote-is-layout-flow\">\n<p>&#8221;Kommande generationer av mobiln\u00e4t kommer att kr\u00e4va snabbare h\u00e5rdvara, mer avancerade data\u00f6verf\u00f6ringar och b\u00e4ttre integration.&#8221;<\/p>\n<\/blockquote>\n\n\n\n<p><strong>\u00d6kad prestanda och effektivitet<\/strong><br>Den tekniska utvecklingen sker inom flera nyckelomr\u00e5den och Ericsson har fortsatt fokus p\u00e5 att f\u00f6rb\u00e4ttra prestanda och energieffektivitet i sina produkter. En central del \u00e4r deras avancerade Ericsson Silicon-utveckling, som m\u00f6jligg\u00f6r f\u00f6r f\u00f6retaget att hantera allt st\u00f6rre datam\u00e4ngder och \u00f6ka kapaciteten i mobiln\u00e4ten samtidigt som energif\u00f6rbrukningen minskas.<br>Molnbaserad RAN \u00e4r en annan banbrytande innovation som Ericsson utvecklar f\u00f6r att m\u00f6jligg\u00f6ra mer flexibla n\u00e4tverk. Genom att virtualisera vissa delar av n\u00e4tverksinfrastrukturen kan f\u00f6retag och operat\u00f6rer skala upp sina system mer dynamiskt och effektivt. Detta \u00f6ppnar \u00e4ven upp f\u00f6r snabbare implementering av nya tj\u00e4nster och optimerad n\u00e4tverksprestanda.<br>Slutligen \u00e4r h\u00e5llbarhet och energieffektivitet en stark drivkraft f\u00f6r framtidens teknikutveckling. Ericsson arbetar intensivt med att utveckla metoder f\u00f6r att minska str\u00f6mf\u00f6rbrukningen och optimera driften av mobiln\u00e4t. Genom att anv\u00e4nda smarta algoritmer och AI kan energianv\u00e4ndningen anpassas \u00f6ver dygnets timmar och vid olika belastningar, vilket bidrar till en mer h\u00e5llbar infrastruktur och minskad klimatp\u00e5verkan.<br>\u2013 H\u00e5llbarhet har inte alltid varit lika centralt inom v\u00e5rt segment, men Ericsson har sedan n\u00e5gra \u00e5r tillbaka en tydlig ambition att n\u00e5 nettonollutsl\u00e4pp innan 2050, d\u00e4r \u00e4ven en minskad elf\u00f6rbrukning i n\u00e4ten \u00e4r en prioritet, f\u00f6r Ericsson liksom f\u00f6r v\u00e5ra kunder. Vi arbetar \u00e4ven n\u00e4ra v\u00e5ra leverant\u00f6rer f\u00f6r att minska m\u00e4ngden koldioxid under tillverkningsprocessen, s\u00e4ger Anna Dicander.<\/p>\n\n\n\n<p><strong>Generativ AI en m\u00f6jligg\u00f6rare<\/strong><br>Den fr\u00e4msta drivkraften f\u00f6r utvecklingen \u00e4r marknadens behov och kundernas krav, menar Anna.<br>\u2013 Vi \u00e4r halvv\u00e4gs in i 5G-eran och blickar redan mot 6G. Kommande generationer av mobiln\u00e4t kommer att kr\u00e4va snabbare h\u00e5rdvara, mer avancerade data\u00f6verf\u00f6ringar och b\u00e4ttre integration.<br>Teknikerna \u00e4r ocks\u00e5 en m\u00f6jligg\u00f6rare f\u00f6r effektivare processer p\u00e5 utvecklarsidan, som i Annas egna organisation.<br>\u2013 Under f\u00f6rra \u00e5ret b\u00f6rjade vi rulla ut AI-l\u00f6sningar som kan effektivisera v\u00e5rt utvecklingsarbete. Tekniken kommer att hj\u00e4lpa oss att f\u00f6rb\u00e4ttra v\u00e5ra processer och ger m\u00f6jligheter f\u00f6r oss att hj\u00e4lpa v\u00e5ra utvecklare att fokusera p\u00e5 det som de \u00e4r b\u00e4st p\u00e5.<\/p>\n","protected":false},"excerpt":{"rendered":"<p>Ericsson \u00e4r en global teknikledare som st\u00e4ndigt driver utvecklingen fram\u00e5t inom telekommunikation. Deras forskning, innovation och produktutveckling m\u00f6jligg\u00f6r snabbare, mer energieffektiva och h\u00e5llbara l\u00f6sningar.<\/p>\n","protected":false},"author":3,"featured_media":8706,"comment_status":"closed","ping_status":"closed","sticky":false,"template":"","format":"standard","meta":{"_acf_changed":false,"_monsterinsights_skip_tracking":false,"_monsterinsights_sitenote_active":false,"_monsterinsights_sitenote_note":"","_monsterinsights_sitenote_category":0,"footnotes":""},"categories":[1],"tags":[72,247],"class_list":["post-8705","post","type-post","status-publish","format-standard","has-post-thumbnail","hentry","category-artikel","tag-ericsson","tag-teknikutveckling"],"acf":[],"yoast_head":"<!-- This site is optimized with the Yoast SEO plugin v27.3 - https:\/\/yoast.com\/product\/yoast-seo-wordpress\/ -->\n<title>Banar v\u00e4g f\u00f6r framtidens kommunikation - Framtidens karri\u00e4r IT &amp; Data<\/title>\n<meta name=\"robots\" content=\"index, follow, max-snippet:-1, max-image-preview:large, max-video-preview:-1\" \/>\n<link rel=\"canonical\" href=\"https:\/\/framtidenskarriar.se\/itdata\/2025\/02\/17\/banar-vag-for-framtidens-kommunikation\/\" \/>\n<meta property=\"og:locale\" content=\"sv_SE\" \/>\n<meta property=\"og:type\" content=\"article\" \/>\n<meta property=\"og:title\" content=\"Banar v\u00e4g f\u00f6r framtidens kommunikation - Framtidens karri\u00e4r IT &amp; Data\" \/>\n<meta property=\"og:description\" content=\"Ericsson \u00e4r en global teknikledare som st\u00e4ndigt driver utvecklingen fram\u00e5t inom telekommunikation. Deras forskning, innovation och produktutveckling m\u00f6jligg\u00f6r snabbare, mer energieffektiva och h\u00e5llbara l\u00f6sningar.\" \/>\n<meta property=\"og:url\" content=\"https:\/\/framtidenskarriar.se\/itdata\/2025\/02\/17\/banar-vag-for-framtidens-kommunikation\/\" \/>\n<meta property=\"og:site_name\" content=\"Framtidens karri\u00e4r IT &amp; Data\" \/>\n<meta property=\"article:published_time\" content=\"2025-02-17T13:56:42+00:00\" \/>\n<meta property=\"article:modified_time\" content=\"2026-01-27T09:03:59+00:00\" \/>\n<meta property=\"og:image\" content=\"https:\/\/framtidenskarriar.se\/itdata\/wp-content\/uploads\/sites\/13\/2025\/02\/framtid-annadicander2.jpg\" \/>\n\t<meta property=\"og:image:width\" content=\"1000\" \/>\n\t<meta property=\"og:image:height\" content=\"562\" \/>\n\t<meta property=\"og:image:type\" content=\"image\/jpeg\" \/>\n<meta name=\"author\" content=\"stellanstal\" \/>\n<meta name=\"twitter:card\" content=\"summary_large_image\" \/>\n<meta name=\"twitter:label1\" content=\"Skriven av\" \/>\n\t<meta name=\"twitter:data1\" content=\"stellanstal\" \/>\n\t<meta name=\"twitter:label2\" content=\"Ber\u00e4knad l\u00e4stid\" \/>\n\t<meta name=\"twitter:data2\" content=\"4 minuter\" \/>\n<script type=\"application\/ld+json\" class=\"yoast-schema-graph\">{\"@context\":\"https:\\\/\\\/schema.org\",\"@graph\":[{\"@type\":\"Article\",\"@id\":\"https:\\\/\\\/framtidenskarriar.se\\\/itdata\\\/2025\\\/02\\\/17\\\/banar-vag-for-framtidens-kommunikation\\\/#article\",\"isPartOf\":{\"@id\":\"https:\\\/\\\/framtidenskarriar.se\\\/itdata\\\/2025\\\/02\\\/17\\\/banar-vag-for-framtidens-kommunikation\\\/\"},\"author\":{\"name\":\"stellanstal\",\"@id\":\"https:\\\/\\\/framtidenskarriar.se\\\/itdata\\\/#\\\/schema\\\/person\\\/c8a43eb855191e573b73ecf8987a3b99\"},\"headline\":\"Banar v\u00e4g f\u00f6r framtidens kommunikation\",\"datePublished\":\"2025-02-17T13:56:42+00:00\",\"dateModified\":\"2026-01-27T09:03:59+00:00\",\"mainEntityOfPage\":{\"@id\":\"https:\\\/\\\/framtidenskarriar.se\\\/itdata\\\/2025\\\/02\\\/17\\\/banar-vag-for-framtidens-kommunikation\\\/\"},\"wordCount\":731,\"image\":{\"@id\":\"https:\\\/\\\/framtidenskarriar.se\\\/itdata\\\/2025\\\/02\\\/17\\\/banar-vag-for-framtidens-kommunikation\\\/#primaryimage\"},\"thumbnailUrl\":\"https:\\\/\\\/framtidenskarriar.se\\\/itdata\\\/wp-content\\\/uploads\\\/sites\\\/13\\\/2025\\\/02\\\/framtid-annadicander2.jpg\",\"keywords\":[\"Ericsson\",\"Teknikutveckling\"],\"articleSection\":[\"Artikel\"],\"inLanguage\":\"sv-SE\"},{\"@type\":\"WebPage\",\"@id\":\"https:\\\/\\\/framtidenskarriar.se\\\/itdata\\\/2025\\\/02\\\/17\\\/banar-vag-for-framtidens-kommunikation\\\/\",\"url\":\"https:\\\/\\\/framtidenskarriar.se\\\/itdata\\\/2025\\\/02\\\/17\\\/banar-vag-for-framtidens-kommunikation\\\/\",\"name\":\"Banar v\u00e4g f\u00f6r framtidens kommunikation - Framtidens karri\u00e4r IT & Data\",\"isPartOf\":{\"@id\":\"https:\\\/\\\/framtidenskarriar.se\\\/itdata\\\/#website\"},\"primaryImageOfPage\":{\"@id\":\"https:\\\/\\\/framtidenskarriar.se\\\/itdata\\\/2025\\\/02\\\/17\\\/banar-vag-for-framtidens-kommunikation\\\/#primaryimage\"},\"image\":{\"@id\":\"https:\\\/\\\/framtidenskarriar.se\\\/itdata\\\/2025\\\/02\\\/17\\\/banar-vag-for-framtidens-kommunikation\\\/#primaryimage\"},\"thumbnailUrl\":\"https:\\\/\\\/framtidenskarriar.se\\\/itdata\\\/wp-content\\\/uploads\\\/sites\\\/13\\\/2025\\\/02\\\/framtid-annadicander2.jpg\",\"datePublished\":\"2025-02-17T13:56:42+00:00\",\"dateModified\":\"2026-01-27T09:03:59+00:00\",\"author\":{\"@id\":\"https:\\\/\\\/framtidenskarriar.se\\\/itdata\\\/#\\\/schema\\\/person\\\/c8a43eb855191e573b73ecf8987a3b99\"},\"breadcrumb\":{\"@id\":\"https:\\\/\\\/framtidenskarriar.se\\\/itdata\\\/2025\\\/02\\\/17\\\/banar-vag-for-framtidens-kommunikation\\\/#breadcrumb\"},\"inLanguage\":\"sv-SE\",\"potentialAction\":[{\"@type\":\"ReadAction\",\"target\":[\"https:\\\/\\\/framtidenskarriar.se\\\/itdata\\\/2025\\\/02\\\/17\\\/banar-vag-for-framtidens-kommunikation\\\/\"]}]},{\"@type\":\"ImageObject\",\"inLanguage\":\"sv-SE\",\"@id\":\"https:\\\/\\\/framtidenskarriar.se\\\/itdata\\\/2025\\\/02\\\/17\\\/banar-vag-for-framtidens-kommunikation\\\/#primaryimage\",\"url\":\"https:\\\/\\\/framtidenskarriar.se\\\/itdata\\\/wp-content\\\/uploads\\\/sites\\\/13\\\/2025\\\/02\\\/framtid-annadicander2.jpg\",\"contentUrl\":\"https:\\\/\\\/framtidenskarriar.se\\\/itdata\\\/wp-content\\\/uploads\\\/sites\\\/13\\\/2025\\\/02\\\/framtid-annadicander2.jpg\",\"width\":1000,\"height\":562,\"caption\":\"Anna Dicander, produktutvecklingschef p\u00e5 Ericsson. Foto: Johan Marklund\"},{\"@type\":\"BreadcrumbList\",\"@id\":\"https:\\\/\\\/framtidenskarriar.se\\\/itdata\\\/2025\\\/02\\\/17\\\/banar-vag-for-framtidens-kommunikation\\\/#breadcrumb\",\"itemListElement\":[{\"@type\":\"ListItem\",\"position\":1,\"name\":\"Home\",\"item\":\"https:\\\/\\\/framtidenskarriar.se\\\/itdata\\\/\"},{\"@type\":\"ListItem\",\"position\":2,\"name\":\"Banar v\u00e4g f\u00f6r framtidens kommunikation\"}]},{\"@type\":\"WebSite\",\"@id\":\"https:\\\/\\\/framtidenskarriar.se\\\/itdata\\\/#website\",\"url\":\"https:\\\/\\\/framtidenskarriar.se\\\/itdata\\\/\",\"name\":\"Framtidens karri\u00e4r IT & Data\",\"description\":\"Just another NMDashboard.se Sites site\",\"potentialAction\":[{\"@type\":\"SearchAction\",\"target\":{\"@type\":\"EntryPoint\",\"urlTemplate\":\"https:\\\/\\\/framtidenskarriar.se\\\/itdata\\\/?s={search_term_string}\"},\"query-input\":{\"@type\":\"PropertyValueSpecification\",\"valueRequired\":true,\"valueName\":\"search_term_string\"}}],\"inLanguage\":\"sv-SE\"},{\"@type\":\"Person\",\"@id\":\"https:\\\/\\\/framtidenskarriar.se\\\/itdata\\\/#\\\/schema\\\/person\\\/c8a43eb855191e573b73ecf8987a3b99\",\"name\":\"stellanstal\",\"image\":{\"@type\":\"ImageObject\",\"inLanguage\":\"sv-SE\",\"@id\":\"https:\\\/\\\/secure.gravatar.com\\\/avatar\\\/cd330fa6bb17f598124b2068ee0b189e4fe0987a50af9d53b78410836060d0c9?s=96&d=mm&r=g\",\"url\":\"https:\\\/\\\/secure.gravatar.com\\\/avatar\\\/cd330fa6bb17f598124b2068ee0b189e4fe0987a50af9d53b78410836060d0c9?s=96&d=mm&r=g\",\"contentUrl\":\"https:\\\/\\\/secure.gravatar.com\\\/avatar\\\/cd330fa6bb17f598124b2068ee0b189e4fe0987a50af9d53b78410836060d0c9?s=96&d=mm&r=g\",\"caption\":\"stellanstal\"},\"url\":\"https:\\\/\\\/framtidenskarriar.se\\\/itdata\\\/author\\\/stellanstal\\\/\"}]}<\/script>\n<!-- \/ Yoast SEO plugin. -->","yoast_head_json":{"title":"Banar v\u00e4g f\u00f6r framtidens kommunikation - Framtidens karri\u00e4r IT & Data","robots":{"index":"index","follow":"follow","max-snippet":"max-snippet:-1","max-image-preview":"max-image-preview:large","max-video-preview":"max-video-preview:-1"},"canonical":"https:\/\/framtidenskarriar.se\/itdata\/2025\/02\/17\/banar-vag-for-framtidens-kommunikation\/","og_locale":"sv_SE","og_type":"article","og_title":"Banar v\u00e4g f\u00f6r framtidens kommunikation - Framtidens karri\u00e4r IT & Data","og_description":"Ericsson \u00e4r en global teknikledare som st\u00e4ndigt driver utvecklingen fram\u00e5t inom telekommunikation. Deras forskning, innovation och produktutveckling m\u00f6jligg\u00f6r snabbare, mer energieffektiva och h\u00e5llbara l\u00f6sningar.","og_url":"https:\/\/framtidenskarriar.se\/itdata\/2025\/02\/17\/banar-vag-for-framtidens-kommunikation\/","og_site_name":"Framtidens karri\u00e4r IT & Data","article_published_time":"2025-02-17T13:56:42+00:00","article_modified_time":"2026-01-27T09:03:59+00:00","og_image":[{"width":1000,"height":562,"url":"https:\/\/framtidenskarriar.se\/itdata\/wp-content\/uploads\/sites\/13\/2025\/02\/framtid-annadicander2.jpg","type":"image\/jpeg"}],"author":"stellanstal","twitter_card":"summary_large_image","twitter_misc":{"Skriven av":"stellanstal","Ber\u00e4knad l\u00e4stid":"4 minuter"},"schema":{"@context":"https:\/\/schema.org","@graph":[{"@type":"Article","@id":"https:\/\/framtidenskarriar.se\/itdata\/2025\/02\/17\/banar-vag-for-framtidens-kommunikation\/#article","isPartOf":{"@id":"https:\/\/framtidenskarriar.se\/itdata\/2025\/02\/17\/banar-vag-for-framtidens-kommunikation\/"},"author":{"name":"stellanstal","@id":"https:\/\/framtidenskarriar.se\/itdata\/#\/schema\/person\/c8a43eb855191e573b73ecf8987a3b99"},"headline":"Banar v\u00e4g f\u00f6r framtidens kommunikation","datePublished":"2025-02-17T13:56:42+00:00","dateModified":"2026-01-27T09:03:59+00:00","mainEntityOfPage":{"@id":"https:\/\/framtidenskarriar.se\/itdata\/2025\/02\/17\/banar-vag-for-framtidens-kommunikation\/"},"wordCount":731,"image":{"@id":"https:\/\/framtidenskarriar.se\/itdata\/2025\/02\/17\/banar-vag-for-framtidens-kommunikation\/#primaryimage"},"thumbnailUrl":"https:\/\/framtidenskarriar.se\/itdata\/wp-content\/uploads\/sites\/13\/2025\/02\/framtid-annadicander2.jpg","keywords":["Ericsson","Teknikutveckling"],"articleSection":["Artikel"],"inLanguage":"sv-SE"},{"@type":"WebPage","@id":"https:\/\/framtidenskarriar.se\/itdata\/2025\/02\/17\/banar-vag-for-framtidens-kommunikation\/","url":"https:\/\/framtidenskarriar.se\/itdata\/2025\/02\/17\/banar-vag-for-framtidens-kommunikation\/","name":"Banar v\u00e4g f\u00f6r framtidens kommunikation - Framtidens karri\u00e4r IT & Data","isPartOf":{"@id":"https:\/\/framtidenskarriar.se\/itdata\/#website"},"primaryImageOfPage":{"@id":"https:\/\/framtidenskarriar.se\/itdata\/2025\/02\/17\/banar-vag-for-framtidens-kommunikation\/#primaryimage"},"image":{"@id":"https:\/\/framtidenskarriar.se\/itdata\/2025\/02\/17\/banar-vag-for-framtidens-kommunikation\/#primaryimage"},"thumbnailUrl":"https:\/\/framtidenskarriar.se\/itdata\/wp-content\/uploads\/sites\/13\/2025\/02\/framtid-annadicander2.jpg","datePublished":"2025-02-17T13:56:42+00:00","dateModified":"2026-01-27T09:03:59+00:00","author":{"@id":"https:\/\/framtidenskarriar.se\/itdata\/#\/schema\/person\/c8a43eb855191e573b73ecf8987a3b99"},"breadcrumb":{"@id":"https:\/\/framtidenskarriar.se\/itdata\/2025\/02\/17\/banar-vag-for-framtidens-kommunikation\/#breadcrumb"},"inLanguage":"sv-SE","potentialAction":[{"@type":"ReadAction","target":["https:\/\/framtidenskarriar.se\/itdata\/2025\/02\/17\/banar-vag-for-framtidens-kommunikation\/"]}]},{"@type":"ImageObject","inLanguage":"sv-SE","@id":"https:\/\/framtidenskarriar.se\/itdata\/2025\/02\/17\/banar-vag-for-framtidens-kommunikation\/#primaryimage","url":"https:\/\/framtidenskarriar.se\/itdata\/wp-content\/uploads\/sites\/13\/2025\/02\/framtid-annadicander2.jpg","contentUrl":"https:\/\/framtidenskarriar.se\/itdata\/wp-content\/uploads\/sites\/13\/2025\/02\/framtid-annadicander2.jpg","width":1000,"height":562,"caption":"Anna Dicander, produktutvecklingschef p\u00e5 Ericsson. Foto: Johan Marklund"},{"@type":"BreadcrumbList","@id":"https:\/\/framtidenskarriar.se\/itdata\/2025\/02\/17\/banar-vag-for-framtidens-kommunikation\/#breadcrumb","itemListElement":[{"@type":"ListItem","position":1,"name":"Home","item":"https:\/\/framtidenskarriar.se\/itdata\/"},{"@type":"ListItem","position":2,"name":"Banar v\u00e4g f\u00f6r framtidens kommunikation"}]},{"@type":"WebSite","@id":"https:\/\/framtidenskarriar.se\/itdata\/#website","url":"https:\/\/framtidenskarriar.se\/itdata\/","name":"Framtidens karri\u00e4r IT & Data","description":"Just another NMDashboard.se Sites site","potentialAction":[{"@type":"SearchAction","target":{"@type":"EntryPoint","urlTemplate":"https:\/\/framtidenskarriar.se\/itdata\/?s={search_term_string}"},"query-input":{"@type":"PropertyValueSpecification","valueRequired":true,"valueName":"search_term_string"}}],"inLanguage":"sv-SE"},{"@type":"Person","@id":"https:\/\/framtidenskarriar.se\/itdata\/#\/schema\/person\/c8a43eb855191e573b73ecf8987a3b99","name":"stellanstal","image":{"@type":"ImageObject","inLanguage":"sv-SE","@id":"https:\/\/secure.gravatar.com\/avatar\/cd330fa6bb17f598124b2068ee0b189e4fe0987a50af9d53b78410836060d0c9?s=96&d=mm&r=g","url":"https:\/\/secure.gravatar.com\/avatar\/cd330fa6bb17f598124b2068ee0b189e4fe0987a50af9d53b78410836060d0c9?s=96&d=mm&r=g","contentUrl":"https:\/\/secure.gravatar.com\/avatar\/cd330fa6bb17f598124b2068ee0b189e4fe0987a50af9d53b78410836060d0c9?s=96&d=mm&r=g","caption":"stellanstal"},"url":"https:\/\/framtidenskarriar.se\/itdata\/author\/stellanstal\/"}]}},"_links":{"self":[{"href":"https:\/\/framtidenskarriar.se\/itdata\/wp-json\/wp\/v2\/posts\/8705","targetHints":{"allow":["GET"]}}],"collection":[{"href":"https:\/\/framtidenskarriar.se\/itdata\/wp-json\/wp\/v2\/posts"}],"about":[{"href":"https:\/\/framtidenskarriar.se\/itdata\/wp-json\/wp\/v2\/types\/post"}],"author":[{"embeddable":true,"href":"https:\/\/framtidenskarriar.se\/itdata\/wp-json\/wp\/v2\/users\/3"}],"replies":[{"embeddable":true,"href":"https:\/\/framtidenskarriar.se\/itdata\/wp-json\/wp\/v2\/comments?post=8705"}],"version-history":[{"count":2,"href":"https:\/\/framtidenskarriar.se\/itdata\/wp-json\/wp\/v2\/posts\/8705\/revisions"}],"predecessor-version":[{"id":8822,"href":"https:\/\/framtidenskarriar.se\/itdata\/wp-json\/wp\/v2\/posts\/8705\/revisions\/8822"}],"wp:featuredmedia":[{"embeddable":true,"href":"https:\/\/framtidenskarriar.se\/itdata\/wp-json\/wp\/v2\/media\/8706"}],"wp:attachment":[{"href":"https:\/\/framtidenskarriar.se\/itdata\/wp-json\/wp\/v2\/media?parent=8705"}],"wp:term":[{"taxonomy":"category","embeddable":true,"href":"https:\/\/framtidenskarriar.se\/itdata\/wp-json\/wp\/v2\/categories?post=8705"},{"taxonomy":"post_tag","embeddable":true,"href":"https:\/\/framtidenskarriar.se\/itdata\/wp-json\/wp\/v2\/tags?post=8705"}],"curies":[{"name":"wp","href":"https:\/\/api.w.org\/{rel}","templated":true}]}}